{"id":2777,"date":"2011-03-14T12:44:44","date_gmt":"2011-03-14T11:44:44","guid":{"rendered":"http:\/\/www.incipe.org\/?p=2777"},"modified":"2011-03-14T12:44:44","modified_gmt":"2011-03-14T11:44:44","slug":"revueltas-sociales-en-el-mundo-arabe-y-sus-implicaciones-en-el-magreb","status":"publish","type":"post","link":"https:\/\/fundacionincipe.com\/index.php\/2011\/03\/14\/revueltas-sociales-en-el-mundo-arabe-y-sus-implicaciones-en-el-magreb\/","title":{"rendered":"Revueltas Sociales en el Mundo \u00c1rabe y Sus Implicaciones en el Magreb"},"content":{"rendered":"<p><!--:en--><a href=\"http:\/\/www.incipe.org\/wp-content\/uploads\/2014\/10\/14-de-marzo-de-2011.-Revueltas-sociales-en-el-mundo-\u00e1rabe-y-sus-implicaciones.pdf\" title=\"revueltas mundo \u00e1rabe\">Descargue la versi\u00f3n completa de esta publicaci\u00f3n, disponible en PDF<\/a><\/p>\n<p><a href=\"http:\/\/www.incipe.org\/wp-content\/uploads\/2014\/08\/PDF-e1409079338280.png\"><img decoding=\"async\" class=\"alignleft size-full wp-image-2079\" alt=\"PDF\" src=\"http:\/\/www.incipe.org\/wp-content\/uploads\/2014\/08\/PDF-e1409079338280.png\" width=\"51\" height=\"51\" \/><\/a><!--:--><!--:es--><a href=\"http:\/\/www.incipe.org\/wp-content\/uploads\/2014\/10\/14-de-marzo-de-2011.-Revueltas-sociales-en-el-mundo-\u00e1rabe-y-sus-implicaciones.pdf\" title=\"revueltas mundo \u00e1rabe\">Descargue la versi\u00f3n completa de esta publicaci\u00f3n, disponible en PDF<\/a><\/p>\n<p><a href=\"http:\/\/www.incipe.org\/wp-content\/uploads\/2014\/08\/PDF-e1409079338280.png\"><img decoding=\"async\" class=\"alignleft size-full wp-image-2079\" alt=\"PDF\" src=\"http:\/\/www.incipe.org\/wp-content\/uploads\/2014\/08\/PDF-e1409079338280.png\" width=\"51\" height=\"51\" \/><\/a><!--:--><\/p>\n","protected":false},"excerpt":{"rendered":"<p>Descargue la versi\u00f3n completa de esta publicaci\u00f3n, disponible en PDF Descargue la versi\u00f3n completa de esta publicaci\u00f3n, disponible en PDF<\/p>\n","protected":false},"author":3,"featured_media":2778,"comment_status":"closed","ping_status":"closed","sticky":false,"template":"","format":"standard","meta":{"_acf_changed":false,"footnotes":""},"categories":[27],"tags":[],"class_list":["post-2777","post","type-post","status-publish","format-standard","has-post-thumbnail","hentry","category-desayunos-de-trabajo"],"acf":[],"_links":{"self":[{"href":"https:\/\/fundacionincipe.com\/index.php\/wp-json\/wp\/v2\/posts\/2777","targetHints":{"allow":["GET"]}}],"collection":[{"href":"https:\/\/fundacionincipe.com\/index.php\/wp-json\/wp\/v2\/posts"}],"about":[{"href":"https:\/\/fundacionincipe.com\/index.php\/wp-json\/wp\/v2\/types\/post"}],"author":[{"embeddable":true,"href":"https:\/\/fundacionincipe.com\/index.php\/wp-json\/wp\/v2\/users\/3"}],"replies":[{"embeddable":true,"href":"https:\/\/fundacionincipe.com\/index.php\/wp-json\/wp\/v2\/comments?post=2777"}],"version-history":[{"count":0,"href":"https:\/\/fundacionincipe.com\/index.php\/wp-json\/wp\/v2\/posts\/2777\/revisions"}],"wp:featuredmedia":[{"embeddable":true,"href":"https:\/\/fundacionincipe.com\/index.php\/wp-json\/"}],"wp:attachment":[{"href":"https:\/\/fundacionincipe.com\/index.php\/wp-json\/wp\/v2\/media?parent=2777"}],"wp:term":[{"taxonomy":"category","embeddable":true,"href":"https:\/\/fundacionincipe.com\/index.php\/wp-json\/wp\/v2\/categories?post=2777"},{"taxonomy":"post_tag","embeddable":true,"href":"https:\/\/fundacionincipe.com\/index.php\/wp-json\/wp\/v2\/tags?post=2777"}],"curies":[{"name":"wp","href":"https:\/\/api.w.org\/{rel}","templated":true}]}}