{"id":2748,"date":"2010-03-05T12:20:30","date_gmt":"2010-03-05T11:20:30","guid":{"rendered":"http:\/\/www.incipe.org\/?p=2748"},"modified":"2010-03-05T12:20:30","modified_gmt":"2010-03-05T11:20:30","slug":"trata-de-mujeres-vision-operativa-de-la-brigada-de-inmigracion","status":"publish","type":"post","link":"https:\/\/fundacionincipe.com\/index.php\/2010\/03\/05\/trata-de-mujeres-vision-operativa-de-la-brigada-de-inmigracion\/","title":{"rendered":"Trata de mujeres: visi\u00f3n operativa de la Brigada de Inmigraci\u00f3n"},"content":{"rendered":"<p><!--:en--><a href=\"http:\/\/www.incipe.org\/wp-content\/uploads\/2014\/10\/5-de-marzo-de-2010.-Trata-de-mujeres.pdf\" title=\"trata mujeres\">Descargue la versi\u00f3n completa de esta publicaci\u00f3n, disponible en PDF<\/a><\/p>\n<p><a href=\"http:\/\/www.incipe.org\/wp-content\/uploads\/2014\/08\/PDF-e1409079338280.png\"><img decoding=\"async\" class=\"alignleft size-full wp-image-2079\" alt=\"PDF\" src=\"http:\/\/www.incipe.org\/wp-content\/uploads\/2014\/08\/PDF-e1409079338280.png\" width=\"51\" height=\"51\" \/><\/a><!--:--><!--:es--><a href=\"http:\/\/www.incipe.org\/wp-content\/uploads\/2014\/10\/5-de-marzo-de-2010.-Trata-de-mujeres.pdf\" title=\"trata mujeres\">Descargue la versi\u00f3n completa de esta publicaci\u00f3n, disponible en PDF<\/a><\/p>\n<p><a href=\"http:\/\/www.incipe.org\/wp-content\/uploads\/2014\/08\/PDF-e1409079338280.png\"><img decoding=\"async\" class=\"alignleft size-full wp-image-2079\" alt=\"PDF\" src=\"http:\/\/www.incipe.org\/wp-content\/uploads\/2014\/08\/PDF-e1409079338280.png\" width=\"51\" height=\"51\" \/><\/a><!--:--><\/p>\n","protected":false},"excerpt":{"rendered":"<p>Descargue la versi\u00f3n completa de esta publicaci\u00f3n, disponible en PDF Descargue la versi\u00f3n completa de esta publicaci\u00f3n, disponible en PDF<\/p>\n","protected":false},"author":3,"featured_media":2749,"comment_status":"closed","ping_status":"closed","sticky":false,"template":"","format":"standard","meta":{"_acf_changed":false,"footnotes":""},"categories":[27],"tags":[],"class_list":["post-2748","post","type-post","status-publish","format-standard","has-post-thumbnail","hentry","category-desayunos-de-trabajo"],"acf":[],"_links":{"self":[{"href":"https:\/\/fundacionincipe.com\/index.php\/wp-json\/wp\/v2\/posts\/2748","targetHints":{"allow":["GET"]}}],"collection":[{"href":"https:\/\/fundacionincipe.com\/index.php\/wp-json\/wp\/v2\/posts"}],"about":[{"href":"https:\/\/fundacionincipe.com\/index.php\/wp-json\/wp\/v2\/types\/post"}],"author":[{"embeddable":true,"href":"https:\/\/fundacionincipe.com\/index.php\/wp-json\/wp\/v2\/users\/3"}],"replies":[{"embeddable":true,"href":"https:\/\/fundacionincipe.com\/index.php\/wp-json\/wp\/v2\/comments?post=2748"}],"version-history":[{"count":0,"href":"https:\/\/fundacionincipe.com\/index.php\/wp-json\/wp\/v2\/posts\/2748\/revisions"}],"wp:featuredmedia":[{"embeddable":true,"href":"https:\/\/fundacionincipe.com\/index.php\/wp-json\/"}],"wp:attachment":[{"href":"https:\/\/fundacionincipe.com\/index.php\/wp-json\/wp\/v2\/media?parent=2748"}],"wp:term":[{"taxonomy":"category","embeddable":true,"href":"https:\/\/fundacionincipe.com\/index.php\/wp-json\/wp\/v2\/categories?post=2748"},{"taxonomy":"post_tag","embeddable":true,"href":"https:\/\/fundacionincipe.com\/index.php\/wp-json\/wp\/v2\/tags?post=2748"}],"curies":[{"name":"wp","href":"https:\/\/api.w.org\/{rel}","templated":true}]}}