{"id":2702,"date":"2009-02-05T14:29:42","date_gmt":"2009-02-05T13:29:42","guid":{"rendered":"http:\/\/www.incipe.org\/?p=2702"},"modified":"2009-02-05T14:29:42","modified_gmt":"2009-02-05T13:29:42","slug":"the-future-of-afghanistan-a-comprehensive-solution","status":"publish","type":"post","link":"https:\/\/fundacionincipe.com\/index.php\/2009\/02\/05\/the-future-of-afghanistan-a-comprehensive-solution\/","title":{"rendered":"The future of Afghanistan: a comprehensive solution"},"content":{"rendered":"<p><!--:en-->El Sr. Carp remarc\u00f3 que Afganist\u00e1n es la m\u00e1xima prioridad para la OTAN, siendo la pregunta, no cuantos efectivos hay en este pa\u00eds, si no como de efectivos son estos. Subray\u00f3 tambi\u00e9n la importancia de hacer ver a la poblaci\u00f3n civil afgana, que se est\u00e1 produciendo un cambio en positivo, para que de esta manera se impliquen en el proyecto y no vean las tropas de la OTAN como una fuerza invasora, si no como un elemento pacificador.<\/p>\n<p>M\u00e1s informaci\u00f3n en la p\u00e1gina: http:\/\/www.nato.int\/docu\/review\/2006\/issue1\/spanish\/art2.html<\/p>\n<p><a href=\"http:\/\/www.incipe.org\/wp-content\/uploads\/2014\/10\/5-de-febrero-de-2009.-The-future-of-Afghanistan.pdf\" title=\"Afg\">Descargue la versi\u00f3n completa de esta publicaci\u00f3n, disponible en PDF<\/a><\/p>\n<p><a href=\"http:\/\/www.incipe.org\/wp-content\/uploads\/2014\/08\/PDF-e1409079338280.png\"><img decoding=\"async\" class=\"alignleft size-full wp-image-2079\" alt=\"PDF\" src=\"http:\/\/www.incipe.org\/wp-content\/uploads\/2014\/08\/PDF-e1409079338280.png\" width=\"51\" height=\"51\" \/><\/a><!--:--><!--:es-->El Sr. Carp remarc\u00f3 que Afganist\u00e1n es la m\u00e1xima prioridad para la OTAN, siendo la pregunta, no cuantos efectivos hay en este pa\u00eds, si no como de efectivos son estos. Subray\u00f3 tambi\u00e9n la importancia de hacer ver a la poblaci\u00f3n civil afgana, que se est\u00e1 produciendo un cambio en positivo, para que de esta manera se impliquen en el proyecto y no vean las tropas de la OTAN como una fuerza invasora, si no como un elemento pacificador.<\/p>\n<p>M\u00e1s informaci\u00f3n en la p\u00e1gina: http:\/\/www.nato.int\/docu\/review\/2006\/issue1\/spanish\/art2.html<\/p>\n<p><a href=\"http:\/\/www.incipe.org\/wp-content\/uploads\/2014\/10\/5-de-febrero-de-2009.-The-future-of-Afghanistan.pdf\" title=\"Afg\">Descargue la versi\u00f3n completa de esta publicaci\u00f3n, disponible en PDF<\/a><\/p>\n<p><a href=\"http:\/\/www.incipe.org\/wp-content\/uploads\/2014\/08\/PDF-e1409079338280.png\"><img decoding=\"async\" class=\"alignleft size-full wp-image-2079\" alt=\"PDF\" src=\"http:\/\/www.incipe.org\/wp-content\/uploads\/2014\/08\/PDF-e1409079338280.png\" width=\"51\" height=\"51\" \/><\/a><!--:--><\/p>\n","protected":false},"excerpt":{"rendered":"<p>El Sr. Carp remarc\u00f3 que Afganist\u00e1n es la m\u00e1xima prioridad para la OTAN, siendo la pregunta, no cuantos efectivos hay en este pa\u00eds, si no como de efectivos son estos. [&hellip;]<\/p>\n","protected":false},"author":3,"featured_media":2703,"comment_status":"closed","ping_status":"closed","sticky":false,"template":"","format":"standard","meta":{"_acf_changed":false,"footnotes":""},"categories":[27],"tags":[],"class_list":["post-2702","post","type-post","status-publish","format-standard","has-post-thumbnail","hentry","category-desayunos-de-trabajo"],"acf":[],"_links":{"self":[{"href":"https:\/\/fundacionincipe.com\/index.php\/wp-json\/wp\/v2\/posts\/2702","targetHints":{"allow":["GET"]}}],"collection":[{"href":"https:\/\/fundacionincipe.com\/index.php\/wp-json\/wp\/v2\/posts"}],"about":[{"href":"https:\/\/fundacionincipe.com\/index.php\/wp-json\/wp\/v2\/types\/post"}],"author":[{"embeddable":true,"href":"https:\/\/fundacionincipe.com\/index.php\/wp-json\/wp\/v2\/users\/3"}],"replies":[{"embeddable":true,"href":"https:\/\/fundacionincipe.com\/index.php\/wp-json\/wp\/v2\/comments?post=2702"}],"version-history":[{"count":0,"href":"https:\/\/fundacionincipe.com\/index.php\/wp-json\/wp\/v2\/posts\/2702\/revisions"}],"wp:featuredmedia":[{"embeddable":true,"href":"https:\/\/fundacionincipe.com\/index.php\/wp-json\/"}],"wp:attachment":[{"href":"https:\/\/fundacionincipe.com\/index.php\/wp-json\/wp\/v2\/media?parent=2702"}],"wp:term":[{"taxonomy":"category","embeddable":true,"href":"https:\/\/fundacionincipe.com\/index.php\/wp-json\/wp\/v2\/categories?post=2702"},{"taxonomy":"post_tag","embeddable":true,"href":"https:\/\/fundacionincipe.com\/index.php\/wp-json\/wp\/v2\/tags?post=2702"}],"curies":[{"name":"wp","href":"https:\/\/api.w.org\/{rel}","templated":true}]}}