{"id":2664,"date":"2008-02-29T13:49:30","date_gmt":"2008-02-29T12:49:30","guid":{"rendered":"http:\/\/www.incipe.org\/?p=2664"},"modified":"2008-02-29T13:49:30","modified_gmt":"2008-02-29T12:49:30","slug":"la-union-por-el-mediterraneo-vision-espanola","status":"publish","type":"post","link":"https:\/\/fundacionincipe.com\/index.php\/2008\/02\/29\/la-union-por-el-mediterraneo-vision-espanola\/","title":{"rendered":"La Uni\u00f3n por el Mediterr\u00e1neo: visi\u00f3n espa\u00f1ola"},"content":{"rendered":"<p><!--:en--><a href=\"http:\/\/www.incipe.org\/wp-content\/uploads\/2014\/10\/29-de-febrero-de-2008.-La-Uni\u00f3n-por-el-Mediterr\u00e1neo-visi\u00f3n-espa\u00f1ola.pdf\" title=\"Union Mediterr\u00e1neo\">Descargue la versi\u00f3n completa de esta publicaci\u00f3n, disponible en PDF<\/a><\/p>\n<p><a href=\"http:\/\/www.incipe.org\/wp-content\/uploads\/2014\/08\/PDF-e1409079338280.png\"><img decoding=\"async\" class=\"alignleft size-full wp-image-2079\" alt=\"PDF\" src=\"http:\/\/www.incipe.org\/wp-content\/uploads\/2014\/08\/PDF-e1409079338280.png\" width=\"51\" height=\"51\" \/><\/a><!--:--><!--:es--><a href=\"http:\/\/www.incipe.org\/wp-content\/uploads\/2014\/10\/29-de-febrero-de-2008.-La-Uni\u00f3n-por-el-Mediterr\u00e1neo-visi\u00f3n-espa\u00f1ola.pdf\" title=\"Union Mediterr\u00e1neo\">Descargue la versi\u00f3n completa de esta publicaci\u00f3n, disponible en PDF<\/a><\/p>\n<p><a href=\"http:\/\/www.incipe.org\/wp-content\/uploads\/2014\/08\/PDF-e1409079338280.png\"><img decoding=\"async\" class=\"alignleft size-full wp-image-2079\" alt=\"PDF\" src=\"http:\/\/www.incipe.org\/wp-content\/uploads\/2014\/08\/PDF-e1409079338280.png\" width=\"51\" height=\"51\" \/><\/a><!--:--><\/p>\n","protected":false},"excerpt":{"rendered":"<p>Descargue la versi\u00f3n completa de esta publicaci\u00f3n, disponible en PDF Descargue la versi\u00f3n completa de esta publicaci\u00f3n, disponible en PDF<\/p>\n","protected":false},"author":3,"featured_media":2665,"comment_status":"closed","ping_status":"closed","sticky":false,"template":"","format":"standard","meta":{"_acf_changed":false,"footnotes":""},"categories":[27],"tags":[],"class_list":["post-2664","post","type-post","status-publish","format-standard","has-post-thumbnail","hentry","category-desayunos-de-trabajo"],"acf":[],"_links":{"self":[{"href":"https:\/\/fundacionincipe.com\/index.php\/wp-json\/wp\/v2\/posts\/2664","targetHints":{"allow":["GET"]}}],"collection":[{"href":"https:\/\/fundacionincipe.com\/index.php\/wp-json\/wp\/v2\/posts"}],"about":[{"href":"https:\/\/fundacionincipe.com\/index.php\/wp-json\/wp\/v2\/types\/post"}],"author":[{"embeddable":true,"href":"https:\/\/fundacionincipe.com\/index.php\/wp-json\/wp\/v2\/users\/3"}],"replies":[{"embeddable":true,"href":"https:\/\/fundacionincipe.com\/index.php\/wp-json\/wp\/v2\/comments?post=2664"}],"version-history":[{"count":0,"href":"https:\/\/fundacionincipe.com\/index.php\/wp-json\/wp\/v2\/posts\/2664\/revisions"}],"wp:featuredmedia":[{"embeddable":true,"href":"https:\/\/fundacionincipe.com\/index.php\/wp-json\/"}],"wp:attachment":[{"href":"https:\/\/fundacionincipe.com\/index.php\/wp-json\/wp\/v2\/media?parent=2664"}],"wp:term":[{"taxonomy":"category","embeddable":true,"href":"https:\/\/fundacionincipe.com\/index.php\/wp-json\/wp\/v2\/categories?post=2664"},{"taxonomy":"post_tag","embeddable":true,"href":"https:\/\/fundacionincipe.com\/index.php\/wp-json\/wp\/v2\/tags?post=2664"}],"curies":[{"name":"wp","href":"https:\/\/api.w.org\/{rel}","templated":true}]}}