{"id":2652,"date":"2007-12-14T13:37:47","date_gmt":"2007-12-14T12:37:47","guid":{"rendered":"http:\/\/www.incipe.org\/?p=2652"},"modified":"2007-12-14T13:37:47","modified_gmt":"2007-12-14T12:37:47","slug":"serbias-political-and-security-challenges-the-region-defence-system-and-euro-atlantic-integrations","status":"publish","type":"post","link":"https:\/\/fundacionincipe.com\/index.php\/2007\/12\/14\/serbias-political-and-security-challenges-the-region-defence-system-and-euro-atlantic-integrations\/","title":{"rendered":"Serbia\u00b4s Political and Security Challenges: the Region, Defence System and Euro-Atlantic Integrations"},"content":{"rendered":"<p><!--:en--><a href=\"http:\/\/www.incipe.org\/wp-content\/uploads\/2014\/10\/14-de-diciembre-de-2007.-Serbias-political-and-security-challenges.pdf\" title=\"Serbia\">Descargue la versi\u00f3n completa de esta publicaci\u00f3n, disponible en PDF<\/a><\/p>\n<p><a href=\"http:\/\/www.incipe.org\/wp-content\/uploads\/2014\/08\/PDF-e1409079338280.png\"><img decoding=\"async\" class=\"alignleft size-full wp-image-2079\" alt=\"PDF\" src=\"http:\/\/www.incipe.org\/wp-content\/uploads\/2014\/08\/PDF-e1409079338280.png\" width=\"51\" height=\"51\" \/><\/a><!--:--><!--:es--><a href=\"http:\/\/www.incipe.org\/wp-content\/uploads\/2014\/10\/14-de-diciembre-de-2007.-Serbias-political-and-security-challenges.pdf\" title=\"Serbia\">Descargue la versi\u00f3n completa de esta publicaci\u00f3n, disponible en PDF<\/a><\/p>\n<p><a href=\"http:\/\/www.incipe.org\/wp-content\/uploads\/2014\/08\/PDF-e1409079338280.png\"><img decoding=\"async\" class=\"alignleft size-full wp-image-2079\" alt=\"PDF\" src=\"http:\/\/www.incipe.org\/wp-content\/uploads\/2014\/08\/PDF-e1409079338280.png\" width=\"51\" height=\"51\" \/><\/a><!--:--><\/p>\n","protected":false},"excerpt":{"rendered":"<p>Descargue la versi\u00f3n completa de esta publicaci\u00f3n, disponible en PDF Descargue la versi\u00f3n completa de esta publicaci\u00f3n, disponible en PDF<\/p>\n","protected":false},"author":3,"featured_media":2653,"comment_status":"closed","ping_status":"closed","sticky":false,"template":"","format":"standard","meta":{"_acf_changed":false,"footnotes":""},"categories":[27],"tags":[],"class_list":["post-2652","post","type-post","status-publish","format-standard","has-post-thumbnail","hentry","category-desayunos-de-trabajo"],"acf":[],"_links":{"self":[{"href":"https:\/\/fundacionincipe.com\/index.php\/wp-json\/wp\/v2\/posts\/2652","targetHints":{"allow":["GET"]}}],"collection":[{"href":"https:\/\/fundacionincipe.com\/index.php\/wp-json\/wp\/v2\/posts"}],"about":[{"href":"https:\/\/fundacionincipe.com\/index.php\/wp-json\/wp\/v2\/types\/post"}],"author":[{"embeddable":true,"href":"https:\/\/fundacionincipe.com\/index.php\/wp-json\/wp\/v2\/users\/3"}],"replies":[{"embeddable":true,"href":"https:\/\/fundacionincipe.com\/index.php\/wp-json\/wp\/v2\/comments?post=2652"}],"version-history":[{"count":0,"href":"https:\/\/fundacionincipe.com\/index.php\/wp-json\/wp\/v2\/posts\/2652\/revisions"}],"wp:featuredmedia":[{"embeddable":true,"href":"https:\/\/fundacionincipe.com\/index.php\/wp-json\/"}],"wp:attachment":[{"href":"https:\/\/fundacionincipe.com\/index.php\/wp-json\/wp\/v2\/media?parent=2652"}],"wp:term":[{"taxonomy":"category","embeddable":true,"href":"https:\/\/fundacionincipe.com\/index.php\/wp-json\/wp\/v2\/categories?post=2652"},{"taxonomy":"post_tag","embeddable":true,"href":"https:\/\/fundacionincipe.com\/index.php\/wp-json\/wp\/v2\/tags?post=2652"}],"curies":[{"name":"wp","href":"https:\/\/api.w.org\/{rel}","templated":true}]}}