{"id":23876,"date":"2026-04-13T11:57:40","date_gmt":"2026-04-13T11:57:40","guid":{"rendered":"https:\/\/fundacionincipe.com\/?p=23876"},"modified":"2026-04-13T11:57:41","modified_gmt":"2026-04-13T11:57:41","slug":"dia-internacional-de-las-victimas-de-las-desapariciones-forzadas-copy","status":"publish","type":"post","link":"https:\/\/fundacionincipe.com\/index.php\/2026\/04\/13\/dia-internacional-de-las-victimas-de-las-desapariciones-forzadas-copy\/","title":{"rendered":"D\u00eda Internacional de las V\u00edctimas de las Desapariciones Forzadas &#8211; Copy"},"content":{"rendered":"\n<p>Cada 30 de agosto, se conmemora a las v\u00edctimas de desaparici\u00f3n forzada y se demanda verdad, justicia y reparaci\u00f3n.<\/p>\n\n\n\n<p><\/p>\n","protected":false},"excerpt":{"rendered":"<p>Cada 30 de agosto, se conmemora a las v\u00edctimas de desaparici\u00f3n forzada y se demanda verdad, justicia y reparaci\u00f3n.<\/p>\n","protected":false},"author":4,"featured_media":0,"comment_status":"open","ping_status":"closed","sticky":false,"template":"","format":"standard","meta":{"_acf_changed":false,"footnotes":""},"categories":[22],"tags":[],"class_list":["post-23876","post","type-post","status-publish","format-standard","hentry","category-calendario"],"acf":[],"_links":{"self":[{"href":"https:\/\/fundacionincipe.com\/index.php\/wp-json\/wp\/v2\/posts\/23876","targetHints":{"allow":["GET"]}}],"collection":[{"href":"https:\/\/fundacionincipe.com\/index.php\/wp-json\/wp\/v2\/posts"}],"about":[{"href":"https:\/\/fundacionincipe.com\/index.php\/wp-json\/wp\/v2\/types\/post"}],"author":[{"embeddable":true,"href":"https:\/\/fundacionincipe.com\/index.php\/wp-json\/wp\/v2\/users\/4"}],"replies":[{"embeddable":true,"href":"https:\/\/fundacionincipe.com\/index.php\/wp-json\/wp\/v2\/comments?post=23876"}],"version-history":[{"count":1,"href":"https:\/\/fundacionincipe.com\/index.php\/wp-json\/wp\/v2\/posts\/23876\/revisions"}],"predecessor-version":[{"id":23877,"href":"https:\/\/fundacionincipe.com\/index.php\/wp-json\/wp\/v2\/posts\/23876\/revisions\/23877"}],"wp:attachment":[{"href":"https:\/\/fundacionincipe.com\/index.php\/wp-json\/wp\/v2\/media?parent=23876"}],"wp:term":[{"taxonomy":"category","embeddable":true,"href":"https:\/\/fundacionincipe.com\/index.php\/wp-json\/wp\/v2\/categories?post=23876"},{"taxonomy":"post_tag","embeddable":true,"href":"https:\/\/fundacionincipe.com\/index.php\/wp-json\/wp\/v2\/tags?post=23876"}],"curies":[{"name":"wp","href":"https:\/\/api.w.org\/{rel}","templated":true}]}}