{"id":23811,"date":"2026-04-10T14:56:16","date_gmt":"2026-04-10T14:56:16","guid":{"rendered":"https:\/\/fundacionincipe.com\/?p=23811"},"modified":"2026-04-13T11:55:47","modified_gmt":"2026-04-13T11:55:47","slug":"dia-internacional-de-las-victimas-de-las-desapariciones-forzadas","status":"publish","type":"post","link":"https:\/\/fundacionincipe.com\/index.php\/2026\/04\/10\/dia-internacional-de-las-victimas-de-las-desapariciones-forzadas\/","title":{"rendered":"D\u00eda Internacional de las V\u00edctimas de las Desapariciones Forzadas"},"content":{"rendered":"\n<p>Cada 30 de agosto, se conmemora a las v\u00edctimas de desaparici\u00f3n forzada y se demanda verdad, justicia y reparaci\u00f3n.<\/p>\n\n\n\n<p><\/p>\n","protected":false},"excerpt":{"rendered":"<p>Cada 30 de agosto, se conmemora a las v\u00edctimas de desaparici\u00f3n forzada y se demanda verdad, justicia y reparaci\u00f3n.<\/p>\n","protected":false},"author":4,"featured_media":0,"comment_status":"open","ping_status":"closed","sticky":false,"template":"","format":"standard","meta":{"_acf_changed":false,"footnotes":""},"categories":[22],"tags":[],"class_list":["post-23811","post","type-post","status-publish","format-standard","hentry","category-calendario"],"acf":[],"_links":{"self":[{"href":"https:\/\/fundacionincipe.com\/index.php\/wp-json\/wp\/v2\/posts\/23811","targetHints":{"allow":["GET"]}}],"collection":[{"href":"https:\/\/fundacionincipe.com\/index.php\/wp-json\/wp\/v2\/posts"}],"about":[{"href":"https:\/\/fundacionincipe.com\/index.php\/wp-json\/wp\/v2\/types\/post"}],"author":[{"embeddable":true,"href":"https:\/\/fundacionincipe.com\/index.php\/wp-json\/wp\/v2\/users\/4"}],"replies":[{"embeddable":true,"href":"https:\/\/fundacionincipe.com\/index.php\/wp-json\/wp\/v2\/comments?post=23811"}],"version-history":[{"count":10,"href":"https:\/\/fundacionincipe.com\/index.php\/wp-json\/wp\/v2\/posts\/23811\/revisions"}],"predecessor-version":[{"id":23874,"href":"https:\/\/fundacionincipe.com\/index.php\/wp-json\/wp\/v2\/posts\/23811\/revisions\/23874"}],"wp:attachment":[{"href":"https:\/\/fundacionincipe.com\/index.php\/wp-json\/wp\/v2\/media?parent=23811"}],"wp:term":[{"taxonomy":"category","embeddable":true,"href":"https:\/\/fundacionincipe.com\/index.php\/wp-json\/wp\/v2\/categories?post=23811"},{"taxonomy":"post_tag","embeddable":true,"href":"https:\/\/fundacionincipe.com\/index.php\/wp-json\/wp\/v2\/tags?post=23811"}],"curies":[{"name":"wp","href":"https:\/\/api.w.org\/{rel}","templated":true}]}}