{"id":23514,"date":"2025-12-17T10:22:17","date_gmt":"2025-12-17T10:22:17","guid":{"rendered":"https:\/\/fundacionincipe.com\/?p=23514"},"modified":"2026-03-09T10:24:11","modified_gmt":"2026-03-09T10:24:11","slug":"la-adaptacion-de-las-fuerzas-armadas-a-los-retos-estrategicos-y-tecnologicos-del-siglo-xxi","status":"publish","type":"post","link":"https:\/\/fundacionincipe.com\/index.php\/2025\/12\/17\/la-adaptacion-de-las-fuerzas-armadas-a-los-retos-estrategicos-y-tecnologicos-del-siglo-xxi\/","title":{"rendered":"La adaptaci\u00f3n de las Fuerzas Armadas a los retos estrat\u00e9gicos y tecnol\u00f3gicos del siglo XXI"},"content":{"rendered":"\n<p>El GD Carlos Fr\u00edas ha dedicado su carrera al servicio militar, especializ\u00e1ndose en artiller\u00eda y ocupando diversos puestos de mando y responsabilidad en el Ej\u00e9rcito Espa\u00f1ol. Ha desempe\u00f1ado funciones como profesor, analista, jefe de operaciones y director en diferentes unidades y organismos, tanto en Espa\u00f1a como en el extranjero, incluyendo misiones internacionales en Bosnia-Herzegovina, Chad y la Rep\u00fablica Centroafricana. Adem\u00e1s, ha realizado cursos avanzados en estrategia y seguridad global, y posee un doctorado en Paz y Seguridad Internacional.<\/p>\n\n\n\n<p>Por su parte, la trayectoria del Col. Jos\u00e9 Luis Calvo incluye su participaci\u00f3n en operaciones internacionales en Bosnia-Herzegovina y Afganist\u00e1n. Tambi\u00e9n es autor de diversas publicaciones sobre estrategia y conflictos y ha sido profesor de Teor\u00eda de la Guerra y Seguridad Nacional en el Army War College en Estados Unidos, as\u00ed como en la Escuela de Guerra del Ej\u00e9rcito de Tierra en Madrid.<\/p>\n\n\n\n<p>La sesi\u00f3n dio comienzo con la intervenci\u00f3n del GD Fr\u00edas, quien realiz\u00f3 una revisi\u00f3n hist\u00f3rica sobre la concepci\u00f3n de la guerra y la configuraci\u00f3n de los ej\u00e9rcitos. Explic\u00f3 c\u00f3mo, tras la ca\u00edda de la Uni\u00f3n Sovi\u00e9tica, se produjo un cambio de mentalidad que deriv\u00f3 en un nuevo escenario de actividad militar: la guerra empez\u00f3 a concebirse como algo del pasado y, por ello, las misiones de las Fuerzas Armadas comenzaron a orientarse hacia la estabilizaci\u00f3n de regiones, el mantenimiento de la paz o la ayuda humanitaria, en lugar de hacia el enfrentamiento directo.<\/p>\n\n\n\n<p>En este contexto, el GD Fr\u00edas habl\u00f3 de un \u201cpar\u00f3n doctrinal\u201d en el que se apost\u00f3 por la paz y se dej\u00f3 de invertir en las Fuerzas Armadas. Ahora, con la guerra de Ucrania y el giro de Estados Unidos hacia el Indo-Pac\u00edfico, resulta necesario volver a definir la guerra: \u201cHay que actualizar c\u00f3mo creemos que esta debe ser y plantear qu\u00e9 medios se requieren\u201d. El entorno de combate actual es muy distinto al de hace treinta a\u00f1os, principalmente por los avances tecnol\u00f3gicos. Hoy en d\u00eda, tecnolog\u00edas como la inteligencia artificial y los sistemas no tripulados est\u00e1n transformando la forma de hacer la guerra. Como ejemplo de ello destac\u00f3 el conflicto en Ucrania, donde el uso de drones para reconocimiento, vigilancia y ataque ha demostrado c\u00f3mo estas herramientas pueden cambiar el desarrollo de los combates y la toma de decisiones en el campo de batalla.<\/p>\n\n\n\n<p>Al mismo tiempo, la pol\u00edtica exterior de Estados Unidos apunta a que Europa tendr\u00e1 que asumir cada vez m\u00e1s responsabilidad en su propia defensa, lo que implica que los pa\u00edses europeos deber\u00e1n reforzar sus capacidades militares y depender menos de la OTAN: \u201cEs en este contexto donde ser\u00e1 importante definir qu\u00e9 papel debe desempe\u00f1ar Espa\u00f1a, dada su posici\u00f3n geogr\u00e1fica\u201d.<\/p>\n\n\n\n<p>Tras esta primera intervenci\u00f3n, el Col. Jos\u00e9 Luis Calvo centr\u00f3 su exposici\u00f3n en el modelo de defensa europeo y en las exigencias que plantea la guerra para defender el propio territorio. As\u00ed, se\u00f1al\u00f3 que la Uni\u00f3n Europea, que \u201cha descuidado la defensa durante d\u00e9cadas por la falta de una amenaza directa\u201d, enfrenta retos como la movilizaci\u00f3n humana para poseer el personal y los militares suficientes para una defensa eficaz; la movilizaci\u00f3n industrial para producir armamentos y la movilizaci\u00f3n de recursos, que implica fortalecer la capacidad de la sociedad para reconstruirse y sobreponerse a los da\u00f1os (bombardeos, ataques a los generadores el\u00e9ctricos, etc.).<\/p>\n\n\n\n<p>Para concluir, el Col. Calvo se\u00f1al\u00f3 que las Fuerzas Armadas se encuentran actualmente en un proceso de transformaci\u00f3n profunda, especialmente tras las lecciones que est\u00e1 dejando la guerra de Ucrania. Destac\u00f3 que ya no pueden limitarse \u00fanicamente a misiones de estabilizaci\u00f3n ni prepararse exclusivamente para conflictos tradicionales, sino que deben desarrollar una mayor flexibilidad y capacidad de adaptaci\u00f3n. Esto implica estar preparadas para afrontar una amplia variedad de escenarios, desde conflictos de alta intensidad hasta amenazas h\u00edbridas, cibern\u00e9ticas o tecnol\u00f3gicas.<\/p>\n\n\n\n<p>Finalmente, la sesi\u00f3n cerr\u00f3 con un debate enriquecedor sobre los desaf\u00edos actuales y futuros, donde se abordaron preguntas sobre temas como la disuasi\u00f3n a trav\u00e9s de la proliferaci\u00f3n de armas nucleares, las capacidades militares de Europa o la coordinaci\u00f3n entre la OTAN y la Uni\u00f3n Europea.<\/p>\n\n\n\n<p class=\"has-small-font-size\">Mireya Dom\u00ednguez<\/p>\n","protected":false},"excerpt":{"rendered":"<p>El GD Carlos Fr\u00edas ha dedicado su carrera al servicio militar, especializ\u00e1ndose en artiller\u00eda y ocupando diversos puestos de mando y responsabilidad en el Ej\u00e9rcito Espa\u00f1ol. Ha desempe\u00f1ado funciones como [&hellip;]<\/p>\n","protected":false},"author":3,"featured_media":23471,"comment_status":"open","ping_status":"closed","sticky":false,"template":"","format":"standard","meta":{"_acf_changed":false,"footnotes":""},"categories":[8],"tags":[],"class_list":["post-23514","post","type-post","status-publish","format-standard","has-post-thumbnail","hentry","category-conferencias-y-seminarios"],"acf":[],"_links":{"self":[{"href":"https:\/\/fundacionincipe.com\/index.php\/wp-json\/wp\/v2\/posts\/23514","targetHints":{"allow":["GET"]}}],"collection":[{"href":"https:\/\/fundacionincipe.com\/index.php\/wp-json\/wp\/v2\/posts"}],"about":[{"href":"https:\/\/fundacionincipe.com\/index.php\/wp-json\/wp\/v2\/types\/post"}],"author":[{"embeddable":true,"href":"https:\/\/fundacionincipe.com\/index.php\/wp-json\/wp\/v2\/users\/3"}],"replies":[{"embeddable":true,"href":"https:\/\/fundacionincipe.com\/index.php\/wp-json\/wp\/v2\/comments?post=23514"}],"version-history":[{"count":6,"href":"https:\/\/fundacionincipe.com\/index.php\/wp-json\/wp\/v2\/posts\/23514\/revisions"}],"predecessor-version":[{"id":23607,"href":"https:\/\/fundacionincipe.com\/index.php\/wp-json\/wp\/v2\/posts\/23514\/revisions\/23607"}],"wp:featuredmedia":[{"embeddable":true,"href":"https:\/\/fundacionincipe.com\/index.php\/wp-json\/wp\/v2\/media\/23471"}],"wp:attachment":[{"href":"https:\/\/fundacionincipe.com\/index.php\/wp-json\/wp\/v2\/media?parent=23514"}],"wp:term":[{"taxonomy":"category","embeddable":true,"href":"https:\/\/fundacionincipe.com\/index.php\/wp-json\/wp\/v2\/categories?post=23514"},{"taxonomy":"post_tag","embeddable":true,"href":"https:\/\/fundacionincipe.com\/index.php\/wp-json\/wp\/v2\/tags?post=23514"}],"curies":[{"name":"wp","href":"https:\/\/api.w.org\/{rel}","templated":true}]}}