{"id":23409,"date":"2025-10-21T10:46:00","date_gmt":"2025-10-21T10:46:00","guid":{"rendered":"https:\/\/fundacionincipe.com\/?p=23409"},"modified":"2025-12-10T11:33:06","modified_gmt":"2025-12-10T11:33:06","slug":"energy-security-in-the-21st-century-challenges-and-opportunities","status":"publish","type":"post","link":"https:\/\/fundacionincipe.com\/index.php\/2025\/10\/21\/energy-security-in-the-21st-century-challenges-and-opportunities\/","title":{"rendered":"Energy Security in the 21st Century: Challenges and Opportunities"},"content":{"rendered":"\n<p>Structured around two roundtables, the conference analysed the global challenges shaping energy supply and highlighted the importance of strengthening strategic resilience in Europe. The opening remarks were delivered by Ambassador Ricardo D\u00edez-Hochleitner, Secretary-General of INCIPE, and Lieutenant General Fernando L\u00f3pez del Pozo, Director-General for Defence Policy (DIGENPOL).<\/p>\n\n\n\n<p><strong>The keynote address was delivered by Minister Claudio Aranzadi<\/strong>, who emphasised that energy has become one of the central drivers of international security. Reviewing the effects of the recent cycle of global instability \u2014conflicts in Europe and the Middle East, the weakening of multilateralism and rising technological tensions\u2014 he stressed how the energy transition and the fight against climate change are introducing new pressures on production systems and on states\u2019 foreign policy agendas.<\/p>\n\n\n\n<p>Aranzadi examined global energy demand trends, China\u2019s growing weight as a decisive actor, and the persistent dependence on fossil fuels. He warned of the difficulty of ensuring a secure, affordable and climate-compatible supply, and underlined the need for Europe to reinforce its strategic autonomy in the energy domain. He also highlighted the relevance of clean technologies, the role of nuclear energy, and the impact of energy costs on Europe\u2019s competitiveness and industrial base.<\/p>\n\n\n\n<div style=\"height:30px\" aria-hidden=\"true\" class=\"wp-block-spacer\"><\/div>\n\n\n\n<p class=\"has-medium-font-size\"><strong>Geopolitical challenges and their impact on energy supply<\/strong><\/p>\n\n\n\n<p>Moderated by Vicente Garrido, Director-General of INCIPE, the first roundtable featured Antonio Merino, Director of Studies at REPSOL; Colonel Ignacio Fuente Cobo; and Joaqu\u00edn P\u00e9rez de Ayala, Director of Energy Transition at T\u00e9cnicas Reunidas.<\/p>\n\n\n\n<p>The speakers analysed the geopolitical implications of access to energy resources, underlining its historical role as a driver of conflict and a lever of international power.<\/p>\n\n\n\n<p>They stressed the high vulnerability of supply chains, particularly in critical regions such as the Middle East, the Horn of Africa and the Gulf of Guinea. The discussion also addressed the transformation of China\u2019s energy mix, the expansion of its infrastructure, its continued dependence on coal, and its growing leadership in renewable energies and clean technologies.<\/p>\n\n\n\n<p>The panel further examined Europe\u2019s position in this evolving landscape: the need to diversify suppliers, the increasing reliance on liquefied natural gas, and the challenges posed by high energy prices, complex regulatory frameworks and lengthy infrastructure approval processes.<\/p>\n\n\n\n<p>Overall, the experts agreed that competition over energy resources will continue to shape global geopolitics in the coming decades, with significant implications for Europe.<\/p>\n\n\n\n<div style=\"height:30px\" aria-hidden=\"true\" class=\"wp-block-spacer\"><\/div>\n\n\n\n<p class=\"has-medium-font-size\"><strong>Energy security as a pillar of national resilience<\/strong><\/p>\n\n\n\n<p>Moderated by Navy Captain Eduardo Matres, Head of Geopolitical Analysis at DICOES, the second roundtable included contributions from Sonia Vel\u00e1zquez, Chief of Staff to the Secretary-General for Demographic Challenge (MITECO); Colonel Pablo Ahedo; and Fernando Maravall, former Director-General of CEPSA and former Secretary-General at the Ministry of Industry and Energy.<\/p>\n\n\n\n<p>The discussion opened by emphasising the need to understand energy security as a key component of a country\u2019s overall resilience. Participants noted that modern societies must not only be aware of threats, but also recognise that protecting their way of life may require collective effort and, at times, sacrifice. The Nordic and Baltic notion of \u201ctotal defence\u201d was introduced as an example of coordinated involvement of authorities, businesses and citizens to ensure the continuity of state functions during crises.<\/p>\n\n\n\n<p>Energy was examined as a critical element of this resilience. Recent conflicts \u2014such as the war in Ukraine\u2014 have shown how attacks on energy infrastructure can expose societal vulnerability. The panel highlighted the importance of strengthening critical infrastructure, anticipating vulnerabilities and promoting public awareness of responsible energy use.<\/p>\n\n\n\n<p>The speakers also addressed the challenges posed by decarbonisation, international competition for strategic technologies, the development of hydrogen, carbon capture, and the modernisation of energy grids. They agreed that Europe needs a stable, realistic and long-term energy strategy that integrates ecological transition, industrial competitiveness and national security.<\/p>\n\n\n\n<p>The subsequent discussion delved into emerging energy technologies, the impact of artificial intelligence on energy consumption, the feasibility of new sources such as thorium reactors, the future role of coal in security-driven contexts, and the geopolitical implications of the war in Ukraine for Europe\u2019s energy architecture. Reflections were also shared on China\u2019s capacity to lead in clean technologies, the need to streamline European regulation, and the role of energy costs in Europe\u2019s deindustrialisation.<\/p>\n\n\n\n<div style=\"height:30px\" aria-hidden=\"true\" class=\"wp-block-spacer\"><\/div>\n\n\n\n<p class=\"has-medium-font-size\"><strong>Closing Session<\/strong><\/p>\n\n\n\n<p>The conference concluded with remarks by Vicente Garrido, Director-General of INCIPE, who underscored the importance of approaching energy as a structural component of international security and highlighted the value of maintaining spaces for rigorous dialogue and analysis to better understand today\u2019s global challenges.<\/p>\n\n\n\n<p class=\"has-small-font-size\">Luc\u00eda Mantec\u00f3n<\/p>\n\n\n\n<div class=\"wp-block-buttons is-content-justification-center is-layout-flex wp-container-core-buttons-is-layout-1 wp-block-buttons-is-layout-flex\">\n<div class=\"wp-block-button has-custom-font-size is-style-outline has-small-font-size is-style-outline--1\"><a class=\"wp-block-button__link wp-element-button\" href=\"https:\/\/fundacionincipe.com\/wp-content\/uploads\/2025\/10\/Programa-Conferencia-Seguridad-Energetica-INCIPE-2025-2.pdf\" target=\"_blank\" rel=\"noreferrer noopener\"><strong>Programme details<\/strong><\/a><\/div>\n<\/div>\n","protected":false},"excerpt":{"rendered":"<p>Structured around two roundtables, the conference analysed the global challenges shaping energy supply and highlighted the importance of strengthening strategic resilience in Europe. The opening remarks were delivered by Ambassador [&hellip;]<\/p>\n","protected":false},"author":3,"featured_media":23336,"comment_status":"open","ping_status":"closed","sticky":false,"template":"","format":"standard","meta":{"_acf_changed":false,"footnotes":""},"categories":[132],"tags":[],"class_list":["post-23409","post","type-post","status-publish","format-standard","has-post-thumbnail","hentry","category-conferences-and-seminars-es"],"acf":[],"_links":{"self":[{"href":"https:\/\/fundacionincipe.com\/index.php\/wp-json\/wp\/v2\/posts\/23409","targetHints":{"allow":["GET"]}}],"collection":[{"href":"https:\/\/fundacionincipe.com\/index.php\/wp-json\/wp\/v2\/posts"}],"about":[{"href":"https:\/\/fundacionincipe.com\/index.php\/wp-json\/wp\/v2\/types\/post"}],"author":[{"embeddable":true,"href":"https:\/\/fundacionincipe.com\/index.php\/wp-json\/wp\/v2\/users\/3"}],"replies":[{"embeddable":true,"href":"https:\/\/fundacionincipe.com\/index.php\/wp-json\/wp\/v2\/comments?post=23409"}],"version-history":[{"count":11,"href":"https:\/\/fundacionincipe.com\/index.php\/wp-json\/wp\/v2\/posts\/23409\/revisions"}],"predecessor-version":[{"id":23468,"href":"https:\/\/fundacionincipe.com\/index.php\/wp-json\/wp\/v2\/posts\/23409\/revisions\/23468"}],"wp:featuredmedia":[{"embeddable":true,"href":"https:\/\/fundacionincipe.com\/index.php\/wp-json\/wp\/v2\/media\/23336"}],"wp:attachment":[{"href":"https:\/\/fundacionincipe.com\/index.php\/wp-json\/wp\/v2\/media?parent=23409"}],"wp:term":[{"taxonomy":"category","embeddable":true,"href":"https:\/\/fundacionincipe.com\/index.php\/wp-json\/wp\/v2\/categories?post=23409"},{"taxonomy":"post_tag","embeddable":true,"href":"https:\/\/fundacionincipe.com\/index.php\/wp-json\/wp\/v2\/tags?post=23409"}],"curies":[{"name":"wp","href":"https:\/\/api.w.org\/{rel}","templated":true}]}}