{"id":23377,"date":"2025-11-25T09:49:00","date_gmt":"2025-11-25T09:49:00","guid":{"rendered":"https:\/\/fundacionincipe.com\/?p=23377"},"modified":"2025-12-10T11:31:10","modified_gmt":"2025-12-10T11:31:10","slug":"xx-seminario-fuerzas-armadas-y-medios-de-comunicacion-la-ciberseguridad-y-las-amenazas-hibridas","status":"publish","type":"post","link":"https:\/\/fundacionincipe.com\/index.php\/2025\/11\/25\/xx-seminario-fuerzas-armadas-y-medios-de-comunicacion-la-ciberseguridad-y-las-amenazas-hibridas\/","title":{"rendered":"XX Seminario Fuerzas Armadas y Medios de Comunicaci\u00f3n \u201cLa ciberseguridad y las amenazas h\u00edbridas\u201d"},"content":{"rendered":"\n<p>En esta vig\u00e9sima edici\u00f3n, el programa incluy\u00f3 dos mesas redondas. La primera, <strong>\u201cDesinformaci\u00f3n y noticias falsas en el contexto de la guerra h\u00edbrida\u201d<\/strong>, estuvo moderada por Vicente Garrido, director general de INCIPE. Participaron el coronel Jos\u00e9 Luis Calvo, director de la Divisi\u00f3n de Coordinaci\u00f3n y Estudios de Seguridad y Defensa (DICOES) de SEGENPOL, Ministerio de Defensa; Pilar Requena, directora de <em>Documentos TV<\/em> (RTVE) y presidenta de la Red de Periodismo de Investigaci\u00f3n de la UER; y el coronel (r.) \u00c1ngel G\u00f3mez de \u00c1greda, director regional de EUROPAVIA para Oriente Medio.<\/p>\n\n\n\n<p>La segunda mesa redonda, titulada <strong>\u201cEl papel de los medios en la detecci\u00f3n y difusi\u00f3n de informaci\u00f3n sobre amenazas h\u00edbridas\u201d<\/strong>, estuvo moderada por Javier Irazoqui, diplom\u00e1tico de DICOES\u2013SEGENPOL, Ministerio de Defensa, y cont\u00f3 con la participaci\u00f3n de Borja D\u00edaz-Merry, periodista especializado en defensa y responsable de VERIFICA RTVE; Antx\u00f3n Sarasqueta, presidente del Consejo de Administraci\u00f3n de Radio Televisi\u00f3n Madrid y miembro del patronato de INCIPE; y Jos\u00e9 M. Rodr\u00edguez, redactor de <em>El Mundo<\/em> especializado en transformaci\u00f3n digital, telecomunicaciones y medios de comunicaci\u00f3n.<\/p>\n\n\n\n<p>Ricardo D\u00edez-Hochleitner subray\u00f3 que, desde hace dos d\u00e9cadas, este seminario desempe\u00f1a un papel esencial en el an\u00e1lisis de cuestiones que inciden de forma transversal en la defensa, la seguridad y la relaci\u00f3n entre instituciones y medios de comunicaci\u00f3n en un entorno cada vez m\u00e1s complejo e interconectado. Record\u00f3 que los desaf\u00edos y amenazas h\u00edbridas combinan dimensiones militares y civiles, por ello, esta edici\u00f3n re\u00fane a expertos de alto nivel procedentes del \u00e1mbito militar, acad\u00e9mico, period\u00edstico y diplom\u00e1tico para reflexionar sobre c\u00f3mo se detectan, interpretan y comunican dichas amenazas, as\u00ed como sobre los mecanismos que permiten responder colectivamente a ellas.<\/p>\n\n\n\n<p>En su intervenci\u00f3n, Mar\u00eda Jos\u00e9 Mu\u00f1oz Est\u00e9vez,<strong> jefa de Comunicaci\u00f3n Institucional y Prensa, Ministerio de Defensa<\/strong><strong>, <\/strong>destac\u00f3 el papel de la <strong>ciberseguridad<\/strong> como garante de las interacciones cotidianas de la ciudadan\u00eda. Advirti\u00f3 que el avance tecnol\u00f3gico trae consigo nuevos riesgos y que, en el siglo XXI, la defensa y la seguridad ya no se libran \u00fanicamente en el terreno f\u00edsico, sino tambi\u00e9n en el <strong>ciberespacio<\/strong>, convertido en un teatro de operaciones fundamental para preservar la soberan\u00eda, la integridad territorial y la estabilidad de los Estados. Subray\u00f3 que la guerra moderna se combate tambi\u00e9n con palabras, im\u00e1genes y datos, lo que sit\u00faa a los medios de comunicaci\u00f3n en una posici\u00f3n estrat\u00e9gica: una comunicaci\u00f3n bien dise\u00f1ada puede disuadir, influir y reforzar la unidad interna, mientras que una gesti\u00f3n deficiente puede erosionar la confianza p\u00fablica y generar desestabilizaci\u00f3n.<\/p>\n\n\n\n<p>Mu\u00f1oz Est\u00e9vez record\u00f3 que vivimos en una era de hiperconexi\u00f3n donde las redes sociales desempe\u00f1an un papel central como espacio informativo y de debate, pero tambi\u00e9n como terreno f\u00e9rtil para la difusi\u00f3n de mensajes falsos y campa\u00f1as de influencia. Record\u00f3 que la informaci\u00f3n es hoy poder y vulnerabilidad, y que cada ciudadano tiene una responsabilidad directa en la protecci\u00f3n del ecosistema informativo mediante el pensamiento cr\u00edtico y la verificaci\u00f3n responsable. Para concluir, dej\u00f3 una reflexi\u00f3n que sintetiza su mensaje: <strong>\u201cLa desinformaci\u00f3n se combate con conocimiento; los bulos, con prudencia; y las injerencias, con una ciudadan\u00eda informada, cr\u00edtica y resiliente\u201d.<\/strong><\/p>\n\n\n\n<p>El capit\u00e1n de nav\u00edo Antonio Notario, jefe de Planeamiento Pol\u00edtico-Estrat\u00e9gico y de Cultura del Departamento de Seguridad Nacional (DSN), abri\u00f3 la conferencia inaugural subrayando que las ciberamenazas y la desinformaci\u00f3n forman hoy parte del n\u00facleo de la Seguridad Nacional. Su intervenci\u00f3n se estructur\u00f3 en torno a cinco ideas fuerza que, seg\u00fan se\u00f1al\u00f3, est\u00e1n marcando la evoluci\u00f3n del panorama estrat\u00e9gico y que orientan los trabajos en curso para la elaboraci\u00f3n de la nueva Estrategia de Seguridad Nacional.<\/p>\n\n\n\n<p>En primer lugar, destac\u00f3 la <strong>velocidad<\/strong> con la que se suceden acontecimientos de gran trascendencia. Hay d\u00e9cadas en las que apenas parece ocurrir nada, afirm\u00f3, y semanas que equivalen a d\u00e9cadas en t\u00e9rminos de impacto estrat\u00e9gico. La segunda idea fuerza se centr\u00f3 en el <strong>momento cr\u00edtico que atraviesa Europa<\/strong> desde el inicio de la guerra en Ucrania en 2022. Notario apunt\u00f3 que el continente se enfrenta a din\u00e1micas que condicionan su estabilidad: tensiones en el equilibrio de poder, auge de movimientos populistas, procesos de radicalizaci\u00f3n social y un incremento de la polarizaci\u00f3n pol\u00edtica.<\/p>\n\n\n\n<p>La tercera gir\u00f3 en torno al <strong>empleo de la tecnolog\u00eda como factor de ventaja estrat\u00e9gica<\/strong>. Subray\u00f3 que la superioridad tecnol\u00f3gica no solo determina capacidades militares, sino tambi\u00e9n la resiliencia institucional y la protecci\u00f3n de los intereses nacionales.<\/p>\n\n\n\n<p>La cuarta idea se centr\u00f3 en la incidencia de las <strong>nuevas tecnolog\u00edas sobre el dominio cognitivo<\/strong>, es decir, su capacidad para influir en la forma en que pensamos y decidimos. Este \u00e1mbito est\u00e1 condicionado por el <em>hiperbolismo<\/em> y el ruido presente en las redes sociales, los desencuentros derivados de la pol\u00edtica del \u201cy t\u00fa m\u00e1s\u201d y la proliferaci\u00f3n de narrativas que presentan \u201cverdades alternativas\u201d. A ello se suma la desinformaci\u00f3n procedente de injerencias externas en el marco de campa\u00f1as h\u00edbridas.<\/p>\n\n\n\n<p>Por \u00faltimo, Notario defendi\u00f3 la necesidad de <strong>formas de trabajo m\u00e1s modernas y cooperativas<\/strong>, apoyadas en un sector privado cada vez m\u00e1s implicado en la construcci\u00f3n de un pa\u00eds m\u00e1s seguro.<\/p>\n\n\n\n<p>Todas estas ideas fuerza son objeto de an\u00e1lisis de la pr\u00f3xima <strong>Estrategia de Seguridad Nacional<\/strong>, actualmente en elaboraci\u00f3n. Adem\u00e1s, Antonio Notario reivindic\u00f3 la solidez del proyecto de Seguridad Nacional desarrollado en Espa\u00f1a desde 2012, cuyos avances se sostienen sobre un enfoque abierto y multidisciplinar de la seguridad. Este se articula en tres c\u00edrculos conc\u00e9ntricos: en el n\u00facleo, la protecci\u00f3n del ciudadano; en el plano intermedio, la seguridad de Espa\u00f1a; y en el exterior, el compromiso con la paz internacional y la defensa de los derechos humanos. Concluy\u00f3 destacando el papel del propio <strong>Sistema de Seguridad Nacional<\/strong>, cuya piedra angular es el Consejo de Seguridad Nacional y que se apoya en diversos comit\u00e9s y \u00f3rganos de colaboraci\u00f3n, entre ellos el Foro Integral de Cultura de Seguridad Nacional, donde INCIPE, y su director, Vicente Garrido, participa como representante de los think tanks espa\u00f1oles.<\/p>\n\n\n\n<div style=\"height:25px\" aria-hidden=\"true\" class=\"wp-block-spacer\"><\/div>\n\n\n\n<p class=\"has-medium-font-size\"><strong>Desinformaci\u00f3n y noticias falsas en el contexto de la guerra h\u00edbrida<\/strong><\/p>\n\n\n\n<p>Durante la primera mesa redonda, titulada <em>Desinformaci\u00f3n y noticias falsas en el contexto de la guerra h\u00edbrida<\/em>, el coronel Jos\u00e9 Luis Calvo centr\u00f3 su intervenci\u00f3n en c\u00f3mo las campa\u00f1as de desinformaci\u00f3n afectan directamente a nuestra seguridad. Aunque la manipulaci\u00f3n informativa ha existido siempre, su impacto se ha disparado en la actualidad debido a la hiperconectividad del entorno digital. El Col. Calvo ofreci\u00f3 un repaso hist\u00f3rico de las operaciones de influencia, concebidas tradicionalmente como complemento a las operaciones militares para enga\u00f1ar al adversario, desmoralizar a la poblaci\u00f3n enemiga y erosionar la confianza en sus l\u00edderes. Sin embargo, los cambios sociales, como el aumento de la alfabetizaci\u00f3n y el peso de la opini\u00f3n p\u00fablica, y los avances tecnol\u00f3gicos, especialmente la televisi\u00f3n y los entornos digitales, han invertido esta l\u00f3gica, hasta el punto de convertir las operaciones de influencia en el n\u00facleo central de algunas estrategias, relegando a planos complementarios las dimensiones militar, diplom\u00e1tica o econ\u00f3mica.<\/p>\n\n\n\n<p>El coronel Calvo subray\u00f3 que el mundo hiperconectado en el que vivimos, unido a un clima de fricci\u00f3n pol\u00edtica y social, nos hace especialmente vulnerables, incluso en conflictos convencionales como el de Ucrania. Para combatir las campa\u00f1as de desinformaci\u00f3n considera imprescindible reforzar la confianza social en las instituciones y en sus l\u00edderes, devolviendo a la educaci\u00f3n el papel de motor del pensamiento cr\u00edtico, la verificaci\u00f3n y la confrontaci\u00f3n rigurosa de fuentes. Asimismo, apunt\u00f3 que las instituciones deben adaptar sus herramientas de comunicaci\u00f3n, incorporando nuevas tecnolog\u00edas con coherencia y transparencia. Como tercera l\u00ednea de actuaci\u00f3n, destac\u00f3 la necesidad de mejorar la capacidad de an\u00e1lisis, detecci\u00f3n y respuesta ante estas campa\u00f1as, desarrollando contra-narrativas eficaces cuando sea necesario y siempre con el objetivo final de proteger al ciudadano.<\/p>\n\n\n\n<p>El coronel (r.) \u00c1ngel G\u00f3mez de \u00c1greda ofreci\u00f3 una visi\u00f3n m\u00e1s amplia del impacto de la guerra h\u00edbrida sobre el conjunto de la ciudadan\u00eda. Se\u00f1al\u00f3 que la combinaci\u00f3n de operaciones convencionales y de influencia genera sinergias dise\u00f1adas para provocar emociones y moldear el relato. En relaci\u00f3n con la comunicaci\u00f3n institucional, advirti\u00f3 que cada organismo posee objetivos y canales distintos, lo que dificulta la articulaci\u00f3n de un mensaje com\u00fan y reduce la capacidad de influencia del conjunto. A este desaf\u00edo se suma la irrupci\u00f3n de los <em>Advanced Persistent Manipulators<\/em>, organizaciones creadas espec\u00edficamente para manipular la opini\u00f3n p\u00fablica (sobre todo en redes sociales) mediante t\u00e9cnicas avanzadas. Estas plataformas fomentan la creaci\u00f3n de burbujas informativas, como demuestran los recientes episodios de Nepal y, anteriormente, de Myanmar o Sri Lanka, que derivaron en graves disturbios.<\/p>\n\n\n\n<p>Para hacer frente a estas amenazas, el Col. G\u00f3mez de \u00c1greda propone desarrollar una suerte de \u201cc\u00fapula de hierro\u201d informativa con doble funci\u00f3n: proteger los datos de los ciudadanos y evitar que dicha informaci\u00f3n sea empleada en su contra. La privacidad y la protecci\u00f3n de datos, afirm\u00f3, son elementos esenciales, ya en proceso de fortalecimiento mediante nuevas herramientas y mecanismos. En cuanto al uso de la inteligencia artificial, subray\u00f3 su capacidad para recopilar grandes vol\u00famenes de datos, generar discursos persuasivos y creibles y saturar el espacio informativo con ruido, restando el alcance de la informaci\u00f3n veraz.<\/p>\n\n\n\n<p>La periodista Pilar Requena clausur\u00f3 la mesa aportando la perspectiva de los medios de comunicaci\u00f3n. Se\u00f1al\u00f3 que, pese a contar con herramientas y equipos de verificaci\u00f3n, la prensa contribuye en cierta medida a la polarizaci\u00f3n. Adem\u00e1s, record\u00f3 que la sociedad tiende a consumir informaci\u00f3n que confirma sus creencias previas, con independencia de su veracidad.<\/p>\n\n\n\n<p>Para ilustrar el papel de la prensa como garante del rigor informativo, cit\u00f3 la investigaci\u00f3n de un periodista belga infiltrado en la red de hackers Noname057(16). All\u00ed se le asignaron diversas tareas dentro de una campa\u00f1a para desacreditar a la OTAN, actuando como <em>agente desechable<\/em>: personas reclutadas habitualmente a trav\u00e9s de redes sociales o servicios de mensajer\u00eda para peque\u00f1as operaciones de sabotaje o difusi\u00f3n dirigida. Requena mencion\u00f3 tambi\u00e9n las campa\u00f1as del grupo <em>Storn-1516<\/em> en pa\u00edses como Alemania, donde clonaron con precisi\u00f3n las webs de medios de comunicaci\u00f3n de gran difusi\u00f3n para publicar contenidos manipulado y noticias falsas.<\/p>\n\n\n\n<div style=\"height:25px\" aria-hidden=\"true\" class=\"wp-block-spacer\"><\/div>\n\n\n\n<p class=\"has-medium-font-size\"><strong>El papel de los medios en la detecci\u00f3n y difusi\u00f3n de informaci\u00f3n sobre amenazas h\u00edbridas<\/strong><\/p>\n\n\n\n<p>Durante la segunda mesa redonda, titulada <strong><em>El papel de los medios en la detecci\u00f3n y difusi\u00f3n de informaci\u00f3n sobre amenazas h\u00edbridas<\/em><\/strong>, el periodista <strong>Borja D\u00edaz-Merry<\/strong> centr\u00f3 su intervenci\u00f3n en explicar el trabajo del equipo de <strong>VERIFICARTVE<\/strong>, especializado en la lucha contra la desinformaci\u00f3n. Subray\u00f3 que su labor no consiste \u00fanicamente en desmentir bulos, sino tambi\u00e9n en contrastar informaci\u00f3n mediante t\u00e9cnicas de <strong>fuentes abiertas (OSINT)<\/strong>. D\u00edaz-Merry distingui\u00f3 entre <em>desinformaci\u00f3n<\/em>, informaci\u00f3n falsa o enga\u00f1osa difundida de manera deliberada, y <em>informaci\u00f3n err\u00f3nea<\/em>, producto de errores no intencionados. Su trabajo se orienta principalmente a la primera, por su impacto y consecuencias mayores. Asimismo, mencion\u00f3 pr\u00e1cticas emergentes como el <strong>LLM grooming<\/strong>, consistente en difundir informaci\u00f3n falsa para nutrir a los modelos de inteligencia artificial y provocar respuestas incorrectas.<\/p>\n\n\n\n<p>VERIFICARTVE forma parte de la <strong>Uni\u00f3n Europea de Radiodifusi\u00f3n<\/strong> y participa en dos alianzas: la <strong>Red de Periodismo de Investigaci\u00f3n<\/strong>, liderada por Pilar Requena, y <strong>Spotlight<\/strong>, la alianza europea de medios p\u00fablicos contra la desinformaci\u00f3n. D\u00edaz-Merry destac\u00f3 tambi\u00e9n la investigaci\u00f3n internacional <em>Playing with Fire<\/em>, destinada a elaborar un mapa de los episodios de guerra h\u00edbrida atribuidos a Rusia. Para concluir, record\u00f3 que la verificaci\u00f3n es un complemento, pero nunca un sustituto del trabajo period\u00edstico sobre el terreno.<\/p>\n\n\n\n<p>Por su parte, <strong>Jos\u00e9 M. Rodr\u00edguez<\/strong> ofreci\u00f3 una visi\u00f3n m\u00e1s tecnol\u00f3gica sobre los retos del periodismo en la lucha contra la desinformaci\u00f3n. Se\u00f1al\u00f3 que los medios tradicionales han dejado de ser los principales difusores de informaci\u00f3n, superados por buscadores como Google y por las redes sociales. Desde 2020, destac\u00f3, el consumo informativo ha cambiado de forma sustancial debido a factores como la proliferaci\u00f3n del <strong>v\u00eddeo vertical<\/strong>, de car\u00e1cter ef\u00edmero y dif\u00edcil de contextualizar; la creciente confianza en <strong>creadores individuales<\/strong> que operan al margen de los medios; y el peso decisivo del <strong>algoritmo<\/strong>, que determina qu\u00e9 contenidos llegan a cada usuario.<\/p>\n\n\n\n<p>Estas transformaciones han situado a los medios ante una disyuntiva: mantener criterios period\u00edsticos cl\u00e1sicos o adaptar su contenido al rendimiento algor\u00edtmico. Esta tendencia ha contribuido a un fuerte descenso de la confianza p\u00fablica en los medios y a una ca\u00edda general del consumo de noticias, tanto en prensa y televisi\u00f3n como en las propias redes sociales.<\/p>\n\n\n\n<p>En este escenario, las grandes tecnol\u00f3gicas juegan un papel determinante, especialmente ante la posible llegada de la <strong>\u201cera del clic cero\u201d<\/strong>, en la que la mayor\u00eda de consultas informativas se realizar\u00edan mediante inteligencias artificiales como Gemini o ChatGPT. Esto plantea riesgos como la dificultad para atribuir fuentes, la proliferaci\u00f3n de <em>deepfakes<\/em>, inexactitudes o la manipulaci\u00f3n de los modelos mediante campa\u00f1as de influencia. Para concluir, Rodr\u00edguez subray\u00f3 que el uso de la IA tambi\u00e9n puede abrir ventanas de oportunidad si se establecen alianzas estrat\u00e9gicas entre plataformas tecnol\u00f3gicas y medios tradicionales orientadas al uso de contenido verificado, una mayor transparencia y la creaci\u00f3n de comunidades informativas m\u00e1s s\u00f3lidas.<\/p>\n\n\n\n<p>Por \u00faltimo, <strong>Antx\u00f3n Sarasqueta<\/strong> ofreci\u00f3 una reflexi\u00f3n de car\u00e1cter m\u00e1s amplio sobre la evoluci\u00f3n del periodismo y la manera en que hoy se genera, gestiona y utiliza la informaci\u00f3n. Subray\u00f3 que la informaci\u00f3n puede responder a objetivos muy distintos, constructivos o perjudiciales, y que un uso inadecuado puede derivar en consecuencias negativas para la sociedad. Sarasqueta se refiri\u00f3 al contexto actual como una aut\u00e9ntica <em>guerra de la desinformaci\u00f3n<\/em>, un escenario en el que el papel de los analistas de informaci\u00f3n adquiere una relevancia creciente, no solo en el \u00e1mbito period\u00edstico, sino tambi\u00e9n en sectores como el militar, el sanitario y otros \u00e1mbitos profesionales que dependen de datos fiables para la toma de decisiones.<\/p>\n\n\n\n<div style=\"height:25px\" aria-hidden=\"true\" class=\"wp-block-spacer\"><\/div>\n\n\n\n<p class=\"has-medium-font-size\"><strong>Clausura del Seminario<\/strong><\/p>\n\n\n\n<p>La jornada concluy\u00f3 con unas palabras del director general de INCIPE, Vicente Garrido, quien subray\u00f3 la necesidad de fortalecer la cooperaci\u00f3n entre instituciones, medios de comunicaci\u00f3n y sociedad civil, y reafirm\u00f3 el compromiso de INCIPE con la Cultura de Defensa como espacio de di\u00e1logo y an\u00e1lisis en colaboraci\u00f3n con el Ministerio de Defensa.<\/p>\n\n\n\n<p class=\"has-small-font-size\">Aranzazu \u00c1lvarez<\/p>\n\n\n\n<div style=\"height:30px\" aria-hidden=\"true\" class=\"wp-block-spacer\"><\/div>\n\n\n\n<div class=\"wp-block-buttons is-content-justification-center is-layout-flex wp-container-core-buttons-is-layout-1 wp-block-buttons-is-layout-flex\">\n<div class=\"wp-block-button has-custom-width wp-block-button__width-25 has-custom-font-size is-style-outline has-small-font-size is-style-outline--1\"><a class=\"wp-block-button__link wp-element-button\" href=\"https:\/\/fundacionincipe.com\/wp-content\/uploads\/2025\/11\/Programa-XX-Seminario-FAS-y-Medios-INCIPE-2025.pdf\" target=\"_blank\" rel=\"noreferrer noopener\"><strong>Consulta el programa <\/strong><\/a><\/div>\n<\/div>\n\n\n\n<div style=\"height:30px\" aria-hidden=\"true\" class=\"wp-block-spacer\"><\/div>\n\n\n\n<figure class=\"wp-block-gallery has-nested-images columns-default is-cropped wp-block-gallery-2 is-layout-flex wp-block-gallery-is-layout-flex\">\n<figure data-wp-context=\"{&quot;imageId&quot;:&quot;69f32c04481ec&quot;}\" data-wp-interactive=\"core\/image\" class=\"wp-block-image size-large wp-lightbox-container\"><img fetchpriority=\"high\" decoding=\"async\" width=\"1024\" height=\"683\" data-wp-class--hide=\"state.isContentHidden\" data-wp-class--show=\"state.isContentVisible\" data-wp-init=\"callbacks.setButtonStyles\" data-wp-on-async--click=\"actions.showLightbox\" data-wp-on-async--load=\"callbacks.setButtonStyles\" data-wp-on-async-window--resize=\"callbacks.setButtonStyles\" data-id=\"23388\" src=\"https:\/\/fundacionincipe.com\/wp-content\/uploads\/2025\/12\/garridofotografos.com__JCG8392-1024x683.jpg\" alt=\"\" class=\"wp-image-23388\" srcset=\"https:\/\/fundacionincipe.com\/wp-content\/uploads\/2025\/12\/garridofotografos.com__JCG8392-1024x683.jpg 1024w, https:\/\/fundacionincipe.com\/wp-content\/uploads\/2025\/12\/garridofotografos.com__JCG8392-300x200.jpg 300w, https:\/\/fundacionincipe.com\/wp-content\/uploads\/2025\/12\/garridofotografos.com__JCG8392-768x512.jpg 768w, https:\/\/fundacionincipe.com\/wp-content\/uploads\/2025\/12\/garridofotografos.com__JCG8392-1536x1024.jpg 1536w, https:\/\/fundacionincipe.com\/wp-content\/uploads\/2025\/12\/garridofotografos.com__JCG8392-2048x1366.jpg 2048w\" sizes=\"(max-width: 1024px) 100vw, 1024px\" \/><button\n\t\t\tclass=\"lightbox-trigger\"\n\t\t\ttype=\"button\"\n\t\t\taria-haspopup=\"dialog\"\n\t\t\taria-label=\"Ampliar la imagen\"\n\t\t\tdata-wp-init=\"callbacks.initTriggerButton\"\n\t\t\tdata-wp-on-async--click=\"actions.showLightbox\"\n\t\t\tdata-wp-style--right=\"state.imageButtonRight\"\n\t\t\tdata-wp-style--top=\"state.imageButtonTop\"\n\t\t>\n\t\t\t<svg xmlns=\"http:\/\/www.w3.org\/2000\/svg\" width=\"12\" height=\"12\" fill=\"none\" viewBox=\"0 0 12 12\">\n\t\t\t\t<path fill=\"#fff\" d=\"M2 0a2 2 0 0 0-2 2v2h1.5V2a.5.5 0 0 1 .5-.5h2V0H2Zm2 10.5H2a.5.5 0 0 1-.5-.5V8H0v2a2 2 0 0 0 2 2h2v-1.5ZM8 12v-1.5h2a.5.5 0 0 0 .5-.5V8H12v2a2 2 0 0 1-2 2H8Zm2-12a2 2 0 0 1 2 2v2h-1.5V2a.5.5 0 0 0-.5-.5H8V0h2Z\" \/>\n\t\t\t<\/svg>\n\t\t<\/button><\/figure>\n\n\n\n<figure data-wp-context=\"{&quot;imageId&quot;:&quot;69f32c044887e&quot;}\" data-wp-interactive=\"core\/image\" class=\"wp-block-image size-large wp-lightbox-container\"><img decoding=\"async\" width=\"1024\" height=\"683\" data-wp-class--hide=\"state.isContentHidden\" data-wp-class--show=\"state.isContentVisible\" data-wp-init=\"callbacks.setButtonStyles\" data-wp-on-async--click=\"actions.showLightbox\" data-wp-on-async--load=\"callbacks.setButtonStyles\" data-wp-on-async-window--resize=\"callbacks.setButtonStyles\" data-id=\"23389\" src=\"https:\/\/fundacionincipe.com\/wp-content\/uploads\/2025\/12\/garridofotografos.com__JCG8420-1024x683.jpg\" alt=\"\" class=\"wp-image-23389\" srcset=\"https:\/\/fundacionincipe.com\/wp-content\/uploads\/2025\/12\/garridofotografos.com__JCG8420-1024x683.jpg 1024w, https:\/\/fundacionincipe.com\/wp-content\/uploads\/2025\/12\/garridofotografos.com__JCG8420-300x200.jpg 300w, https:\/\/fundacionincipe.com\/wp-content\/uploads\/2025\/12\/garridofotografos.com__JCG8420-768x512.jpg 768w, https:\/\/fundacionincipe.com\/wp-content\/uploads\/2025\/12\/garridofotografos.com__JCG8420-1536x1024.jpg 1536w, https:\/\/fundacionincipe.com\/wp-content\/uploads\/2025\/12\/garridofotografos.com__JCG8420-2048x1365.jpg 2048w\" sizes=\"(max-width: 1024px) 100vw, 1024px\" \/><button\n\t\t\tclass=\"lightbox-trigger\"\n\t\t\ttype=\"button\"\n\t\t\taria-haspopup=\"dialog\"\n\t\t\taria-label=\"Ampliar la imagen\"\n\t\t\tdata-wp-init=\"callbacks.initTriggerButton\"\n\t\t\tdata-wp-on-async--click=\"actions.showLightbox\"\n\t\t\tdata-wp-style--right=\"state.imageButtonRight\"\n\t\t\tdata-wp-style--top=\"state.imageButtonTop\"\n\t\t>\n\t\t\t<svg xmlns=\"http:\/\/www.w3.org\/2000\/svg\" width=\"12\" height=\"12\" fill=\"none\" viewBox=\"0 0 12 12\">\n\t\t\t\t<path fill=\"#fff\" d=\"M2 0a2 2 0 0 0-2 2v2h1.5V2a.5.5 0 0 1 .5-.5h2V0H2Zm2 10.5H2a.5.5 0 0 1-.5-.5V8H0v2a2 2 0 0 0 2 2h2v-1.5ZM8 12v-1.5h2a.5.5 0 0 0 .5-.5V8H12v2a2 2 0 0 1-2 2H8Zm2-12a2 2 0 0 1 2 2v2h-1.5V2a.5.5 0 0 0-.5-.5H8V0h2Z\" \/>\n\t\t\t<\/svg>\n\t\t<\/button><\/figure>\n\n\n\n<figure data-wp-context=\"{&quot;imageId&quot;:&quot;69f32c0448ce5&quot;}\" data-wp-interactive=\"core\/image\" class=\"wp-block-image size-large wp-lightbox-container\"><img decoding=\"async\" width=\"1024\" height=\"683\" data-wp-class--hide=\"state.isContentHidden\" data-wp-class--show=\"state.isContentVisible\" data-wp-init=\"callbacks.setButtonStyles\" data-wp-on-async--click=\"actions.showLightbox\" data-wp-on-async--load=\"callbacks.setButtonStyles\" data-wp-on-async-window--resize=\"callbacks.setButtonStyles\" data-id=\"23390\" src=\"https:\/\/fundacionincipe.com\/wp-content\/uploads\/2025\/12\/garridofotografos.com__JCG8476-1024x683.jpg\" alt=\"\" class=\"wp-image-23390\" srcset=\"https:\/\/fundacionincipe.com\/wp-content\/uploads\/2025\/12\/garridofotografos.com__JCG8476-1024x683.jpg 1024w, https:\/\/fundacionincipe.com\/wp-content\/uploads\/2025\/12\/garridofotografos.com__JCG8476-300x200.jpg 300w, https:\/\/fundacionincipe.com\/wp-content\/uploads\/2025\/12\/garridofotografos.com__JCG8476-768x512.jpg 768w, https:\/\/fundacionincipe.com\/wp-content\/uploads\/2025\/12\/garridofotografos.com__JCG8476-1536x1024.jpg 1536w, https:\/\/fundacionincipe.com\/wp-content\/uploads\/2025\/12\/garridofotografos.com__JCG8476-2048x1366.jpg 2048w\" sizes=\"(max-width: 1024px) 100vw, 1024px\" \/><button\n\t\t\tclass=\"lightbox-trigger\"\n\t\t\ttype=\"button\"\n\t\t\taria-haspopup=\"dialog\"\n\t\t\taria-label=\"Ampliar la imagen\"\n\t\t\tdata-wp-init=\"callbacks.initTriggerButton\"\n\t\t\tdata-wp-on-async--click=\"actions.showLightbox\"\n\t\t\tdata-wp-style--right=\"state.imageButtonRight\"\n\t\t\tdata-wp-style--top=\"state.imageButtonTop\"\n\t\t>\n\t\t\t<svg xmlns=\"http:\/\/www.w3.org\/2000\/svg\" width=\"12\" height=\"12\" fill=\"none\" viewBox=\"0 0 12 12\">\n\t\t\t\t<path fill=\"#fff\" d=\"M2 0a2 2 0 0 0-2 2v2h1.5V2a.5.5 0 0 1 .5-.5h2V0H2Zm2 10.5H2a.5.5 0 0 1-.5-.5V8H0v2a2 2 0 0 0 2 2h2v-1.5ZM8 12v-1.5h2a.5.5 0 0 0 .5-.5V8H12v2a2 2 0 0 1-2 2H8Zm2-12a2 2 0 0 1 2 2v2h-1.5V2a.5.5 0 0 0-.5-.5H8V0h2Z\" \/>\n\t\t\t<\/svg>\n\t\t<\/button><\/figure>\n\n\n\n<figure data-wp-context=\"{&quot;imageId&quot;:&quot;69f32c0449124&quot;}\" data-wp-interactive=\"core\/image\" class=\"wp-block-image size-large wp-lightbox-container\"><img loading=\"lazy\" decoding=\"async\" width=\"1024\" height=\"683\" data-wp-class--hide=\"state.isContentHidden\" data-wp-class--show=\"state.isContentVisible\" data-wp-init=\"callbacks.setButtonStyles\" data-wp-on-async--click=\"actions.showLightbox\" data-wp-on-async--load=\"callbacks.setButtonStyles\" data-wp-on-async-window--resize=\"callbacks.setButtonStyles\" data-id=\"23391\" src=\"https:\/\/fundacionincipe.com\/wp-content\/uploads\/2025\/12\/garridofotografos.com__JCG8538-1024x683.jpg\" alt=\"\" class=\"wp-image-23391\" srcset=\"https:\/\/fundacionincipe.com\/wp-content\/uploads\/2025\/12\/garridofotografos.com__JCG8538-1024x683.jpg 1024w, https:\/\/fundacionincipe.com\/wp-content\/uploads\/2025\/12\/garridofotografos.com__JCG8538-300x200.jpg 300w, https:\/\/fundacionincipe.com\/wp-content\/uploads\/2025\/12\/garridofotografos.com__JCG8538-768x512.jpg 768w, https:\/\/fundacionincipe.com\/wp-content\/uploads\/2025\/12\/garridofotografos.com__JCG8538-1536x1024.jpg 1536w, https:\/\/fundacionincipe.com\/wp-content\/uploads\/2025\/12\/garridofotografos.com__JCG8538-2048x1365.jpg 2048w\" sizes=\"(max-width: 1024px) 100vw, 1024px\" \/><button\n\t\t\tclass=\"lightbox-trigger\"\n\t\t\ttype=\"button\"\n\t\t\taria-haspopup=\"dialog\"\n\t\t\taria-label=\"Ampliar la imagen\"\n\t\t\tdata-wp-init=\"callbacks.initTriggerButton\"\n\t\t\tdata-wp-on-async--click=\"actions.showLightbox\"\n\t\t\tdata-wp-style--right=\"state.imageButtonRight\"\n\t\t\tdata-wp-style--top=\"state.imageButtonTop\"\n\t\t>\n\t\t\t<svg xmlns=\"http:\/\/www.w3.org\/2000\/svg\" width=\"12\" height=\"12\" fill=\"none\" viewBox=\"0 0 12 12\">\n\t\t\t\t<path fill=\"#fff\" d=\"M2 0a2 2 0 0 0-2 2v2h1.5V2a.5.5 0 0 1 .5-.5h2V0H2Zm2 10.5H2a.5.5 0 0 1-.5-.5V8H0v2a2 2 0 0 0 2 2h2v-1.5ZM8 12v-1.5h2a.5.5 0 0 0 .5-.5V8H12v2a2 2 0 0 1-2 2H8Zm2-12a2 2 0 0 1 2 2v2h-1.5V2a.5.5 0 0 0-.5-.5H8V0h2Z\" \/>\n\t\t\t<\/svg>\n\t\t<\/button><\/figure>\n\n\n\n<figure data-wp-context=\"{&quot;imageId&quot;:&quot;69f32c0449557&quot;}\" data-wp-interactive=\"core\/image\" class=\"wp-block-image size-large wp-lightbox-container\"><img loading=\"lazy\" decoding=\"async\" width=\"1024\" height=\"683\" data-wp-class--hide=\"state.isContentHidden\" data-wp-class--show=\"state.isContentVisible\" data-wp-init=\"callbacks.setButtonStyles\" data-wp-on-async--click=\"actions.showLightbox\" data-wp-on-async--load=\"callbacks.setButtonStyles\" data-wp-on-async-window--resize=\"callbacks.setButtonStyles\" data-id=\"23392\" src=\"https:\/\/fundacionincipe.com\/wp-content\/uploads\/2025\/12\/garridofotografos.com__JCG8521-1024x683.jpg\" alt=\"\" class=\"wp-image-23392\" srcset=\"https:\/\/fundacionincipe.com\/wp-content\/uploads\/2025\/12\/garridofotografos.com__JCG8521-1024x683.jpg 1024w, https:\/\/fundacionincipe.com\/wp-content\/uploads\/2025\/12\/garridofotografos.com__JCG8521-300x200.jpg 300w, https:\/\/fundacionincipe.com\/wp-content\/uploads\/2025\/12\/garridofotografos.com__JCG8521-768x512.jpg 768w, https:\/\/fundacionincipe.com\/wp-content\/uploads\/2025\/12\/garridofotografos.com__JCG8521-1536x1024.jpg 1536w, https:\/\/fundacionincipe.com\/wp-content\/uploads\/2025\/12\/garridofotografos.com__JCG8521-2048x1365.jpg 2048w\" sizes=\"(max-width: 1024px) 100vw, 1024px\" \/><button\n\t\t\tclass=\"lightbox-trigger\"\n\t\t\ttype=\"button\"\n\t\t\taria-haspopup=\"dialog\"\n\t\t\taria-label=\"Ampliar la imagen\"\n\t\t\tdata-wp-init=\"callbacks.initTriggerButton\"\n\t\t\tdata-wp-on-async--click=\"actions.showLightbox\"\n\t\t\tdata-wp-style--right=\"state.imageButtonRight\"\n\t\t\tdata-wp-style--top=\"state.imageButtonTop\"\n\t\t>\n\t\t\t<svg xmlns=\"http:\/\/www.w3.org\/2000\/svg\" width=\"12\" height=\"12\" fill=\"none\" viewBox=\"0 0 12 12\">\n\t\t\t\t<path fill=\"#fff\" d=\"M2 0a2 2 0 0 0-2 2v2h1.5V2a.5.5 0 0 1 .5-.5h2V0H2Zm2 10.5H2a.5.5 0 0 1-.5-.5V8H0v2a2 2 0 0 0 2 2h2v-1.5ZM8 12v-1.5h2a.5.5 0 0 0 .5-.5V8H12v2a2 2 0 0 1-2 2H8Zm2-12a2 2 0 0 1 2 2v2h-1.5V2a.5.5 0 0 0-.5-.5H8V0h2Z\" \/>\n\t\t\t<\/svg>\n\t\t<\/button><\/figure>\n\n\n\n<figure data-wp-context=\"{&quot;imageId&quot;:&quot;69f32c0449980&quot;}\" data-wp-interactive=\"core\/image\" class=\"wp-block-image size-large wp-lightbox-container\"><img loading=\"lazy\" decoding=\"async\" width=\"1024\" height=\"683\" data-wp-class--hide=\"state.isContentHidden\" data-wp-class--show=\"state.isContentVisible\" data-wp-init=\"callbacks.setButtonStyles\" data-wp-on-async--click=\"actions.showLightbox\" data-wp-on-async--load=\"callbacks.setButtonStyles\" data-wp-on-async-window--resize=\"callbacks.setButtonStyles\" data-id=\"23393\" src=\"https:\/\/fundacionincipe.com\/wp-content\/uploads\/2025\/12\/garridofotografos.com__JCG8547-1024x683.jpg\" alt=\"\" class=\"wp-image-23393\" srcset=\"https:\/\/fundacionincipe.com\/wp-content\/uploads\/2025\/12\/garridofotografos.com__JCG8547-1024x683.jpg 1024w, https:\/\/fundacionincipe.com\/wp-content\/uploads\/2025\/12\/garridofotografos.com__JCG8547-300x200.jpg 300w, https:\/\/fundacionincipe.com\/wp-content\/uploads\/2025\/12\/garridofotografos.com__JCG8547-768x512.jpg 768w, https:\/\/fundacionincipe.com\/wp-content\/uploads\/2025\/12\/garridofotografos.com__JCG8547-1536x1024.jpg 1536w, https:\/\/fundacionincipe.com\/wp-content\/uploads\/2025\/12\/garridofotografos.com__JCG8547-2048x1365.jpg 2048w\" sizes=\"(max-width: 1024px) 100vw, 1024px\" \/><button\n\t\t\tclass=\"lightbox-trigger\"\n\t\t\ttype=\"button\"\n\t\t\taria-haspopup=\"dialog\"\n\t\t\taria-label=\"Ampliar la imagen\"\n\t\t\tdata-wp-init=\"callbacks.initTriggerButton\"\n\t\t\tdata-wp-on-async--click=\"actions.showLightbox\"\n\t\t\tdata-wp-style--right=\"state.imageButtonRight\"\n\t\t\tdata-wp-style--top=\"state.imageButtonTop\"\n\t\t>\n\t\t\t<svg xmlns=\"http:\/\/www.w3.org\/2000\/svg\" width=\"12\" height=\"12\" fill=\"none\" viewBox=\"0 0 12 12\">\n\t\t\t\t<path fill=\"#fff\" d=\"M2 0a2 2 0 0 0-2 2v2h1.5V2a.5.5 0 0 1 .5-.5h2V0H2Zm2 10.5H2a.5.5 0 0 1-.5-.5V8H0v2a2 2 0 0 0 2 2h2v-1.5ZM8 12v-1.5h2a.5.5 0 0 0 .5-.5V8H12v2a2 2 0 0 1-2 2H8Zm2-12a2 2 0 0 1 2 2v2h-1.5V2a.5.5 0 0 0-.5-.5H8V0h2Z\" \/>\n\t\t\t<\/svg>\n\t\t<\/button><\/figure>\n\n\n\n<figure data-wp-context=\"{&quot;imageId&quot;:&quot;69f32c0449dbc&quot;}\" data-wp-interactive=\"core\/image\" class=\"wp-block-image size-large wp-lightbox-container\"><img loading=\"lazy\" decoding=\"async\" width=\"1024\" height=\"683\" data-wp-class--hide=\"state.isContentHidden\" data-wp-class--show=\"state.isContentVisible\" data-wp-init=\"callbacks.setButtonStyles\" data-wp-on-async--click=\"actions.showLightbox\" data-wp-on-async--load=\"callbacks.setButtonStyles\" data-wp-on-async-window--resize=\"callbacks.setButtonStyles\" data-id=\"23394\" src=\"https:\/\/fundacionincipe.com\/wp-content\/uploads\/2025\/12\/garridofotografos.com__JCG8549-1024x683.jpg\" alt=\"\" class=\"wp-image-23394\" srcset=\"https:\/\/fundacionincipe.com\/wp-content\/uploads\/2025\/12\/garridofotografos.com__JCG8549-1024x683.jpg 1024w, https:\/\/fundacionincipe.com\/wp-content\/uploads\/2025\/12\/garridofotografos.com__JCG8549-300x200.jpg 300w, https:\/\/fundacionincipe.com\/wp-content\/uploads\/2025\/12\/garridofotografos.com__JCG8549-768x512.jpg 768w, https:\/\/fundacionincipe.com\/wp-content\/uploads\/2025\/12\/garridofotografos.com__JCG8549-1536x1024.jpg 1536w, https:\/\/fundacionincipe.com\/wp-content\/uploads\/2025\/12\/garridofotografos.com__JCG8549-2048x1365.jpg 2048w\" sizes=\"(max-width: 1024px) 100vw, 1024px\" \/><button\n\t\t\tclass=\"lightbox-trigger\"\n\t\t\ttype=\"button\"\n\t\t\taria-haspopup=\"dialog\"\n\t\t\taria-label=\"Ampliar la imagen\"\n\t\t\tdata-wp-init=\"callbacks.initTriggerButton\"\n\t\t\tdata-wp-on-async--click=\"actions.showLightbox\"\n\t\t\tdata-wp-style--right=\"state.imageButtonRight\"\n\t\t\tdata-wp-style--top=\"state.imageButtonTop\"\n\t\t>\n\t\t\t<svg xmlns=\"http:\/\/www.w3.org\/2000\/svg\" width=\"12\" height=\"12\" fill=\"none\" viewBox=\"0 0 12 12\">\n\t\t\t\t<path fill=\"#fff\" d=\"M2 0a2 2 0 0 0-2 2v2h1.5V2a.5.5 0 0 1 .5-.5h2V0H2Zm2 10.5H2a.5.5 0 0 1-.5-.5V8H0v2a2 2 0 0 0 2 2h2v-1.5ZM8 12v-1.5h2a.5.5 0 0 0 .5-.5V8H12v2a2 2 0 0 1-2 2H8Zm2-12a2 2 0 0 1 2 2v2h-1.5V2a.5.5 0 0 0-.5-.5H8V0h2Z\" \/>\n\t\t\t<\/svg>\n\t\t<\/button><\/figure>\n\n\n\n<figure data-wp-context=\"{&quot;imageId&quot;:&quot;69f32c044a1ff&quot;}\" data-wp-interactive=\"core\/image\" class=\"wp-block-image size-large wp-lightbox-container\"><img loading=\"lazy\" decoding=\"async\" width=\"1024\" height=\"683\" data-wp-class--hide=\"state.isContentHidden\" data-wp-class--show=\"state.isContentVisible\" data-wp-init=\"callbacks.setButtonStyles\" data-wp-on-async--click=\"actions.showLightbox\" data-wp-on-async--load=\"callbacks.setButtonStyles\" data-wp-on-async-window--resize=\"callbacks.setButtonStyles\" data-id=\"23395\" src=\"https:\/\/fundacionincipe.com\/wp-content\/uploads\/2025\/12\/garridofotografos.com__JCG8634-1024x683.jpg\" alt=\"\" class=\"wp-image-23395\" srcset=\"https:\/\/fundacionincipe.com\/wp-content\/uploads\/2025\/12\/garridofotografos.com__JCG8634-1024x683.jpg 1024w, https:\/\/fundacionincipe.com\/wp-content\/uploads\/2025\/12\/garridofotografos.com__JCG8634-300x200.jpg 300w, https:\/\/fundacionincipe.com\/wp-content\/uploads\/2025\/12\/garridofotografos.com__JCG8634-768x512.jpg 768w, https:\/\/fundacionincipe.com\/wp-content\/uploads\/2025\/12\/garridofotografos.com__JCG8634-1536x1024.jpg 1536w, https:\/\/fundacionincipe.com\/wp-content\/uploads\/2025\/12\/garridofotografos.com__JCG8634-2048x1365.jpg 2048w\" sizes=\"(max-width: 1024px) 100vw, 1024px\" \/><button\n\t\t\tclass=\"lightbox-trigger\"\n\t\t\ttype=\"button\"\n\t\t\taria-haspopup=\"dialog\"\n\t\t\taria-label=\"Ampliar la imagen\"\n\t\t\tdata-wp-init=\"callbacks.initTriggerButton\"\n\t\t\tdata-wp-on-async--click=\"actions.showLightbox\"\n\t\t\tdata-wp-style--right=\"state.imageButtonRight\"\n\t\t\tdata-wp-style--top=\"state.imageButtonTop\"\n\t\t>\n\t\t\t<svg xmlns=\"http:\/\/www.w3.org\/2000\/svg\" width=\"12\" height=\"12\" fill=\"none\" viewBox=\"0 0 12 12\">\n\t\t\t\t<path fill=\"#fff\" d=\"M2 0a2 2 0 0 0-2 2v2h1.5V2a.5.5 0 0 1 .5-.5h2V0H2Zm2 10.5H2a.5.5 0 0 1-.5-.5V8H0v2a2 2 0 0 0 2 2h2v-1.5ZM8 12v-1.5h2a.5.5 0 0 0 .5-.5V8H12v2a2 2 0 0 1-2 2H8Zm2-12a2 2 0 0 1 2 2v2h-1.5V2a.5.5 0 0 0-.5-.5H8V0h2Z\" \/>\n\t\t\t<\/svg>\n\t\t<\/button><\/figure>\n\n\n\n<figure data-wp-context=\"{&quot;imageId&quot;:&quot;69f32c044a611&quot;}\" data-wp-interactive=\"core\/image\" class=\"wp-block-image size-large wp-lightbox-container\"><img loading=\"lazy\" decoding=\"async\" width=\"1024\" height=\"683\" data-wp-class--hide=\"state.isContentHidden\" data-wp-class--show=\"state.isContentVisible\" data-wp-init=\"callbacks.setButtonStyles\" data-wp-on-async--click=\"actions.showLightbox\" data-wp-on-async--load=\"callbacks.setButtonStyles\" data-wp-on-async-window--resize=\"callbacks.setButtonStyles\" data-id=\"23396\" src=\"https:\/\/fundacionincipe.com\/wp-content\/uploads\/2025\/12\/garridofotografos.com__JCG8672-1024x683.jpg\" alt=\"\" class=\"wp-image-23396\" srcset=\"https:\/\/fundacionincipe.com\/wp-content\/uploads\/2025\/12\/garridofotografos.com__JCG8672-1024x683.jpg 1024w, https:\/\/fundacionincipe.com\/wp-content\/uploads\/2025\/12\/garridofotografos.com__JCG8672-300x200.jpg 300w, https:\/\/fundacionincipe.com\/wp-content\/uploads\/2025\/12\/garridofotografos.com__JCG8672-768x512.jpg 768w, https:\/\/fundacionincipe.com\/wp-content\/uploads\/2025\/12\/garridofotografos.com__JCG8672-1536x1024.jpg 1536w, https:\/\/fundacionincipe.com\/wp-content\/uploads\/2025\/12\/garridofotografos.com__JCG8672-2048x1365.jpg 2048w\" sizes=\"(max-width: 1024px) 100vw, 1024px\" \/><button\n\t\t\tclass=\"lightbox-trigger\"\n\t\t\ttype=\"button\"\n\t\t\taria-haspopup=\"dialog\"\n\t\t\taria-label=\"Ampliar la imagen\"\n\t\t\tdata-wp-init=\"callbacks.initTriggerButton\"\n\t\t\tdata-wp-on-async--click=\"actions.showLightbox\"\n\t\t\tdata-wp-style--right=\"state.imageButtonRight\"\n\t\t\tdata-wp-style--top=\"state.imageButtonTop\"\n\t\t>\n\t\t\t<svg xmlns=\"http:\/\/www.w3.org\/2000\/svg\" width=\"12\" height=\"12\" fill=\"none\" viewBox=\"0 0 12 12\">\n\t\t\t\t<path fill=\"#fff\" d=\"M2 0a2 2 0 0 0-2 2v2h1.5V2a.5.5 0 0 1 .5-.5h2V0H2Zm2 10.5H2a.5.5 0 0 1-.5-.5V8H0v2a2 2 0 0 0 2 2h2v-1.5ZM8 12v-1.5h2a.5.5 0 0 0 .5-.5V8H12v2a2 2 0 0 1-2 2H8Zm2-12a2 2 0 0 1 2 2v2h-1.5V2a.5.5 0 0 0-.5-.5H8V0h2Z\" \/>\n\t\t\t<\/svg>\n\t\t<\/button><\/figure>\n\n\n\n<figure data-wp-context=\"{&quot;imageId&quot;:&quot;69f32c044aa2b&quot;}\" data-wp-interactive=\"core\/image\" class=\"wp-block-image size-large wp-lightbox-container\"><img loading=\"lazy\" decoding=\"async\" width=\"1024\" height=\"683\" data-wp-class--hide=\"state.isContentHidden\" data-wp-class--show=\"state.isContentVisible\" data-wp-init=\"callbacks.setButtonStyles\" data-wp-on-async--click=\"actions.showLightbox\" data-wp-on-async--load=\"callbacks.setButtonStyles\" data-wp-on-async-window--resize=\"callbacks.setButtonStyles\" data-id=\"23397\" src=\"https:\/\/fundacionincipe.com\/wp-content\/uploads\/2025\/12\/garridofotografos.com__JCG8683-1024x683.jpg\" alt=\"\" class=\"wp-image-23397\" srcset=\"https:\/\/fundacionincipe.com\/wp-content\/uploads\/2025\/12\/garridofotografos.com__JCG8683-1024x683.jpg 1024w, https:\/\/fundacionincipe.com\/wp-content\/uploads\/2025\/12\/garridofotografos.com__JCG8683-300x200.jpg 300w, https:\/\/fundacionincipe.com\/wp-content\/uploads\/2025\/12\/garridofotografos.com__JCG8683-768x512.jpg 768w, https:\/\/fundacionincipe.com\/wp-content\/uploads\/2025\/12\/garridofotografos.com__JCG8683-1536x1024.jpg 1536w, https:\/\/fundacionincipe.com\/wp-content\/uploads\/2025\/12\/garridofotografos.com__JCG8683-2048x1365.jpg 2048w\" sizes=\"(max-width: 1024px) 100vw, 1024px\" \/><button\n\t\t\tclass=\"lightbox-trigger\"\n\t\t\ttype=\"button\"\n\t\t\taria-haspopup=\"dialog\"\n\t\t\taria-label=\"Ampliar la imagen\"\n\t\t\tdata-wp-init=\"callbacks.initTriggerButton\"\n\t\t\tdata-wp-on-async--click=\"actions.showLightbox\"\n\t\t\tdata-wp-style--right=\"state.imageButtonRight\"\n\t\t\tdata-wp-style--top=\"state.imageButtonTop\"\n\t\t>\n\t\t\t<svg xmlns=\"http:\/\/www.w3.org\/2000\/svg\" width=\"12\" height=\"12\" fill=\"none\" viewBox=\"0 0 12 12\">\n\t\t\t\t<path fill=\"#fff\" d=\"M2 0a2 2 0 0 0-2 2v2h1.5V2a.5.5 0 0 1 .5-.5h2V0H2Zm2 10.5H2a.5.5 0 0 1-.5-.5V8H0v2a2 2 0 0 0 2 2h2v-1.5ZM8 12v-1.5h2a.5.5 0 0 0 .5-.5V8H12v2a2 2 0 0 1-2 2H8Zm2-12a2 2 0 0 1 2 2v2h-1.5V2a.5.5 0 0 0-.5-.5H8V0h2Z\" \/>\n\t\t\t<\/svg>\n\t\t<\/button><\/figure>\n\n\n\n<figure data-wp-context=\"{&quot;imageId&quot;:&quot;69f32c044ae51&quot;}\" data-wp-interactive=\"core\/image\" class=\"wp-block-image size-large wp-lightbox-container\"><img loading=\"lazy\" decoding=\"async\" width=\"1024\" height=\"683\" data-wp-class--hide=\"state.isContentHidden\" data-wp-class--show=\"state.isContentVisible\" data-wp-init=\"callbacks.setButtonStyles\" data-wp-on-async--click=\"actions.showLightbox\" data-wp-on-async--load=\"callbacks.setButtonStyles\" data-wp-on-async-window--resize=\"callbacks.setButtonStyles\" data-id=\"23398\" src=\"https:\/\/fundacionincipe.com\/wp-content\/uploads\/2025\/12\/garridofotografos.com__JCG8685-1024x683.jpg\" alt=\"\" class=\"wp-image-23398\" srcset=\"https:\/\/fundacionincipe.com\/wp-content\/uploads\/2025\/12\/garridofotografos.com__JCG8685-1024x683.jpg 1024w, https:\/\/fundacionincipe.com\/wp-content\/uploads\/2025\/12\/garridofotografos.com__JCG8685-300x200.jpg 300w, https:\/\/fundacionincipe.com\/wp-content\/uploads\/2025\/12\/garridofotografos.com__JCG8685-768x512.jpg 768w, https:\/\/fundacionincipe.com\/wp-content\/uploads\/2025\/12\/garridofotografos.com__JCG8685-1536x1024.jpg 1536w, https:\/\/fundacionincipe.com\/wp-content\/uploads\/2025\/12\/garridofotografos.com__JCG8685-2048x1365.jpg 2048w\" sizes=\"(max-width: 1024px) 100vw, 1024px\" \/><button\n\t\t\tclass=\"lightbox-trigger\"\n\t\t\ttype=\"button\"\n\t\t\taria-haspopup=\"dialog\"\n\t\t\taria-label=\"Ampliar la imagen\"\n\t\t\tdata-wp-init=\"callbacks.initTriggerButton\"\n\t\t\tdata-wp-on-async--click=\"actions.showLightbox\"\n\t\t\tdata-wp-style--right=\"state.imageButtonRight\"\n\t\t\tdata-wp-style--top=\"state.imageButtonTop\"\n\t\t>\n\t\t\t<svg xmlns=\"http:\/\/www.w3.org\/2000\/svg\" width=\"12\" height=\"12\" fill=\"none\" viewBox=\"0 0 12 12\">\n\t\t\t\t<path fill=\"#fff\" d=\"M2 0a2 2 0 0 0-2 2v2h1.5V2a.5.5 0 0 1 .5-.5h2V0H2Zm2 10.5H2a.5.5 0 0 1-.5-.5V8H0v2a2 2 0 0 0 2 2h2v-1.5ZM8 12v-1.5h2a.5.5 0 0 0 .5-.5V8H12v2a2 2 0 0 1-2 2H8Zm2-12a2 2 0 0 1 2 2v2h-1.5V2a.5.5 0 0 0-.5-.5H8V0h2Z\" \/>\n\t\t\t<\/svg>\n\t\t<\/button><\/figure>\n\n\n\n<figure data-wp-context=\"{&quot;imageId&quot;:&quot;69f32c044b27d&quot;}\" data-wp-interactive=\"core\/image\" class=\"wp-block-image size-large wp-lightbox-container\"><img loading=\"lazy\" decoding=\"async\" width=\"1024\" height=\"683\" data-wp-class--hide=\"state.isContentHidden\" data-wp-class--show=\"state.isContentVisible\" data-wp-init=\"callbacks.setButtonStyles\" data-wp-on-async--click=\"actions.showLightbox\" data-wp-on-async--load=\"callbacks.setButtonStyles\" data-wp-on-async-window--resize=\"callbacks.setButtonStyles\" data-id=\"23399\" src=\"https:\/\/fundacionincipe.com\/wp-content\/uploads\/2025\/12\/garridofotografos.com__JCG8711-1024x683.jpg\" alt=\"\" class=\"wp-image-23399\" srcset=\"https:\/\/fundacionincipe.com\/wp-content\/uploads\/2025\/12\/garridofotografos.com__JCG8711-1024x683.jpg 1024w, https:\/\/fundacionincipe.com\/wp-content\/uploads\/2025\/12\/garridofotografos.com__JCG8711-300x200.jpg 300w, https:\/\/fundacionincipe.com\/wp-content\/uploads\/2025\/12\/garridofotografos.com__JCG8711-768x512.jpg 768w, https:\/\/fundacionincipe.com\/wp-content\/uploads\/2025\/12\/garridofotografos.com__JCG8711-1536x1024.jpg 1536w, https:\/\/fundacionincipe.com\/wp-content\/uploads\/2025\/12\/garridofotografos.com__JCG8711-2048x1365.jpg 2048w\" sizes=\"(max-width: 1024px) 100vw, 1024px\" \/><button\n\t\t\tclass=\"lightbox-trigger\"\n\t\t\ttype=\"button\"\n\t\t\taria-haspopup=\"dialog\"\n\t\t\taria-label=\"Ampliar la imagen\"\n\t\t\tdata-wp-init=\"callbacks.initTriggerButton\"\n\t\t\tdata-wp-on-async--click=\"actions.showLightbox\"\n\t\t\tdata-wp-style--right=\"state.imageButtonRight\"\n\t\t\tdata-wp-style--top=\"state.imageButtonTop\"\n\t\t>\n\t\t\t<svg xmlns=\"http:\/\/www.w3.org\/2000\/svg\" width=\"12\" height=\"12\" fill=\"none\" viewBox=\"0 0 12 12\">\n\t\t\t\t<path fill=\"#fff\" d=\"M2 0a2 2 0 0 0-2 2v2h1.5V2a.5.5 0 0 1 .5-.5h2V0H2Zm2 10.5H2a.5.5 0 0 1-.5-.5V8H0v2a2 2 0 0 0 2 2h2v-1.5ZM8 12v-1.5h2a.5.5 0 0 0 .5-.5V8H12v2a2 2 0 0 1-2 2H8Zm2-12a2 2 0 0 1 2 2v2h-1.5V2a.5.5 0 0 0-.5-.5H8V0h2Z\" \/>\n\t\t\t<\/svg>\n\t\t<\/button><\/figure>\n\n\n\n<figure data-wp-context=\"{&quot;imageId&quot;:&quot;69f32c044b6b4&quot;}\" data-wp-interactive=\"core\/image\" class=\"wp-block-image size-large wp-lightbox-container\"><img loading=\"lazy\" decoding=\"async\" width=\"1024\" height=\"683\" data-wp-class--hide=\"state.isContentHidden\" data-wp-class--show=\"state.isContentVisible\" data-wp-init=\"callbacks.setButtonStyles\" data-wp-on-async--click=\"actions.showLightbox\" data-wp-on-async--load=\"callbacks.setButtonStyles\" data-wp-on-async-window--resize=\"callbacks.setButtonStyles\" data-id=\"23400\" src=\"https:\/\/fundacionincipe.com\/wp-content\/uploads\/2025\/12\/garridofotografos.com__JCG8739-1024x683.jpg\" alt=\"\" class=\"wp-image-23400\" srcset=\"https:\/\/fundacionincipe.com\/wp-content\/uploads\/2025\/12\/garridofotografos.com__JCG8739-1024x683.jpg 1024w, https:\/\/fundacionincipe.com\/wp-content\/uploads\/2025\/12\/garridofotografos.com__JCG8739-300x200.jpg 300w, https:\/\/fundacionincipe.com\/wp-content\/uploads\/2025\/12\/garridofotografos.com__JCG8739-768x512.jpg 768w, https:\/\/fundacionincipe.com\/wp-content\/uploads\/2025\/12\/garridofotografos.com__JCG8739-1536x1024.jpg 1536w, https:\/\/fundacionincipe.com\/wp-content\/uploads\/2025\/12\/garridofotografos.com__JCG8739-2048x1365.jpg 2048w\" sizes=\"(max-width: 1024px) 100vw, 1024px\" \/><button\n\t\t\tclass=\"lightbox-trigger\"\n\t\t\ttype=\"button\"\n\t\t\taria-haspopup=\"dialog\"\n\t\t\taria-label=\"Ampliar la imagen\"\n\t\t\tdata-wp-init=\"callbacks.initTriggerButton\"\n\t\t\tdata-wp-on-async--click=\"actions.showLightbox\"\n\t\t\tdata-wp-style--right=\"state.imageButtonRight\"\n\t\t\tdata-wp-style--top=\"state.imageButtonTop\"\n\t\t>\n\t\t\t<svg xmlns=\"http:\/\/www.w3.org\/2000\/svg\" width=\"12\" height=\"12\" fill=\"none\" viewBox=\"0 0 12 12\">\n\t\t\t\t<path fill=\"#fff\" d=\"M2 0a2 2 0 0 0-2 2v2h1.5V2a.5.5 0 0 1 .5-.5h2V0H2Zm2 10.5H2a.5.5 0 0 1-.5-.5V8H0v2a2 2 0 0 0 2 2h2v-1.5ZM8 12v-1.5h2a.5.5 0 0 0 .5-.5V8H12v2a2 2 0 0 1-2 2H8Zm2-12a2 2 0 0 1 2 2v2h-1.5V2a.5.5 0 0 0-.5-.5H8V0h2Z\" \/>\n\t\t\t<\/svg>\n\t\t<\/button><\/figure>\n\n\n\n<figure data-wp-context=\"{&quot;imageId&quot;:&quot;69f32c044bd5c&quot;}\" data-wp-interactive=\"core\/image\" class=\"wp-block-image size-large wp-lightbox-container\"><img loading=\"lazy\" decoding=\"async\" width=\"1024\" height=\"683\" data-wp-class--hide=\"state.isContentHidden\" data-wp-class--show=\"state.isContentVisible\" data-wp-init=\"callbacks.setButtonStyles\" data-wp-on-async--click=\"actions.showLightbox\" data-wp-on-async--load=\"callbacks.setButtonStyles\" data-wp-on-async-window--resize=\"callbacks.setButtonStyles\" data-id=\"23401\" src=\"https:\/\/fundacionincipe.com\/wp-content\/uploads\/2025\/12\/garridofotografos.com__JCG8770-1024x683.jpg\" alt=\"\" class=\"wp-image-23401\" srcset=\"https:\/\/fundacionincipe.com\/wp-content\/uploads\/2025\/12\/garridofotografos.com__JCG8770-1024x683.jpg 1024w, https:\/\/fundacionincipe.com\/wp-content\/uploads\/2025\/12\/garridofotografos.com__JCG8770-300x200.jpg 300w, https:\/\/fundacionincipe.com\/wp-content\/uploads\/2025\/12\/garridofotografos.com__JCG8770-768x512.jpg 768w, https:\/\/fundacionincipe.com\/wp-content\/uploads\/2025\/12\/garridofotografos.com__JCG8770-1536x1024.jpg 1536w, https:\/\/fundacionincipe.com\/wp-content\/uploads\/2025\/12\/garridofotografos.com__JCG8770-2048x1365.jpg 2048w\" sizes=\"(max-width: 1024px) 100vw, 1024px\" \/><button\n\t\t\tclass=\"lightbox-trigger\"\n\t\t\ttype=\"button\"\n\t\t\taria-haspopup=\"dialog\"\n\t\t\taria-label=\"Ampliar la imagen\"\n\t\t\tdata-wp-init=\"callbacks.initTriggerButton\"\n\t\t\tdata-wp-on-async--click=\"actions.showLightbox\"\n\t\t\tdata-wp-style--right=\"state.imageButtonRight\"\n\t\t\tdata-wp-style--top=\"state.imageButtonTop\"\n\t\t>\n\t\t\t<svg xmlns=\"http:\/\/www.w3.org\/2000\/svg\" width=\"12\" height=\"12\" fill=\"none\" viewBox=\"0 0 12 12\">\n\t\t\t\t<path fill=\"#fff\" d=\"M2 0a2 2 0 0 0-2 2v2h1.5V2a.5.5 0 0 1 .5-.5h2V0H2Zm2 10.5H2a.5.5 0 0 1-.5-.5V8H0v2a2 2 0 0 0 2 2h2v-1.5ZM8 12v-1.5h2a.5.5 0 0 0 .5-.5V8H12v2a2 2 0 0 1-2 2H8Zm2-12a2 2 0 0 1 2 2v2h-1.5V2a.5.5 0 0 0-.5-.5H8V0h2Z\" \/>\n\t\t\t<\/svg>\n\t\t<\/button><\/figure>\n<\/figure>\n","protected":false},"excerpt":{"rendered":"<p>INCIPE celebr\u00f3 la 20\u00aa edici\u00f3n del Seminario Fuerzas Armadas y Medios de Comunicaci\u00f3n, dedicado en esta ocasi\u00f3n a la ciberseguridad y las amenazas h\u00edbridas. La actividad, organizada en colaboraci\u00f3n con el Ministerio de Defensa, incluy\u00f3 una conferencia inaugural y dos mesas redondas centradas en la desinformaci\u00f3n en contextos de guerra h\u00edbrida y en el papel de los medios en la detecci\u00f3n y difusi\u00f3n de informaci\u00f3n sobre amenazas emergentes.<\/p>\n","protected":false},"author":3,"featured_media":23365,"comment_status":"open","ping_status":"closed","sticky":false,"template":"","format":"standard","meta":{"_acf_changed":false,"footnotes":""},"categories":[8,7],"tags":[],"class_list":["post-23377","post","type-post","status-publish","format-standard","has-post-thumbnail","hentry","category-conferencias-y-seminarios","category-destacado"],"acf":[],"_links":{"self":[{"href":"https:\/\/fundacionincipe.com\/index.php\/wp-json\/wp\/v2\/posts\/23377","targetHints":{"allow":["GET"]}}],"collection":[{"href":"https:\/\/fundacionincipe.com\/index.php\/wp-json\/wp\/v2\/posts"}],"about":[{"href":"https:\/\/fundacionincipe.com\/index.php\/wp-json\/wp\/v2\/types\/post"}],"author":[{"embeddable":true,"href":"https:\/\/fundacionincipe.com\/index.php\/wp-json\/wp\/v2\/users\/3"}],"replies":[{"embeddable":true,"href":"https:\/\/fundacionincipe.com\/index.php\/wp-json\/wp\/v2\/comments?post=23377"}],"version-history":[{"count":28,"href":"https:\/\/fundacionincipe.com\/index.php\/wp-json\/wp\/v2\/posts\/23377\/revisions"}],"predecessor-version":[{"id":23466,"href":"https:\/\/fundacionincipe.com\/index.php\/wp-json\/wp\/v2\/posts\/23377\/revisions\/23466"}],"wp:featuredmedia":[{"embeddable":true,"href":"https:\/\/fundacionincipe.com\/index.php\/wp-json\/wp\/v2\/media\/23365"}],"wp:attachment":[{"href":"https:\/\/fundacionincipe.com\/index.php\/wp-json\/wp\/v2\/media?parent=23377"}],"wp:term":[{"taxonomy":"category","embeddable":true,"href":"https:\/\/fundacionincipe.com\/index.php\/wp-json\/wp\/v2\/categories?post=23377"},{"taxonomy":"post_tag","embeddable":true,"href":"https:\/\/fundacionincipe.com\/index.php\/wp-json\/wp\/v2\/tags?post=23377"}],"curies":[{"name":"wp","href":"https:\/\/api.w.org\/{rel}","templated":true}]}}