{"id":23335,"date":"2025-10-15T16:21:38","date_gmt":"2025-10-15T16:21:38","guid":{"rendered":"https:\/\/fundacionincipe.com\/?p=23335"},"modified":"2025-12-17T12:47:24","modified_gmt":"2025-12-17T12:47:24","slug":"la-seguridad-energetica-en-el-siglo-xxi-retos-y-oportunidades","status":"publish","type":"post","link":"https:\/\/fundacionincipe.com\/index.php\/2025\/10\/15\/la-seguridad-energetica-en-el-siglo-xxi-retos-y-oportunidades\/","title":{"rendered":"La seguridad energ\u00e9tica en el Siglo XXI: Retos y oportunidades\u00a0"},"content":{"rendered":"\n<p>El 21 de octubre, INCIPE organiz\u00f3, con el patrocinio del Ministerio de Defensa, la conferencia&nbsp;<strong>\u201cLa seguridad energ\u00e9tica en el siglo XXI: retos y oportunidades\u201d.<\/strong> La conferencia, estructurada en dos mesas redondas, analiz\u00f3 los desaf\u00edos geopol\u00edticos y su impacto en el suministro energ\u00e9tico, as\u00ed como el papel de la seguridad energ\u00e9tica como eje de la resiliencia nacional. Fue inaugurada por <strong>D. Ricardo D\u00edez-Hochleitner, embajador de Espa\u00f1a y secretario general de INCIPE<\/strong>, y por el <strong>TG Fernando L\u00f3pez del Pozo, director general de Pol\u00edtica de Defensa (DIGENPOL).<\/strong><\/p>\n\n\n\n<p>La conferencia inaugural fue impartida por el <strong>ministro Claudio Aranzadi<\/strong>, quien subray\u00f3 que la energ\u00eda constituye hoy uno de los vectores centrales de la seguridad internacional. Tras recordar el impacto del reciente ciclo de inestabilidad global, conflictos en Europa y Oriente Medio, debilitamiento del multilateralismo y tensiones tecnol\u00f3gicas, destac\u00f3 c\u00f3mo la transici\u00f3n energ\u00e9tica y la lucha contra el cambio clim\u00e1tico a\u00f1aden nuevas presiones sobre los sistemas productivos y sobre la pol\u00edtica exterior de los Estados.<\/p>\n\n\n\n<p>Aranzadi analiz\u00f3 la evoluci\u00f3n de la demanda energ\u00e9tica mundial, el peso creciente de China como actor determinante y la persistencia de la dependencia de los combustibles f\u00f3siles. Alert\u00f3 de la dificultad de garantizar un suministro seguro, accesible y compatible con los objetivos clim\u00e1ticos, y subray\u00f3 la necesidad de que Europa refuerce su autonom\u00eda estrat\u00e9gica en materia energ\u00e9tica. Finalmente, destac\u00f3 la relevancia de las tecnolog\u00edas limpias, el papel de la energ\u00eda nuclear y el impacto que los costes energ\u00e9ticos tienen sobre la competitividad y la industria europea.<\/p>\n\n\n\n<div style=\"height:25px\" aria-hidden=\"true\" class=\"wp-block-spacer\"><\/div>\n\n\n\n<p class=\"has-medium-font-size\"><strong>Primera mesa redonda: desaf\u00edos geopol\u00edticos y su impacto en el suministro energ\u00e9tico<\/strong><\/p>\n\n\n\n<p>Moderada por <strong>Vicente Garrido, <\/strong>director general de INCIPE, la primera mesa reuni\u00f3 a <strong>Antonio Merino, <\/strong>director de estudios de REPSOL, al<strong> Col. Ignacio Fuente Cobo <\/strong>y a<strong> Joaqu\u00edn P\u00e9rez de Ayala<\/strong>,director de transici\u00f3n energ\u00e9tica de T\u00e9cnicas Reunidas. Los ponentes analizaron las implicaciones geopol\u00edticas del acceso a los recursos energ\u00e9ticos, destacando su importancia como causa hist\u00f3rica de conflictos y como palanca de poder internacional.<\/p>\n\n\n\n<p>Los participantes subrayaron la elevada vulnerabilidad de las cadenas de suministro, particularmente en zonas cr\u00edticas como Oriente Medio, el Cuerno de \u00c1frica o el Golfo de Guinea. Tambi\u00e9n examinaron la transformaci\u00f3n de la matriz energ\u00e9tica china, la expansi\u00f3n de sus infraestructuras, su dependencia todav\u00eda significativa del carb\u00f3n y su liderazgo creciente en energ\u00edas renovables y tecnolog\u00edas limpias. La mesa abord\u00f3 igualmente la posici\u00f3n de Europa ante este nuevo escenario: la necesidad de diversificar proveedores, la creciente dependencia del gas natural licuado y las dificultades derivadas de los elevados precios de la energ\u00eda, los complejos marcos regulatorios y los largos procesos de autorizaci\u00f3n de infraestructuras.<\/p>\n\n\n\n<p>En conjunto, los expertos coincidieron en que la competencia por los recursos energ\u00e9ticos seguir\u00e1 condicionando la geopol\u00edtica global en las pr\u00f3ximas d\u00e9cadas, con una especial relevancia para Europa.<\/p>\n\n\n\n<div style=\"height:25px\" aria-hidden=\"true\" class=\"wp-block-spacer\"><\/div>\n\n\n\n<p class=\"has-medium-font-size\"><strong>Segunda mesa redonda: la seguridad energ\u00e9tica como eje de la resiliencia nacional<\/strong><\/p>\n\n\n\n<p>Moderada por el <strong>CN Eduardo Matres,<\/strong> jefe del \u00e1rea de an\u00e1lisis geopol\u00edtico de la DICOES, la segunda mesa cont\u00f3 con las intervenciones de <strong>Sonia Vel\u00e1zquez,<\/strong> directora del gabinete de la Secretar\u00eda General para el Reto Demogr\u00e1fico (MITECO), del <strong>Col. Pablo Ahedo<\/strong> y de <strong>Fernando Maravall<\/strong>, exdirector general de CEPSA y exsecretario general del Ministerio de Industria y Energ\u00eda.<\/p>\n\n\n\n<p>La mesa comenz\u00f3 poniendo el acento en la necesidad de comprender la seguridad energ\u00e9tica como parte esencial de la resiliencia de un pa\u00eds. Se subray\u00f3 que las sociedades modernas no solo deben ser conscientes de las amenazas, sino tambi\u00e9n asumir que la defensa de su modelo de vida puede implicar sacrificios. Se explic\u00f3 el concepto de \u201cdefensa total\u201d, aplicado en pa\u00edses n\u00f3rdicos y b\u00e1lticos, que implica la implicaci\u00f3n coordinada de autoridades, empresas y ciudadan\u00eda para garantizar la continuidad del funcionamiento del Estado en situaciones de crisis.<\/p>\n\n\n\n<p>Asimismo, se trat\u00f3 la energ\u00eda como elemento cr\u00edtico de esa resiliencia: los ataques a infraestructuras energ\u00e9ticas en conflictos recientes, como el caso de Ucrania, ilustran la fragilidad de las sociedades ante la interrupci\u00f3n del suministro. Se destac\u00f3 la importancia de reforzar infraestructuras cr\u00edticas, anticipar vulnerabilidades y fomentar la conciencia social sobre el uso responsable de los recursos energ\u00e9ticos.<\/p>\n\n\n\n<p>Los ponentes abordaron adem\u00e1s los desaf\u00edos que plantean la descarbonizaci\u00f3n, la competencia internacional por las tecnolog\u00edas estrat\u00e9gicas, el desarrollo del hidr\u00f3geno, la captura de carbono y la modernizaci\u00f3n de las redes energ\u00e9ticas. La mesa coincidi\u00f3 en que Europa debe avanzar hacia una estrategia energ\u00e9tica estable, realista y de largo plazo, que combine transici\u00f3n ecol\u00f3gica, competitividad industrial y seguridad nacional.<\/p>\n\n\n\n<p>El debate posterior permiti\u00f3 profundizar en cuestiones como las tecnolog\u00edas energ\u00e9ticas emergentes, el impacto de la inteligencia artificial en el consumo energ\u00e9tico, la viabilidad de nuevas fuentes como los reactores de torio, el papel futuro del carb\u00f3n en contextos de seguridad, as\u00ed como las implicaciones geopol\u00edticas de la guerra en Ucrania para la arquitectura energ\u00e9tica europea. Tambi\u00e9n se intercambiaron reflexiones sobre la capacidad de China para liderar las tecnolog\u00edas limpias, la necesidad de simplificar la regulaci\u00f3n europea y el impacto de los costes energ\u00e9ticos en la desindustrializaci\u00f3n del continente.<\/p>\n\n\n\n<div style=\"height:25px\" aria-hidden=\"true\" class=\"wp-block-spacer\"><\/div>\n\n\n\n<p class=\"has-medium-font-size\"><strong>Clausura de la conferencia<\/strong><\/p>\n\n\n\n<p>La jornada concluy\u00f3 con unas palabras del director general de INCIPE, Vicente Garrido, quien subray\u00f3 la importancia de abordar la energ\u00eda como un elemento estructural de la seguridad internacional y destac\u00f3 la necesidad de mantener espacios de di\u00e1logo y an\u00e1lisis rigurosos para comprender los desaf\u00edos globales actuales.<\/p>\n\n\n\n<p class=\"has-small-font-size\">Luc\u00eda Mantec\u00f3n<\/p>\n\n\n\n<div style=\"height:40px\" aria-hidden=\"true\" class=\"wp-block-spacer\"><\/div>\n\n\n\n<div class=\"wp-block-buttons is-content-justification-center is-layout-flex wp-container-core-buttons-is-layout-1 wp-block-buttons-is-layout-flex\">\n<div class=\"wp-block-button has-custom-font-size is-style-outline has-small-font-size is-style-outline--1\"><a class=\"wp-block-button__link wp-element-button\" href=\"https:\/\/fundacionincipe.com\/wp-content\/uploads\/2025\/10\/Programa-Conferencia-Seguridad-Energetica-INCIPE-2025-2.pdf\" target=\"_blank\" rel=\"noreferrer noopener\"><strong>Consulta el programa<\/strong><\/a><\/div>\n<\/div>\n\n\n\n<div style=\"height:40px\" aria-hidden=\"true\" class=\"wp-block-spacer\"><\/div>\n\n\n\n<figure class=\"wp-block-gallery has-nested-images columns-default is-cropped wp-block-gallery-2 is-layout-flex wp-block-gallery-is-layout-flex\">\n<figure data-wp-context=\"{&quot;imageId&quot;:&quot;69f22861d7291&quot;}\" data-wp-interactive=\"core\/image\" class=\"wp-block-image size-large wp-lightbox-container\"><img fetchpriority=\"high\" decoding=\"async\" width=\"1024\" height=\"683\" data-wp-class--hide=\"state.isContentHidden\" data-wp-class--show=\"state.isContentVisible\" data-wp-init=\"callbacks.setButtonStyles\" data-wp-on-async--click=\"actions.showLightbox\" data-wp-on-async--load=\"callbacks.setButtonStyles\" data-wp-on-async-window--resize=\"callbacks.setButtonStyles\" data-id=\"23492\" src=\"https:\/\/fundacionincipe.com\/wp-content\/uploads\/2025\/12\/garridofotografos.com__DSC5715-1-1024x683.jpg\" alt=\"\" class=\"wp-image-23492\" srcset=\"https:\/\/fundacionincipe.com\/wp-content\/uploads\/2025\/12\/garridofotografos.com__DSC5715-1-1024x683.jpg 1024w, https:\/\/fundacionincipe.com\/wp-content\/uploads\/2025\/12\/garridofotografos.com__DSC5715-1-300x200.jpg 300w, https:\/\/fundacionincipe.com\/wp-content\/uploads\/2025\/12\/garridofotografos.com__DSC5715-1-768x512.jpg 768w, https:\/\/fundacionincipe.com\/wp-content\/uploads\/2025\/12\/garridofotografos.com__DSC5715-1-1536x1024.jpg 1536w, https:\/\/fundacionincipe.com\/wp-content\/uploads\/2025\/12\/garridofotografos.com__DSC5715-1-2048x1366.jpg 2048w\" sizes=\"(max-width: 1024px) 100vw, 1024px\" \/><button\n\t\t\tclass=\"lightbox-trigger\"\n\t\t\ttype=\"button\"\n\t\t\taria-haspopup=\"dialog\"\n\t\t\taria-label=\"Ampliar la imagen\"\n\t\t\tdata-wp-init=\"callbacks.initTriggerButton\"\n\t\t\tdata-wp-on-async--click=\"actions.showLightbox\"\n\t\t\tdata-wp-style--right=\"state.imageButtonRight\"\n\t\t\tdata-wp-style--top=\"state.imageButtonTop\"\n\t\t>\n\t\t\t<svg xmlns=\"http:\/\/www.w3.org\/2000\/svg\" width=\"12\" height=\"12\" fill=\"none\" viewBox=\"0 0 12 12\">\n\t\t\t\t<path fill=\"#fff\" d=\"M2 0a2 2 0 0 0-2 2v2h1.5V2a.5.5 0 0 1 .5-.5h2V0H2Zm2 10.5H2a.5.5 0 0 1-.5-.5V8H0v2a2 2 0 0 0 2 2h2v-1.5ZM8 12v-1.5h2a.5.5 0 0 0 .5-.5V8H12v2a2 2 0 0 1-2 2H8Zm2-12a2 2 0 0 1 2 2v2h-1.5V2a.5.5 0 0 0-.5-.5H8V0h2Z\" \/>\n\t\t\t<\/svg>\n\t\t<\/button><\/figure>\n\n\n\n<figure data-wp-context=\"{&quot;imageId&quot;:&quot;69f22861d7a83&quot;}\" data-wp-interactive=\"core\/image\" class=\"wp-block-image size-large wp-lightbox-container\"><img decoding=\"async\" width=\"1024\" height=\"683\" data-wp-class--hide=\"state.isContentHidden\" data-wp-class--show=\"state.isContentVisible\" data-wp-init=\"callbacks.setButtonStyles\" data-wp-on-async--click=\"actions.showLightbox\" data-wp-on-async--load=\"callbacks.setButtonStyles\" data-wp-on-async-window--resize=\"callbacks.setButtonStyles\" data-id=\"23493\" src=\"https:\/\/fundacionincipe.com\/wp-content\/uploads\/2025\/12\/garridofotografos.com__DSC5729-1024x683.jpg\" alt=\"\" class=\"wp-image-23493\" srcset=\"https:\/\/fundacionincipe.com\/wp-content\/uploads\/2025\/12\/garridofotografos.com__DSC5729-1024x683.jpg 1024w, https:\/\/fundacionincipe.com\/wp-content\/uploads\/2025\/12\/garridofotografos.com__DSC5729-300x200.jpg 300w, https:\/\/fundacionincipe.com\/wp-content\/uploads\/2025\/12\/garridofotografos.com__DSC5729-768x512.jpg 768w, https:\/\/fundacionincipe.com\/wp-content\/uploads\/2025\/12\/garridofotografos.com__DSC5729-1536x1025.jpg 1536w, https:\/\/fundacionincipe.com\/wp-content\/uploads\/2025\/12\/garridofotografos.com__DSC5729-2048x1366.jpg 2048w\" sizes=\"(max-width: 1024px) 100vw, 1024px\" \/><button\n\t\t\tclass=\"lightbox-trigger\"\n\t\t\ttype=\"button\"\n\t\t\taria-haspopup=\"dialog\"\n\t\t\taria-label=\"Ampliar la imagen\"\n\t\t\tdata-wp-init=\"callbacks.initTriggerButton\"\n\t\t\tdata-wp-on-async--click=\"actions.showLightbox\"\n\t\t\tdata-wp-style--right=\"state.imageButtonRight\"\n\t\t\tdata-wp-style--top=\"state.imageButtonTop\"\n\t\t>\n\t\t\t<svg xmlns=\"http:\/\/www.w3.org\/2000\/svg\" width=\"12\" height=\"12\" fill=\"none\" viewBox=\"0 0 12 12\">\n\t\t\t\t<path fill=\"#fff\" d=\"M2 0a2 2 0 0 0-2 2v2h1.5V2a.5.5 0 0 1 .5-.5h2V0H2Zm2 10.5H2a.5.5 0 0 1-.5-.5V8H0v2a2 2 0 0 0 2 2h2v-1.5ZM8 12v-1.5h2a.5.5 0 0 0 .5-.5V8H12v2a2 2 0 0 1-2 2H8Zm2-12a2 2 0 0 1 2 2v2h-1.5V2a.5.5 0 0 0-.5-.5H8V0h2Z\" \/>\n\t\t\t<\/svg>\n\t\t<\/button><\/figure>\n\n\n\n<figure data-wp-context=\"{&quot;imageId&quot;:&quot;69f22861d8075&quot;}\" data-wp-interactive=\"core\/image\" class=\"wp-block-image size-large wp-lightbox-container\"><img decoding=\"async\" width=\"1024\" height=\"683\" data-wp-class--hide=\"state.isContentHidden\" data-wp-class--show=\"state.isContentVisible\" data-wp-init=\"callbacks.setButtonStyles\" data-wp-on-async--click=\"actions.showLightbox\" data-wp-on-async--load=\"callbacks.setButtonStyles\" data-wp-on-async-window--resize=\"callbacks.setButtonStyles\" data-id=\"23494\" src=\"https:\/\/fundacionincipe.com\/wp-content\/uploads\/2025\/12\/garridofotografos.com__DSC5739-1024x683.jpg\" alt=\"\" class=\"wp-image-23494\" srcset=\"https:\/\/fundacionincipe.com\/wp-content\/uploads\/2025\/12\/garridofotografos.com__DSC5739-1024x683.jpg 1024w, https:\/\/fundacionincipe.com\/wp-content\/uploads\/2025\/12\/garridofotografos.com__DSC5739-300x200.jpg 300w, https:\/\/fundacionincipe.com\/wp-content\/uploads\/2025\/12\/garridofotografos.com__DSC5739-768x512.jpg 768w, https:\/\/fundacionincipe.com\/wp-content\/uploads\/2025\/12\/garridofotografos.com__DSC5739-1536x1025.jpg 1536w, https:\/\/fundacionincipe.com\/wp-content\/uploads\/2025\/12\/garridofotografos.com__DSC5739-2048x1366.jpg 2048w\" sizes=\"(max-width: 1024px) 100vw, 1024px\" \/><button\n\t\t\tclass=\"lightbox-trigger\"\n\t\t\ttype=\"button\"\n\t\t\taria-haspopup=\"dialog\"\n\t\t\taria-label=\"Ampliar la imagen\"\n\t\t\tdata-wp-init=\"callbacks.initTriggerButton\"\n\t\t\tdata-wp-on-async--click=\"actions.showLightbox\"\n\t\t\tdata-wp-style--right=\"state.imageButtonRight\"\n\t\t\tdata-wp-style--top=\"state.imageButtonTop\"\n\t\t>\n\t\t\t<svg xmlns=\"http:\/\/www.w3.org\/2000\/svg\" width=\"12\" height=\"12\" fill=\"none\" viewBox=\"0 0 12 12\">\n\t\t\t\t<path fill=\"#fff\" d=\"M2 0a2 2 0 0 0-2 2v2h1.5V2a.5.5 0 0 1 .5-.5h2V0H2Zm2 10.5H2a.5.5 0 0 1-.5-.5V8H0v2a2 2 0 0 0 2 2h2v-1.5ZM8 12v-1.5h2a.5.5 0 0 0 .5-.5V8H12v2a2 2 0 0 1-2 2H8Zm2-12a2 2 0 0 1 2 2v2h-1.5V2a.5.5 0 0 0-.5-.5H8V0h2Z\" \/>\n\t\t\t<\/svg>\n\t\t<\/button><\/figure>\n\n\n\n<figure data-wp-context=\"{&quot;imageId&quot;:&quot;69f22861d8641&quot;}\" data-wp-interactive=\"core\/image\" class=\"wp-block-image size-large wp-lightbox-container\"><img loading=\"lazy\" decoding=\"async\" width=\"1024\" height=\"683\" data-wp-class--hide=\"state.isContentHidden\" data-wp-class--show=\"state.isContentVisible\" data-wp-init=\"callbacks.setButtonStyles\" data-wp-on-async--click=\"actions.showLightbox\" data-wp-on-async--load=\"callbacks.setButtonStyles\" data-wp-on-async-window--resize=\"callbacks.setButtonStyles\" data-id=\"23495\" src=\"https:\/\/fundacionincipe.com\/wp-content\/uploads\/2025\/12\/garridofotografos.com__DSC5745-1024x683.jpg\" alt=\"\" class=\"wp-image-23495\" srcset=\"https:\/\/fundacionincipe.com\/wp-content\/uploads\/2025\/12\/garridofotografos.com__DSC5745-1024x683.jpg 1024w, https:\/\/fundacionincipe.com\/wp-content\/uploads\/2025\/12\/garridofotografos.com__DSC5745-300x200.jpg 300w, https:\/\/fundacionincipe.com\/wp-content\/uploads\/2025\/12\/garridofotografos.com__DSC5745-768x512.jpg 768w, https:\/\/fundacionincipe.com\/wp-content\/uploads\/2025\/12\/garridofotografos.com__DSC5745-1536x1024.jpg 1536w, https:\/\/fundacionincipe.com\/wp-content\/uploads\/2025\/12\/garridofotografos.com__DSC5745-2048x1366.jpg 2048w\" sizes=\"(max-width: 1024px) 100vw, 1024px\" \/><button\n\t\t\tclass=\"lightbox-trigger\"\n\t\t\ttype=\"button\"\n\t\t\taria-haspopup=\"dialog\"\n\t\t\taria-label=\"Ampliar la imagen\"\n\t\t\tdata-wp-init=\"callbacks.initTriggerButton\"\n\t\t\tdata-wp-on-async--click=\"actions.showLightbox\"\n\t\t\tdata-wp-style--right=\"state.imageButtonRight\"\n\t\t\tdata-wp-style--top=\"state.imageButtonTop\"\n\t\t>\n\t\t\t<svg xmlns=\"http:\/\/www.w3.org\/2000\/svg\" width=\"12\" height=\"12\" fill=\"none\" viewBox=\"0 0 12 12\">\n\t\t\t\t<path fill=\"#fff\" d=\"M2 0a2 2 0 0 0-2 2v2h1.5V2a.5.5 0 0 1 .5-.5h2V0H2Zm2 10.5H2a.5.5 0 0 1-.5-.5V8H0v2a2 2 0 0 0 2 2h2v-1.5ZM8 12v-1.5h2a.5.5 0 0 0 .5-.5V8H12v2a2 2 0 0 1-2 2H8Zm2-12a2 2 0 0 1 2 2v2h-1.5V2a.5.5 0 0 0-.5-.5H8V0h2Z\" \/>\n\t\t\t<\/svg>\n\t\t<\/button><\/figure>\n\n\n\n<figure data-wp-context=\"{&quot;imageId&quot;:&quot;69f22861d8cb1&quot;}\" data-wp-interactive=\"core\/image\" class=\"wp-block-image size-large wp-lightbox-container\"><img loading=\"lazy\" decoding=\"async\" width=\"1024\" height=\"683\" data-wp-class--hide=\"state.isContentHidden\" data-wp-class--show=\"state.isContentVisible\" data-wp-init=\"callbacks.setButtonStyles\" data-wp-on-async--click=\"actions.showLightbox\" data-wp-on-async--load=\"callbacks.setButtonStyles\" data-wp-on-async-window--resize=\"callbacks.setButtonStyles\" data-id=\"23496\" src=\"https:\/\/fundacionincipe.com\/wp-content\/uploads\/2025\/12\/garridofotografos.com__DSC5750-1024x683.jpg\" alt=\"\" class=\"wp-image-23496\" srcset=\"https:\/\/fundacionincipe.com\/wp-content\/uploads\/2025\/12\/garridofotografos.com__DSC5750-1024x683.jpg 1024w, https:\/\/fundacionincipe.com\/wp-content\/uploads\/2025\/12\/garridofotografos.com__DSC5750-300x200.jpg 300w, https:\/\/fundacionincipe.com\/wp-content\/uploads\/2025\/12\/garridofotografos.com__DSC5750-768x512.jpg 768w, https:\/\/fundacionincipe.com\/wp-content\/uploads\/2025\/12\/garridofotografos.com__DSC5750-1536x1025.jpg 1536w, https:\/\/fundacionincipe.com\/wp-content\/uploads\/2025\/12\/garridofotografos.com__DSC5750-2048x1366.jpg 2048w\" sizes=\"(max-width: 1024px) 100vw, 1024px\" \/><button\n\t\t\tclass=\"lightbox-trigger\"\n\t\t\ttype=\"button\"\n\t\t\taria-haspopup=\"dialog\"\n\t\t\taria-label=\"Ampliar la imagen\"\n\t\t\tdata-wp-init=\"callbacks.initTriggerButton\"\n\t\t\tdata-wp-on-async--click=\"actions.showLightbox\"\n\t\t\tdata-wp-style--right=\"state.imageButtonRight\"\n\t\t\tdata-wp-style--top=\"state.imageButtonTop\"\n\t\t>\n\t\t\t<svg xmlns=\"http:\/\/www.w3.org\/2000\/svg\" width=\"12\" height=\"12\" fill=\"none\" viewBox=\"0 0 12 12\">\n\t\t\t\t<path fill=\"#fff\" d=\"M2 0a2 2 0 0 0-2 2v2h1.5V2a.5.5 0 0 1 .5-.5h2V0H2Zm2 10.5H2a.5.5 0 0 1-.5-.5V8H0v2a2 2 0 0 0 2 2h2v-1.5ZM8 12v-1.5h2a.5.5 0 0 0 .5-.5V8H12v2a2 2 0 0 1-2 2H8Zm2-12a2 2 0 0 1 2 2v2h-1.5V2a.5.5 0 0 0-.5-.5H8V0h2Z\" \/>\n\t\t\t<\/svg>\n\t\t<\/button><\/figure>\n\n\n\n<figure data-wp-context=\"{&quot;imageId&quot;:&quot;69f22861d92be&quot;}\" data-wp-interactive=\"core\/image\" class=\"wp-block-image size-large wp-lightbox-container\"><img loading=\"lazy\" decoding=\"async\" width=\"1024\" height=\"683\" data-wp-class--hide=\"state.isContentHidden\" data-wp-class--show=\"state.isContentVisible\" data-wp-init=\"callbacks.setButtonStyles\" data-wp-on-async--click=\"actions.showLightbox\" data-wp-on-async--load=\"callbacks.setButtonStyles\" data-wp-on-async-window--resize=\"callbacks.setButtonStyles\" data-id=\"23497\" src=\"https:\/\/fundacionincipe.com\/wp-content\/uploads\/2025\/12\/garridofotografos.com__DSC5828-1024x683.jpg\" alt=\"\" class=\"wp-image-23497\" srcset=\"https:\/\/fundacionincipe.com\/wp-content\/uploads\/2025\/12\/garridofotografos.com__DSC5828-1024x683.jpg 1024w, https:\/\/fundacionincipe.com\/wp-content\/uploads\/2025\/12\/garridofotografos.com__DSC5828-300x200.jpg 300w, https:\/\/fundacionincipe.com\/wp-content\/uploads\/2025\/12\/garridofotografos.com__DSC5828-768x512.jpg 768w, https:\/\/fundacionincipe.com\/wp-content\/uploads\/2025\/12\/garridofotografos.com__DSC5828-1536x1025.jpg 1536w, https:\/\/fundacionincipe.com\/wp-content\/uploads\/2025\/12\/garridofotografos.com__DSC5828-2048x1366.jpg 2048w\" sizes=\"(max-width: 1024px) 100vw, 1024px\" \/><button\n\t\t\tclass=\"lightbox-trigger\"\n\t\t\ttype=\"button\"\n\t\t\taria-haspopup=\"dialog\"\n\t\t\taria-label=\"Ampliar la imagen\"\n\t\t\tdata-wp-init=\"callbacks.initTriggerButton\"\n\t\t\tdata-wp-on-async--click=\"actions.showLightbox\"\n\t\t\tdata-wp-style--right=\"state.imageButtonRight\"\n\t\t\tdata-wp-style--top=\"state.imageButtonTop\"\n\t\t>\n\t\t\t<svg xmlns=\"http:\/\/www.w3.org\/2000\/svg\" width=\"12\" height=\"12\" fill=\"none\" viewBox=\"0 0 12 12\">\n\t\t\t\t<path fill=\"#fff\" d=\"M2 0a2 2 0 0 0-2 2v2h1.5V2a.5.5 0 0 1 .5-.5h2V0H2Zm2 10.5H2a.5.5 0 0 1-.5-.5V8H0v2a2 2 0 0 0 2 2h2v-1.5ZM8 12v-1.5h2a.5.5 0 0 0 .5-.5V8H12v2a2 2 0 0 1-2 2H8Zm2-12a2 2 0 0 1 2 2v2h-1.5V2a.5.5 0 0 0-.5-.5H8V0h2Z\" \/>\n\t\t\t<\/svg>\n\t\t<\/button><\/figure>\n\n\n\n<figure data-wp-context=\"{&quot;imageId&quot;:&quot;69f22861d988d&quot;}\" data-wp-interactive=\"core\/image\" class=\"wp-block-image size-large wp-lightbox-container\"><img loading=\"lazy\" decoding=\"async\" width=\"1024\" height=\"683\" data-wp-class--hide=\"state.isContentHidden\" data-wp-class--show=\"state.isContentVisible\" data-wp-init=\"callbacks.setButtonStyles\" data-wp-on-async--click=\"actions.showLightbox\" data-wp-on-async--load=\"callbacks.setButtonStyles\" data-wp-on-async-window--resize=\"callbacks.setButtonStyles\" data-id=\"23498\" src=\"https:\/\/fundacionincipe.com\/wp-content\/uploads\/2025\/12\/garridofotografos.com__DSC58361-1024x683.jpg\" alt=\"\" class=\"wp-image-23498\" srcset=\"https:\/\/fundacionincipe.com\/wp-content\/uploads\/2025\/12\/garridofotografos.com__DSC58361-1024x683.jpg 1024w, https:\/\/fundacionincipe.com\/wp-content\/uploads\/2025\/12\/garridofotografos.com__DSC58361-300x200.jpg 300w, https:\/\/fundacionincipe.com\/wp-content\/uploads\/2025\/12\/garridofotografos.com__DSC58361-768x512.jpg 768w, https:\/\/fundacionincipe.com\/wp-content\/uploads\/2025\/12\/garridofotografos.com__DSC58361-1536x1025.jpg 1536w, https:\/\/fundacionincipe.com\/wp-content\/uploads\/2025\/12\/garridofotografos.com__DSC58361-2048x1366.jpg 2048w\" sizes=\"(max-width: 1024px) 100vw, 1024px\" \/><button\n\t\t\tclass=\"lightbox-trigger\"\n\t\t\ttype=\"button\"\n\t\t\taria-haspopup=\"dialog\"\n\t\t\taria-label=\"Ampliar la imagen\"\n\t\t\tdata-wp-init=\"callbacks.initTriggerButton\"\n\t\t\tdata-wp-on-async--click=\"actions.showLightbox\"\n\t\t\tdata-wp-style--right=\"state.imageButtonRight\"\n\t\t\tdata-wp-style--top=\"state.imageButtonTop\"\n\t\t>\n\t\t\t<svg xmlns=\"http:\/\/www.w3.org\/2000\/svg\" width=\"12\" height=\"12\" fill=\"none\" viewBox=\"0 0 12 12\">\n\t\t\t\t<path fill=\"#fff\" d=\"M2 0a2 2 0 0 0-2 2v2h1.5V2a.5.5 0 0 1 .5-.5h2V0H2Zm2 10.5H2a.5.5 0 0 1-.5-.5V8H0v2a2 2 0 0 0 2 2h2v-1.5ZM8 12v-1.5h2a.5.5 0 0 0 .5-.5V8H12v2a2 2 0 0 1-2 2H8Zm2-12a2 2 0 0 1 2 2v2h-1.5V2a.5.5 0 0 0-.5-.5H8V0h2Z\" \/>\n\t\t\t<\/svg>\n\t\t<\/button><\/figure>\n\n\n\n<figure data-wp-context=\"{&quot;imageId&quot;:&quot;69f22861d9ee6&quot;}\" data-wp-interactive=\"core\/image\" class=\"wp-block-image size-large wp-lightbox-container\"><img loading=\"lazy\" decoding=\"async\" width=\"1024\" height=\"683\" data-wp-class--hide=\"state.isContentHidden\" data-wp-class--show=\"state.isContentVisible\" data-wp-init=\"callbacks.setButtonStyles\" data-wp-on-async--click=\"actions.showLightbox\" data-wp-on-async--load=\"callbacks.setButtonStyles\" data-wp-on-async-window--resize=\"callbacks.setButtonStyles\" data-id=\"23499\" src=\"https:\/\/fundacionincipe.com\/wp-content\/uploads\/2025\/12\/garridofotografos.com__DSC5861-1024x683.jpg\" alt=\"\" class=\"wp-image-23499\" srcset=\"https:\/\/fundacionincipe.com\/wp-content\/uploads\/2025\/12\/garridofotografos.com__DSC5861-1024x683.jpg 1024w, https:\/\/fundacionincipe.com\/wp-content\/uploads\/2025\/12\/garridofotografos.com__DSC5861-300x200.jpg 300w, https:\/\/fundacionincipe.com\/wp-content\/uploads\/2025\/12\/garridofotografos.com__DSC5861-768x512.jpg 768w, https:\/\/fundacionincipe.com\/wp-content\/uploads\/2025\/12\/garridofotografos.com__DSC5861-1536x1024.jpg 1536w, https:\/\/fundacionincipe.com\/wp-content\/uploads\/2025\/12\/garridofotografos.com__DSC5861-2048x1366.jpg 2048w\" sizes=\"(max-width: 1024px) 100vw, 1024px\" \/><button\n\t\t\tclass=\"lightbox-trigger\"\n\t\t\ttype=\"button\"\n\t\t\taria-haspopup=\"dialog\"\n\t\t\taria-label=\"Ampliar la imagen\"\n\t\t\tdata-wp-init=\"callbacks.initTriggerButton\"\n\t\t\tdata-wp-on-async--click=\"actions.showLightbox\"\n\t\t\tdata-wp-style--right=\"state.imageButtonRight\"\n\t\t\tdata-wp-style--top=\"state.imageButtonTop\"\n\t\t>\n\t\t\t<svg xmlns=\"http:\/\/www.w3.org\/2000\/svg\" width=\"12\" height=\"12\" fill=\"none\" viewBox=\"0 0 12 12\">\n\t\t\t\t<path fill=\"#fff\" d=\"M2 0a2 2 0 0 0-2 2v2h1.5V2a.5.5 0 0 1 .5-.5h2V0H2Zm2 10.5H2a.5.5 0 0 1-.5-.5V8H0v2a2 2 0 0 0 2 2h2v-1.5ZM8 12v-1.5h2a.5.5 0 0 0 .5-.5V8H12v2a2 2 0 0 1-2 2H8Zm2-12a2 2 0 0 1 2 2v2h-1.5V2a.5.5 0 0 0-.5-.5H8V0h2Z\" \/>\n\t\t\t<\/svg>\n\t\t<\/button><\/figure>\n\n\n\n<figure data-wp-context=\"{&quot;imageId&quot;:&quot;69f22861da526&quot;}\" data-wp-interactive=\"core\/image\" class=\"wp-block-image size-large wp-lightbox-container\"><img loading=\"lazy\" decoding=\"async\" width=\"1024\" height=\"683\" data-wp-class--hide=\"state.isContentHidden\" data-wp-class--show=\"state.isContentVisible\" data-wp-init=\"callbacks.setButtonStyles\" data-wp-on-async--click=\"actions.showLightbox\" data-wp-on-async--load=\"callbacks.setButtonStyles\" data-wp-on-async-window--resize=\"callbacks.setButtonStyles\" data-id=\"23500\" src=\"https:\/\/fundacionincipe.com\/wp-content\/uploads\/2025\/12\/garridofotografos.com__DSC5868-1024x683.jpg\" alt=\"\" class=\"wp-image-23500\" srcset=\"https:\/\/fundacionincipe.com\/wp-content\/uploads\/2025\/12\/garridofotografos.com__DSC5868-1024x683.jpg 1024w, https:\/\/fundacionincipe.com\/wp-content\/uploads\/2025\/12\/garridofotografos.com__DSC5868-300x200.jpg 300w, https:\/\/fundacionincipe.com\/wp-content\/uploads\/2025\/12\/garridofotografos.com__DSC5868-768x512.jpg 768w, https:\/\/fundacionincipe.com\/wp-content\/uploads\/2025\/12\/garridofotografos.com__DSC5868-1536x1025.jpg 1536w, https:\/\/fundacionincipe.com\/wp-content\/uploads\/2025\/12\/garridofotografos.com__DSC5868-2048x1366.jpg 2048w\" sizes=\"(max-width: 1024px) 100vw, 1024px\" \/><button\n\t\t\tclass=\"lightbox-trigger\"\n\t\t\ttype=\"button\"\n\t\t\taria-haspopup=\"dialog\"\n\t\t\taria-label=\"Ampliar la imagen\"\n\t\t\tdata-wp-init=\"callbacks.initTriggerButton\"\n\t\t\tdata-wp-on-async--click=\"actions.showLightbox\"\n\t\t\tdata-wp-style--right=\"state.imageButtonRight\"\n\t\t\tdata-wp-style--top=\"state.imageButtonTop\"\n\t\t>\n\t\t\t<svg xmlns=\"http:\/\/www.w3.org\/2000\/svg\" width=\"12\" height=\"12\" fill=\"none\" viewBox=\"0 0 12 12\">\n\t\t\t\t<path fill=\"#fff\" d=\"M2 0a2 2 0 0 0-2 2v2h1.5V2a.5.5 0 0 1 .5-.5h2V0H2Zm2 10.5H2a.5.5 0 0 1-.5-.5V8H0v2a2 2 0 0 0 2 2h2v-1.5ZM8 12v-1.5h2a.5.5 0 0 0 .5-.5V8H12v2a2 2 0 0 1-2 2H8Zm2-12a2 2 0 0 1 2 2v2h-1.5V2a.5.5 0 0 0-.5-.5H8V0h2Z\" \/>\n\t\t\t<\/svg>\n\t\t<\/button><\/figure>\n\n\n\n<figure data-wp-context=\"{&quot;imageId&quot;:&quot;69f22861dab43&quot;}\" data-wp-interactive=\"core\/image\" class=\"wp-block-image size-large wp-lightbox-container\"><img loading=\"lazy\" decoding=\"async\" width=\"1024\" height=\"683\" data-wp-class--hide=\"state.isContentHidden\" data-wp-class--show=\"state.isContentVisible\" data-wp-init=\"callbacks.setButtonStyles\" data-wp-on-async--click=\"actions.showLightbox\" data-wp-on-async--load=\"callbacks.setButtonStyles\" data-wp-on-async-window--resize=\"callbacks.setButtonStyles\" data-id=\"23501\" src=\"https:\/\/fundacionincipe.com\/wp-content\/uploads\/2025\/12\/garridofotografos.com__DSC5889-1024x683.jpg\" alt=\"\" class=\"wp-image-23501\" srcset=\"https:\/\/fundacionincipe.com\/wp-content\/uploads\/2025\/12\/garridofotografos.com__DSC5889-1024x683.jpg 1024w, https:\/\/fundacionincipe.com\/wp-content\/uploads\/2025\/12\/garridofotografos.com__DSC5889-300x200.jpg 300w, https:\/\/fundacionincipe.com\/wp-content\/uploads\/2025\/12\/garridofotografos.com__DSC5889-768x512.jpg 768w, https:\/\/fundacionincipe.com\/wp-content\/uploads\/2025\/12\/garridofotografos.com__DSC5889-1536x1025.jpg 1536w, https:\/\/fundacionincipe.com\/wp-content\/uploads\/2025\/12\/garridofotografos.com__DSC5889-2048x1366.jpg 2048w\" sizes=\"(max-width: 1024px) 100vw, 1024px\" \/><button\n\t\t\tclass=\"lightbox-trigger\"\n\t\t\ttype=\"button\"\n\t\t\taria-haspopup=\"dialog\"\n\t\t\taria-label=\"Ampliar la imagen\"\n\t\t\tdata-wp-init=\"callbacks.initTriggerButton\"\n\t\t\tdata-wp-on-async--click=\"actions.showLightbox\"\n\t\t\tdata-wp-style--right=\"state.imageButtonRight\"\n\t\t\tdata-wp-style--top=\"state.imageButtonTop\"\n\t\t>\n\t\t\t<svg xmlns=\"http:\/\/www.w3.org\/2000\/svg\" width=\"12\" height=\"12\" fill=\"none\" viewBox=\"0 0 12 12\">\n\t\t\t\t<path fill=\"#fff\" d=\"M2 0a2 2 0 0 0-2 2v2h1.5V2a.5.5 0 0 1 .5-.5h2V0H2Zm2 10.5H2a.5.5 0 0 1-.5-.5V8H0v2a2 2 0 0 0 2 2h2v-1.5ZM8 12v-1.5h2a.5.5 0 0 0 .5-.5V8H12v2a2 2 0 0 1-2 2H8Zm2-12a2 2 0 0 1 2 2v2h-1.5V2a.5.5 0 0 0-.5-.5H8V0h2Z\" \/>\n\t\t\t<\/svg>\n\t\t<\/button><\/figure>\n\n\n\n<figure data-wp-context=\"{&quot;imageId&quot;:&quot;69f22861db136&quot;}\" data-wp-interactive=\"core\/image\" class=\"wp-block-image size-large wp-lightbox-container\"><img loading=\"lazy\" decoding=\"async\" width=\"1024\" height=\"683\" data-wp-class--hide=\"state.isContentHidden\" data-wp-class--show=\"state.isContentVisible\" data-wp-init=\"callbacks.setButtonStyles\" data-wp-on-async--click=\"actions.showLightbox\" data-wp-on-async--load=\"callbacks.setButtonStyles\" data-wp-on-async-window--resize=\"callbacks.setButtonStyles\" data-id=\"23502\" src=\"https:\/\/fundacionincipe.com\/wp-content\/uploads\/2025\/12\/garridofotografos.com__DSC5895-1024x683.jpg\" alt=\"\" class=\"wp-image-23502\" srcset=\"https:\/\/fundacionincipe.com\/wp-content\/uploads\/2025\/12\/garridofotografos.com__DSC5895-1024x683.jpg 1024w, https:\/\/fundacionincipe.com\/wp-content\/uploads\/2025\/12\/garridofotografos.com__DSC5895-300x200.jpg 300w, https:\/\/fundacionincipe.com\/wp-content\/uploads\/2025\/12\/garridofotografos.com__DSC5895-768x512.jpg 768w, https:\/\/fundacionincipe.com\/wp-content\/uploads\/2025\/12\/garridofotografos.com__DSC5895-1536x1025.jpg 1536w, https:\/\/fundacionincipe.com\/wp-content\/uploads\/2025\/12\/garridofotografos.com__DSC5895-2048x1366.jpg 2048w\" sizes=\"(max-width: 1024px) 100vw, 1024px\" \/><button\n\t\t\tclass=\"lightbox-trigger\"\n\t\t\ttype=\"button\"\n\t\t\taria-haspopup=\"dialog\"\n\t\t\taria-label=\"Ampliar la imagen\"\n\t\t\tdata-wp-init=\"callbacks.initTriggerButton\"\n\t\t\tdata-wp-on-async--click=\"actions.showLightbox\"\n\t\t\tdata-wp-style--right=\"state.imageButtonRight\"\n\t\t\tdata-wp-style--top=\"state.imageButtonTop\"\n\t\t>\n\t\t\t<svg xmlns=\"http:\/\/www.w3.org\/2000\/svg\" width=\"12\" height=\"12\" fill=\"none\" viewBox=\"0 0 12 12\">\n\t\t\t\t<path fill=\"#fff\" d=\"M2 0a2 2 0 0 0-2 2v2h1.5V2a.5.5 0 0 1 .5-.5h2V0H2Zm2 10.5H2a.5.5 0 0 1-.5-.5V8H0v2a2 2 0 0 0 2 2h2v-1.5ZM8 12v-1.5h2a.5.5 0 0 0 .5-.5V8H12v2a2 2 0 0 1-2 2H8Zm2-12a2 2 0 0 1 2 2v2h-1.5V2a.5.5 0 0 0-.5-.5H8V0h2Z\" \/>\n\t\t\t<\/svg>\n\t\t<\/button><\/figure>\n\n\n\n<figure data-wp-context=\"{&quot;imageId&quot;:&quot;69f22861db73b&quot;}\" data-wp-interactive=\"core\/image\" class=\"wp-block-image size-large wp-lightbox-container\"><img loading=\"lazy\" decoding=\"async\" width=\"1024\" height=\"683\" data-wp-class--hide=\"state.isContentHidden\" data-wp-class--show=\"state.isContentVisible\" data-wp-init=\"callbacks.setButtonStyles\" data-wp-on-async--click=\"actions.showLightbox\" data-wp-on-async--load=\"callbacks.setButtonStyles\" data-wp-on-async-window--resize=\"callbacks.setButtonStyles\" data-id=\"23503\" src=\"https:\/\/fundacionincipe.com\/wp-content\/uploads\/2025\/12\/garridofotografos.com__DSC59072-1024x683.jpg\" alt=\"\" class=\"wp-image-23503\" srcset=\"https:\/\/fundacionincipe.com\/wp-content\/uploads\/2025\/12\/garridofotografos.com__DSC59072-1024x683.jpg 1024w, https:\/\/fundacionincipe.com\/wp-content\/uploads\/2025\/12\/garridofotografos.com__DSC59072-300x200.jpg 300w, https:\/\/fundacionincipe.com\/wp-content\/uploads\/2025\/12\/garridofotografos.com__DSC59072-768x512.jpg 768w, https:\/\/fundacionincipe.com\/wp-content\/uploads\/2025\/12\/garridofotografos.com__DSC59072-1536x1025.jpg 1536w, https:\/\/fundacionincipe.com\/wp-content\/uploads\/2025\/12\/garridofotografos.com__DSC59072-2048x1366.jpg 2048w\" sizes=\"(max-width: 1024px) 100vw, 1024px\" \/><button\n\t\t\tclass=\"lightbox-trigger\"\n\t\t\ttype=\"button\"\n\t\t\taria-haspopup=\"dialog\"\n\t\t\taria-label=\"Ampliar la imagen\"\n\t\t\tdata-wp-init=\"callbacks.initTriggerButton\"\n\t\t\tdata-wp-on-async--click=\"actions.showLightbox\"\n\t\t\tdata-wp-style--right=\"state.imageButtonRight\"\n\t\t\tdata-wp-style--top=\"state.imageButtonTop\"\n\t\t>\n\t\t\t<svg xmlns=\"http:\/\/www.w3.org\/2000\/svg\" width=\"12\" height=\"12\" fill=\"none\" viewBox=\"0 0 12 12\">\n\t\t\t\t<path fill=\"#fff\" d=\"M2 0a2 2 0 0 0-2 2v2h1.5V2a.5.5 0 0 1 .5-.5h2V0H2Zm2 10.5H2a.5.5 0 0 1-.5-.5V8H0v2a2 2 0 0 0 2 2h2v-1.5ZM8 12v-1.5h2a.5.5 0 0 0 .5-.5V8H12v2a2 2 0 0 1-2 2H8Zm2-12a2 2 0 0 1 2 2v2h-1.5V2a.5.5 0 0 0-.5-.5H8V0h2Z\" \/>\n\t\t\t<\/svg>\n\t\t<\/button><\/figure>\n\n\n\n<figure data-wp-context=\"{&quot;imageId&quot;:&quot;69f22861dbd08&quot;}\" data-wp-interactive=\"core\/image\" class=\"wp-block-image size-large wp-lightbox-container\"><img loading=\"lazy\" decoding=\"async\" width=\"1024\" height=\"683\" data-wp-class--hide=\"state.isContentHidden\" data-wp-class--show=\"state.isContentVisible\" data-wp-init=\"callbacks.setButtonStyles\" data-wp-on-async--click=\"actions.showLightbox\" data-wp-on-async--load=\"callbacks.setButtonStyles\" data-wp-on-async-window--resize=\"callbacks.setButtonStyles\" data-id=\"23504\" src=\"https:\/\/fundacionincipe.com\/wp-content\/uploads\/2025\/12\/garridofotografos.com__DSC5919-1024x683.jpg\" alt=\"\" class=\"wp-image-23504\" srcset=\"https:\/\/fundacionincipe.com\/wp-content\/uploads\/2025\/12\/garridofotografos.com__DSC5919-1024x683.jpg 1024w, https:\/\/fundacionincipe.com\/wp-content\/uploads\/2025\/12\/garridofotografos.com__DSC5919-300x200.jpg 300w, https:\/\/fundacionincipe.com\/wp-content\/uploads\/2025\/12\/garridofotografos.com__DSC5919-768x512.jpg 768w, https:\/\/fundacionincipe.com\/wp-content\/uploads\/2025\/12\/garridofotografos.com__DSC5919-1536x1025.jpg 1536w, https:\/\/fundacionincipe.com\/wp-content\/uploads\/2025\/12\/garridofotografos.com__DSC5919-2048x1366.jpg 2048w\" sizes=\"(max-width: 1024px) 100vw, 1024px\" \/><button\n\t\t\tclass=\"lightbox-trigger\"\n\t\t\ttype=\"button\"\n\t\t\taria-haspopup=\"dialog\"\n\t\t\taria-label=\"Ampliar la imagen\"\n\t\t\tdata-wp-init=\"callbacks.initTriggerButton\"\n\t\t\tdata-wp-on-async--click=\"actions.showLightbox\"\n\t\t\tdata-wp-style--right=\"state.imageButtonRight\"\n\t\t\tdata-wp-style--top=\"state.imageButtonTop\"\n\t\t>\n\t\t\t<svg xmlns=\"http:\/\/www.w3.org\/2000\/svg\" width=\"12\" height=\"12\" fill=\"none\" viewBox=\"0 0 12 12\">\n\t\t\t\t<path fill=\"#fff\" d=\"M2 0a2 2 0 0 0-2 2v2h1.5V2a.5.5 0 0 1 .5-.5h2V0H2Zm2 10.5H2a.5.5 0 0 1-.5-.5V8H0v2a2 2 0 0 0 2 2h2v-1.5ZM8 12v-1.5h2a.5.5 0 0 0 .5-.5V8H12v2a2 2 0 0 1-2 2H8Zm2-12a2 2 0 0 1 2 2v2h-1.5V2a.5.5 0 0 0-.5-.5H8V0h2Z\" \/>\n\t\t\t<\/svg>\n\t\t<\/button><\/figure>\n\n\n\n<figure data-wp-context=\"{&quot;imageId&quot;:&quot;69f22861dc313&quot;}\" data-wp-interactive=\"core\/image\" class=\"wp-block-image size-large wp-lightbox-container\"><img loading=\"lazy\" decoding=\"async\" width=\"1024\" height=\"683\" data-wp-class--hide=\"state.isContentHidden\" data-wp-class--show=\"state.isContentVisible\" data-wp-init=\"callbacks.setButtonStyles\" data-wp-on-async--click=\"actions.showLightbox\" data-wp-on-async--load=\"callbacks.setButtonStyles\" data-wp-on-async-window--resize=\"callbacks.setButtonStyles\" data-id=\"23505\" src=\"https:\/\/fundacionincipe.com\/wp-content\/uploads\/2025\/12\/garridofotografos.com__DSC5958-1024x683.jpg\" alt=\"\" class=\"wp-image-23505\" srcset=\"https:\/\/fundacionincipe.com\/wp-content\/uploads\/2025\/12\/garridofotografos.com__DSC5958-1024x683.jpg 1024w, https:\/\/fundacionincipe.com\/wp-content\/uploads\/2025\/12\/garridofotografos.com__DSC5958-300x200.jpg 300w, https:\/\/fundacionincipe.com\/wp-content\/uploads\/2025\/12\/garridofotografos.com__DSC5958-768x512.jpg 768w, https:\/\/fundacionincipe.com\/wp-content\/uploads\/2025\/12\/garridofotografos.com__DSC5958-1536x1025.jpg 1536w, https:\/\/fundacionincipe.com\/wp-content\/uploads\/2025\/12\/garridofotografos.com__DSC5958-2048x1366.jpg 2048w\" sizes=\"(max-width: 1024px) 100vw, 1024px\" \/><button\n\t\t\tclass=\"lightbox-trigger\"\n\t\t\ttype=\"button\"\n\t\t\taria-haspopup=\"dialog\"\n\t\t\taria-label=\"Ampliar la imagen\"\n\t\t\tdata-wp-init=\"callbacks.initTriggerButton\"\n\t\t\tdata-wp-on-async--click=\"actions.showLightbox\"\n\t\t\tdata-wp-style--right=\"state.imageButtonRight\"\n\t\t\tdata-wp-style--top=\"state.imageButtonTop\"\n\t\t>\n\t\t\t<svg xmlns=\"http:\/\/www.w3.org\/2000\/svg\" width=\"12\" height=\"12\" fill=\"none\" viewBox=\"0 0 12 12\">\n\t\t\t\t<path fill=\"#fff\" d=\"M2 0a2 2 0 0 0-2 2v2h1.5V2a.5.5 0 0 1 .5-.5h2V0H2Zm2 10.5H2a.5.5 0 0 1-.5-.5V8H0v2a2 2 0 0 0 2 2h2v-1.5ZM8 12v-1.5h2a.5.5 0 0 0 .5-.5V8H12v2a2 2 0 0 1-2 2H8Zm2-12a2 2 0 0 1 2 2v2h-1.5V2a.5.5 0 0 0-.5-.5H8V0h2Z\" \/>\n\t\t\t<\/svg>\n\t\t<\/button><\/figure>\n\n\n\n<figure data-wp-context=\"{&quot;imageId&quot;:&quot;69f22861dc939&quot;}\" data-wp-interactive=\"core\/image\" class=\"wp-block-image size-large wp-lightbox-container\"><img loading=\"lazy\" decoding=\"async\" width=\"1024\" height=\"683\" data-wp-class--hide=\"state.isContentHidden\" data-wp-class--show=\"state.isContentVisible\" data-wp-init=\"callbacks.setButtonStyles\" data-wp-on-async--click=\"actions.showLightbox\" data-wp-on-async--load=\"callbacks.setButtonStyles\" data-wp-on-async-window--resize=\"callbacks.setButtonStyles\" data-id=\"23506\" src=\"https:\/\/fundacionincipe.com\/wp-content\/uploads\/2025\/12\/garridofotografos.com__DSC5960-1024x683.jpg\" alt=\"\" class=\"wp-image-23506\" srcset=\"https:\/\/fundacionincipe.com\/wp-content\/uploads\/2025\/12\/garridofotografos.com__DSC5960-1024x683.jpg 1024w, https:\/\/fundacionincipe.com\/wp-content\/uploads\/2025\/12\/garridofotografos.com__DSC5960-300x200.jpg 300w, https:\/\/fundacionincipe.com\/wp-content\/uploads\/2025\/12\/garridofotografos.com__DSC5960-768x512.jpg 768w, https:\/\/fundacionincipe.com\/wp-content\/uploads\/2025\/12\/garridofotografos.com__DSC5960-1536x1025.jpg 1536w, https:\/\/fundacionincipe.com\/wp-content\/uploads\/2025\/12\/garridofotografos.com__DSC5960-2048x1366.jpg 2048w\" sizes=\"(max-width: 1024px) 100vw, 1024px\" \/><button\n\t\t\tclass=\"lightbox-trigger\"\n\t\t\ttype=\"button\"\n\t\t\taria-haspopup=\"dialog\"\n\t\t\taria-label=\"Ampliar la imagen\"\n\t\t\tdata-wp-init=\"callbacks.initTriggerButton\"\n\t\t\tdata-wp-on-async--click=\"actions.showLightbox\"\n\t\t\tdata-wp-style--right=\"state.imageButtonRight\"\n\t\t\tdata-wp-style--top=\"state.imageButtonTop\"\n\t\t>\n\t\t\t<svg xmlns=\"http:\/\/www.w3.org\/2000\/svg\" width=\"12\" height=\"12\" fill=\"none\" viewBox=\"0 0 12 12\">\n\t\t\t\t<path fill=\"#fff\" d=\"M2 0a2 2 0 0 0-2 2v2h1.5V2a.5.5 0 0 1 .5-.5h2V0H2Zm2 10.5H2a.5.5 0 0 1-.5-.5V8H0v2a2 2 0 0 0 2 2h2v-1.5ZM8 12v-1.5h2a.5.5 0 0 0 .5-.5V8H12v2a2 2 0 0 1-2 2H8Zm2-12a2 2 0 0 1 2 2v2h-1.5V2a.5.5 0 0 0-.5-.5H8V0h2Z\" \/>\n\t\t\t<\/svg>\n\t\t<\/button><\/figure>\n\n\n\n<figure data-wp-context=\"{&quot;imageId&quot;:&quot;69f22861dceff&quot;}\" data-wp-interactive=\"core\/image\" class=\"wp-block-image size-large wp-lightbox-container\"><img loading=\"lazy\" decoding=\"async\" width=\"1024\" height=\"683\" data-wp-class--hide=\"state.isContentHidden\" data-wp-class--show=\"state.isContentVisible\" data-wp-init=\"callbacks.setButtonStyles\" data-wp-on-async--click=\"actions.showLightbox\" data-wp-on-async--load=\"callbacks.setButtonStyles\" data-wp-on-async-window--resize=\"callbacks.setButtonStyles\" data-id=\"23507\" src=\"https:\/\/fundacionincipe.com\/wp-content\/uploads\/2025\/12\/garridofotografos.com__DSC5969-1024x683.jpg\" alt=\"\" class=\"wp-image-23507\" srcset=\"https:\/\/fundacionincipe.com\/wp-content\/uploads\/2025\/12\/garridofotografos.com__DSC5969-1024x683.jpg 1024w, https:\/\/fundacionincipe.com\/wp-content\/uploads\/2025\/12\/garridofotografos.com__DSC5969-300x200.jpg 300w, https:\/\/fundacionincipe.com\/wp-content\/uploads\/2025\/12\/garridofotografos.com__DSC5969-768x512.jpg 768w, https:\/\/fundacionincipe.com\/wp-content\/uploads\/2025\/12\/garridofotografos.com__DSC5969-1536x1024.jpg 1536w, https:\/\/fundacionincipe.com\/wp-content\/uploads\/2025\/12\/garridofotografos.com__DSC5969-2048x1366.jpg 2048w\" sizes=\"(max-width: 1024px) 100vw, 1024px\" \/><button\n\t\t\tclass=\"lightbox-trigger\"\n\t\t\ttype=\"button\"\n\t\t\taria-haspopup=\"dialog\"\n\t\t\taria-label=\"Ampliar la imagen\"\n\t\t\tdata-wp-init=\"callbacks.initTriggerButton\"\n\t\t\tdata-wp-on-async--click=\"actions.showLightbox\"\n\t\t\tdata-wp-style--right=\"state.imageButtonRight\"\n\t\t\tdata-wp-style--top=\"state.imageButtonTop\"\n\t\t>\n\t\t\t<svg xmlns=\"http:\/\/www.w3.org\/2000\/svg\" width=\"12\" height=\"12\" fill=\"none\" viewBox=\"0 0 12 12\">\n\t\t\t\t<path fill=\"#fff\" d=\"M2 0a2 2 0 0 0-2 2v2h1.5V2a.5.5 0 0 1 .5-.5h2V0H2Zm2 10.5H2a.5.5 0 0 1-.5-.5V8H0v2a2 2 0 0 0 2 2h2v-1.5ZM8 12v-1.5h2a.5.5 0 0 0 .5-.5V8H12v2a2 2 0 0 1-2 2H8Zm2-12a2 2 0 0 1 2 2v2h-1.5V2a.5.5 0 0 0-.5-.5H8V0h2Z\" \/>\n\t\t\t<\/svg>\n\t\t<\/button><\/figure>\n\n\n\n<figure data-wp-context=\"{&quot;imageId&quot;:&quot;69f22861dd4b2&quot;}\" data-wp-interactive=\"core\/image\" class=\"wp-block-image size-large wp-lightbox-container\"><img loading=\"lazy\" decoding=\"async\" width=\"1024\" height=\"683\" data-wp-class--hide=\"state.isContentHidden\" data-wp-class--show=\"state.isContentVisible\" data-wp-init=\"callbacks.setButtonStyles\" data-wp-on-async--click=\"actions.showLightbox\" data-wp-on-async--load=\"callbacks.setButtonStyles\" data-wp-on-async-window--resize=\"callbacks.setButtonStyles\" data-id=\"23508\" src=\"https:\/\/fundacionincipe.com\/wp-content\/uploads\/2025\/12\/garridofotografos.com__DSC5982-1024x683.jpg\" alt=\"\" class=\"wp-image-23508\" srcset=\"https:\/\/fundacionincipe.com\/wp-content\/uploads\/2025\/12\/garridofotografos.com__DSC5982-1024x683.jpg 1024w, https:\/\/fundacionincipe.com\/wp-content\/uploads\/2025\/12\/garridofotografos.com__DSC5982-300x200.jpg 300w, https:\/\/fundacionincipe.com\/wp-content\/uploads\/2025\/12\/garridofotografos.com__DSC5982-768x512.jpg 768w, https:\/\/fundacionincipe.com\/wp-content\/uploads\/2025\/12\/garridofotografos.com__DSC5982-1536x1025.jpg 1536w, https:\/\/fundacionincipe.com\/wp-content\/uploads\/2025\/12\/garridofotografos.com__DSC5982-2048x1366.jpg 2048w\" sizes=\"(max-width: 1024px) 100vw, 1024px\" \/><button\n\t\t\tclass=\"lightbox-trigger\"\n\t\t\ttype=\"button\"\n\t\t\taria-haspopup=\"dialog\"\n\t\t\taria-label=\"Ampliar la imagen\"\n\t\t\tdata-wp-init=\"callbacks.initTriggerButton\"\n\t\t\tdata-wp-on-async--click=\"actions.showLightbox\"\n\t\t\tdata-wp-style--right=\"state.imageButtonRight\"\n\t\t\tdata-wp-style--top=\"state.imageButtonTop\"\n\t\t>\n\t\t\t<svg xmlns=\"http:\/\/www.w3.org\/2000\/svg\" width=\"12\" height=\"12\" fill=\"none\" viewBox=\"0 0 12 12\">\n\t\t\t\t<path fill=\"#fff\" d=\"M2 0a2 2 0 0 0-2 2v2h1.5V2a.5.5 0 0 1 .5-.5h2V0H2Zm2 10.5H2a.5.5 0 0 1-.5-.5V8H0v2a2 2 0 0 0 2 2h2v-1.5ZM8 12v-1.5h2a.5.5 0 0 0 .5-.5V8H12v2a2 2 0 0 1-2 2H8Zm2-12a2 2 0 0 1 2 2v2h-1.5V2a.5.5 0 0 0-.5-.5H8V0h2Z\" \/>\n\t\t\t<\/svg>\n\t\t<\/button><\/figure>\n\n\n\n<figure data-wp-context=\"{&quot;imageId&quot;:&quot;69f22861ddab8&quot;}\" data-wp-interactive=\"core\/image\" class=\"wp-block-image size-large wp-lightbox-container\"><img loading=\"lazy\" decoding=\"async\" width=\"1024\" height=\"683\" data-wp-class--hide=\"state.isContentHidden\" data-wp-class--show=\"state.isContentVisible\" data-wp-init=\"callbacks.setButtonStyles\" data-wp-on-async--click=\"actions.showLightbox\" data-wp-on-async--load=\"callbacks.setButtonStyles\" data-wp-on-async-window--resize=\"callbacks.setButtonStyles\" data-id=\"23509\" src=\"https:\/\/fundacionincipe.com\/wp-content\/uploads\/2025\/12\/garridofotografos.com__DSC6048-1024x683.jpg\" alt=\"\" class=\"wp-image-23509\" srcset=\"https:\/\/fundacionincipe.com\/wp-content\/uploads\/2025\/12\/garridofotografos.com__DSC6048-1024x683.jpg 1024w, https:\/\/fundacionincipe.com\/wp-content\/uploads\/2025\/12\/garridofotografos.com__DSC6048-300x200.jpg 300w, https:\/\/fundacionincipe.com\/wp-content\/uploads\/2025\/12\/garridofotografos.com__DSC6048-768x512.jpg 768w, https:\/\/fundacionincipe.com\/wp-content\/uploads\/2025\/12\/garridofotografos.com__DSC6048-1536x1025.jpg 1536w, https:\/\/fundacionincipe.com\/wp-content\/uploads\/2025\/12\/garridofotografos.com__DSC6048-2048x1366.jpg 2048w\" sizes=\"(max-width: 1024px) 100vw, 1024px\" \/><button\n\t\t\tclass=\"lightbox-trigger\"\n\t\t\ttype=\"button\"\n\t\t\taria-haspopup=\"dialog\"\n\t\t\taria-label=\"Ampliar la imagen\"\n\t\t\tdata-wp-init=\"callbacks.initTriggerButton\"\n\t\t\tdata-wp-on-async--click=\"actions.showLightbox\"\n\t\t\tdata-wp-style--right=\"state.imageButtonRight\"\n\t\t\tdata-wp-style--top=\"state.imageButtonTop\"\n\t\t>\n\t\t\t<svg xmlns=\"http:\/\/www.w3.org\/2000\/svg\" width=\"12\" height=\"12\" fill=\"none\" viewBox=\"0 0 12 12\">\n\t\t\t\t<path fill=\"#fff\" d=\"M2 0a2 2 0 0 0-2 2v2h1.5V2a.5.5 0 0 1 .5-.5h2V0H2Zm2 10.5H2a.5.5 0 0 1-.5-.5V8H0v2a2 2 0 0 0 2 2h2v-1.5ZM8 12v-1.5h2a.5.5 0 0 0 .5-.5V8H12v2a2 2 0 0 1-2 2H8Zm2-12a2 2 0 0 1 2 2v2h-1.5V2a.5.5 0 0 0-.5-.5H8V0h2Z\" \/>\n\t\t\t<\/svg>\n\t\t<\/button><\/figure>\n<\/figure>\n","protected":false},"excerpt":{"rendered":"<p>El 21 de octubre, INCIPE organiz\u00f3, con el patrocinio del Ministerio de Defensa, la conferencia&nbsp;\u201cLa seguridad energ\u00e9tica en el siglo XXI: retos y oportunidades\u201d. La conferencia, estructurada en dos mesas [&hellip;]<\/p>\n","protected":false},"author":4,"featured_media":23336,"comment_status":"open","ping_status":"closed","sticky":false,"template":"","format":"standard","meta":{"_acf_changed":false,"footnotes":""},"categories":[8],"tags":[],"class_list":["post-23335","post","type-post","status-publish","format-standard","has-post-thumbnail","hentry","category-conferencias-y-seminarios"],"acf":[],"_links":{"self":[{"href":"https:\/\/fundacionincipe.com\/index.php\/wp-json\/wp\/v2\/posts\/23335","targetHints":{"allow":["GET"]}}],"collection":[{"href":"https:\/\/fundacionincipe.com\/index.php\/wp-json\/wp\/v2\/posts"}],"about":[{"href":"https:\/\/fundacionincipe.com\/index.php\/wp-json\/wp\/v2\/types\/post"}],"author":[{"embeddable":true,"href":"https:\/\/fundacionincipe.com\/index.php\/wp-json\/wp\/v2\/users\/4"}],"replies":[{"embeddable":true,"href":"https:\/\/fundacionincipe.com\/index.php\/wp-json\/wp\/v2\/comments?post=23335"}],"version-history":[{"count":29,"href":"https:\/\/fundacionincipe.com\/index.php\/wp-json\/wp\/v2\/posts\/23335\/revisions"}],"predecessor-version":[{"id":23511,"href":"https:\/\/fundacionincipe.com\/index.php\/wp-json\/wp\/v2\/posts\/23335\/revisions\/23511"}],"wp:featuredmedia":[{"embeddable":true,"href":"https:\/\/fundacionincipe.com\/index.php\/wp-json\/wp\/v2\/media\/23336"}],"wp:attachment":[{"href":"https:\/\/fundacionincipe.com\/index.php\/wp-json\/wp\/v2\/media?parent=23335"}],"wp:term":[{"taxonomy":"category","embeddable":true,"href":"https:\/\/fundacionincipe.com\/index.php\/wp-json\/wp\/v2\/categories?post=23335"},{"taxonomy":"post_tag","embeddable":true,"href":"https:\/\/fundacionincipe.com\/index.php\/wp-json\/wp\/v2\/tags?post=23335"}],"curies":[{"name":"wp","href":"https:\/\/api.w.org\/{rel}","templated":true}]}}