{"id":23190,"date":"2025-07-10T08:57:18","date_gmt":"2025-07-10T08:57:18","guid":{"rendered":"https:\/\/fundacionincipe.com\/?p=23190"},"modified":"2026-02-16T10:25:20","modified_gmt":"2026-02-16T10:25:20","slug":"cumbre-de-la-haya-la-otan-y-su-compromiso-con-la-seguridad-colectiva","status":"publish","type":"post","link":"https:\/\/fundacionincipe.com\/index.php\/2025\/07\/10\/cumbre-de-la-haya-la-otan-y-su-compromiso-con-la-seguridad-colectiva\/","title":{"rendered":"Cumbre de la Haya: La OTAN y su compromiso con la seguridad colectiva"},"content":{"rendered":"\n<p>Carmen Romero cuenta con una reconocida trayectoria profesional tanto en el periodismo internacional como en la diplomacia multilateral. Licenciada en Periodismo y Ciencias de la Informaci\u00f3n por la Universidad Complutense de Madrid, inici\u00f3 su carrera como periodista en la Agencia EFE, destacando como corresponsal en la sede de Naciones Unidas en Ginebra, as\u00ed como en sus delegaciones en Mosc\u00fa y Par\u00eds. Posteriormente, fue corresponsal de defensa y asuntos exteriores ante la Uni\u00f3n Europea y la OTAN, siendo enviada especial en Irak y Afganist\u00e1n. En 2004 se incorpor\u00f3 a la OTAN, donde ha desempe\u00f1ado cargos clave como portavoz adjunta, jefa del servicio de prensa y, durante casi ocho a\u00f1os, vicesecretaria general adjunta de Diplomacia P\u00fablica. Su trabajo ha sido reconocido con diversos premios, entre ellos el Premio Bernardo \u00c1lvarez Manzano de la Asociaci\u00f3n de Periodistas de Defensa de Espa\u00f1a.<\/p>\n\n\n\n<p>Durante su intervenci\u00f3n, Romero realiz\u00f3 un detallado repaso de los principales acuerdos adoptados en la reciente Cumbre de la Haya, subrayando su car\u00e1cter hist\u00f3rico y transformador. Destac\u00f3 que los <strong>32 pa\u00edses miembros acordaron un reparto m\u00e1s equitativo de las responsabilidades para la defensa colectiva<\/strong>: Europa y Canad\u00e1 asumir\u00e1n un mayor peso en la seguridad convencional, mientras que Estados Unidos mantendr\u00e1 su papel como principal garante de la disuasi\u00f3n nuclear, imprescindible para prevenir cualquier uso de armas nucleares.<\/p>\n\n\n\n<p>Este acuerdo responde a la creciente complejidad del entorno geopol\u00edtico, marcado por una guerra a gran escala en Ucrania y por amenazas h\u00edbridas y no convencionales cada vez m\u00e1s sofisticadas. Romero tambi\u00e9n destac\u00f3 el compromiso firme de la Alianza con el control internacional de armamento y el respeto al Tratado de No Proliferaci\u00f3n Nuclear.<\/p>\n\n\n\n<p>Un punto clave de la Cumbre fue el <strong>impulso a la industria de defensa<\/strong>, con la eliminaci\u00f3n de barreras comerciales y el fomento de alianzas estrat\u00e9gicas con la Uni\u00f3n Europea, Ucrania y socios del Indo-Pac\u00edfico. En el <strong>Foro de la Industria de Defensa<\/strong>, que se celebr\u00f3 en paralelo a la Cumbre, se firmaron nuevos proyectos industriales multinacionales para aumentar la capacidad productiva y evitar subidas de precios en el sector, as\u00ed como acuerdos para almacenar materias primas cr\u00edticas y promover la innovaci\u00f3n tecnol\u00f3gica, incluyendo la colaboraci\u00f3n con pa\u00edses como Australia.<\/p>\n\n\n\n<p>Romero subray\u00f3 que fortalecer la industria de defensa no solo es crucial para la seguridad colectiva, sino que tambi\u00e9n representa una oportunidad econ\u00f3mica para crear empleo y dinamizar las econom\u00edas de los pa\u00edses aliados. La cooperaci\u00f3n entre la OTAN y la Uni\u00f3n Europea es hoy m\u00e1s intensa y efectiva que nunca.<\/p>\n\n\n\n<p>Otro eje fundamental fue el <strong>compromiso renovado con el apoyo a Ucrania, que este a\u00f1o ha recibido m\u00e1s de 35 000 millones de euros en asistencia de seguridad<\/strong>. Esta contribuci\u00f3n se est\u00e1 repartiendo de manera m\u00e1s equilibrada, con Europa y Canad\u00e1 aumentando su aportaci\u00f3n. Carmen Romero se\u00f1al\u00f3 que el objetivo no es prolongar el conflicto, sino fortalecer a Ucrania para que pueda negociar una paz justa y duradera desde una posici\u00f3n s\u00f3lida, y disuadir futuros ataques.<\/p>\n\n\n\n<p>En el plano global, Romero destac\u00f3 la creciente amenaza que representa la alianza estrat\u00e9gica entre Rusia, China, Corea del Norte e Ir\u00e1n. Subray\u00f3 la expansi\u00f3n del arsenal nuclear chino, la participaci\u00f3n de soldados norcoreanos en el conflicto europeo, y el apoyo de Ir\u00e1n a Rusia mediante drones, adem\u00e1s de la preocupaci\u00f3n por el terrorismo persistente y las amenazas h\u00edbridas y cibern\u00e9ticas que afectan a infraestructuras cr\u00edticas en Europa.<\/p>\n\n\n\n<p>En el \u00faltimo bloque de su intervenci\u00f3n, Carmen Romero dedic\u00f3 un espacio a la <strong>agenda del sur, un \u00e1rea prioritaria para la OTAN<\/strong>, donde se est\u00e1n fortaleciendo las relaciones con organizaciones regionales como la Uni\u00f3n Africana y el Consejo de Cooperaci\u00f3n del Golfo, entre otros. Como muestra de este compromiso, se anunci\u00f3 la<strong> pr\u00f3xima apertura de una oficina de enlace en Amm\u00e1n, Jordania,<\/strong> que reforzar\u00e1 la presencia de la Alianza Atl\u00e1ntica en la regi\u00f3n y facilitar\u00e1 el di\u00e1logo y la cooperaci\u00f3n.<\/p>\n\n\n\n<p>Romero concluy\u00f3 destacando que la Cumbre de La Haya marca el inicio de una ambiciosa agenda pol\u00edtica y militar para los pr\u00f3ximos doce meses, que deber\u00e1 ser evaluada en la siguiente reuni\u00f3n de l\u00edderes en Ankara en 2026. La sesi\u00f3n cerr\u00f3 con un debate enriquecedor sobre los desaf\u00edos actuales y futuros de la Alianza Atl\u00e1ntica, donde se abordaron preguntas sobre temas como las interconexiones energ\u00e9ticas, la seguridad cooperativa y el fortalecimiento de la industria de defensa.<\/p>\n\n\n\n<p class=\"has-small-font-size\">Aranzazu \u00c1lvarez<\/p>\n\n\n\n<p><\/p>\n","protected":false},"excerpt":{"rendered":"<p>Carmen Romero cuenta con una reconocida trayectoria profesional tanto en el periodismo internacional como en la diplomacia multilateral. Licenciada en Periodismo y Ciencias de la Informaci\u00f3n por la Universidad Complutense [&hellip;]<\/p>\n","protected":false},"author":3,"featured_media":23159,"comment_status":"open","ping_status":"closed","sticky":false,"template":"","format":"standard","meta":{"_acf_changed":false,"footnotes":""},"categories":[8],"tags":[],"class_list":["post-23190","post","type-post","status-publish","format-standard","has-post-thumbnail","hentry","category-conferencias-y-seminarios"],"acf":[],"_links":{"self":[{"href":"https:\/\/fundacionincipe.com\/index.php\/wp-json\/wp\/v2\/posts\/23190","targetHints":{"allow":["GET"]}}],"collection":[{"href":"https:\/\/fundacionincipe.com\/index.php\/wp-json\/wp\/v2\/posts"}],"about":[{"href":"https:\/\/fundacionincipe.com\/index.php\/wp-json\/wp\/v2\/types\/post"}],"author":[{"embeddable":true,"href":"https:\/\/fundacionincipe.com\/index.php\/wp-json\/wp\/v2\/users\/3"}],"replies":[{"embeddable":true,"href":"https:\/\/fundacionincipe.com\/index.php\/wp-json\/wp\/v2\/comments?post=23190"}],"version-history":[{"count":3,"href":"https:\/\/fundacionincipe.com\/index.php\/wp-json\/wp\/v2\/posts\/23190\/revisions"}],"predecessor-version":[{"id":23561,"href":"https:\/\/fundacionincipe.com\/index.php\/wp-json\/wp\/v2\/posts\/23190\/revisions\/23561"}],"wp:featuredmedia":[{"embeddable":true,"href":"https:\/\/fundacionincipe.com\/index.php\/wp-json\/wp\/v2\/media\/23159"}],"wp:attachment":[{"href":"https:\/\/fundacionincipe.com\/index.php\/wp-json\/wp\/v2\/media?parent=23190"}],"wp:term":[{"taxonomy":"category","embeddable":true,"href":"https:\/\/fundacionincipe.com\/index.php\/wp-json\/wp\/v2\/categories?post=23190"},{"taxonomy":"post_tag","embeddable":true,"href":"https:\/\/fundacionincipe.com\/index.php\/wp-json\/wp\/v2\/tags?post=23190"}],"curies":[{"name":"wp","href":"https:\/\/api.w.org\/{rel}","templated":true}]}}