{"id":23152,"date":"2025-06-24T07:50:40","date_gmt":"2025-06-24T07:50:40","guid":{"rendered":"https:\/\/fundacionincipe.com\/?p=23152"},"modified":"2025-12-03T09:59:32","modified_gmt":"2025-12-03T09:59:32","slug":"la-estrategia-de-transicion-energetica-de-la-union-europea","status":"publish","type":"post","link":"https:\/\/fundacionincipe.com\/index.php\/2025\/06\/24\/la-estrategia-de-transicion-energetica-de-la-union-europea\/","title":{"rendered":"La estrategia de transici\u00f3n energ\u00e9tica de la Uni\u00f3n Europea"},"content":{"rendered":"\n<p>La actividad, desarrollada en espa\u00f1ol, congreg\u00f3 a una audiencia interesada en profundizar en las implicaciones econ\u00f3micas y medioambientales de la transici\u00f3n energ\u00e9tica, especialmente en Europa, uno de los actores clave en este \u00e1mbito a nivel global.<\/p>\n\n\n\n<p><br><strong>Fern\u00e1ndez-Cuesta, experto consolidado en energ\u00eda y cambio clim\u00e1tico con amplia trayectoria en los sectores p\u00fablico, privado y acad\u00e9mico<\/strong>, ingres\u00f3 en 1981 en el cuerpo de T\u00e9cnicos Comerciales y Economistas del Estado. Ha sido secretario de Estado de Energ\u00eda, adem\u00e1s de responsable durante m\u00e1s de 20 a\u00f1os en \u00e1reas comerciales y de exploraci\u00f3n y producci\u00f3n en Repsol, donde fue n\u00famero dos de la compa\u00f1\u00eda. Asimismo, ha ocupado cargos como CEO y presidente del Diario ABC, vicepresidente de Vocento, CEO y presidente de ISOLUX Corsan y presidente de Eolia Renovables. Actualmente, preside el Consejo Asesor de Engie Espa\u00f1a, forma parte del Consejo Asesor de Llorente y Cuenca y es Senior Energy Advisor de Alantra Partners. Adem\u00e1s, ejerce como profesor en IE University y Universidad Carlos III.<\/p>\n\n\n\n<p><br>Nemesio Fern\u00e1ndez-Cuesta inici\u00f3 su intervenci\u00f3n destacando la importancia del efecto invernadero para la vida en la Tierra, se\u00f1alando que, sin la retenci\u00f3n del calor atmosf\u00e9rico, las temperaturas nocturnas caer\u00edan dr\u00e1sticamente, imposibilitando la existencia. Explic\u00f3 que en el siglo XIX el cient\u00edfico brit\u00e1nico John Tyndall descubri\u00f3 que, adem\u00e1s del 99 % de ox\u00edgeno y nitr\u00f3geno que compone la atm\u00f3sfera, existe una peque\u00f1a proporci\u00f3n de gases como di\u00f3xido de carbono (CO\u2082), metano y \u00f3xidos de nitr\u00f3geno, esenciales para retener calor. La medici\u00f3n del CO\u2082 comenz\u00f3 en 1958, evidenciando un ciclo anual con emisiones m\u00e1s elevadas en invierno y menores en primavera, as\u00ed como un aumento sostenido desde 1850, coincidiendo con la Revoluci\u00f3n Industrial, alcanzando niveles sin precedentes.<\/p>\n\n\n\n<p><br><strong>Actualmente, los tres grandes combustibles f\u00f3siles \u2014carb\u00f3n, petr\u00f3leo y gas natural\u2014 representan m\u00e1s del 80 % del consumo energ\u00e9tico global<\/strong>, con una demanda creciente en los \u00faltimos a\u00f1os, salvo una ca\u00edda puntual en 2020 debido a la pandemia. Por su parte, las energ\u00edas renovables crecen a ritmo acelerado, con una tasa anual promedio del 11,7 % en el \u00faltimo lustro, aunque su peso frente a los combustibles f\u00f3siles sigue siendo reducido.<\/p>\n\n\n\n<p><br>Las emisiones de gases contaminantes, incluidos CO\u2082, metano, \u00f3xidos de nitr\u00f3geno y carbono, contin\u00faan aumentando, salvo oscilaciones negativas durante la crisis financiera (2008-2009) y la pandemia (2020). <strong>China concentra el 31 % de las emisiones globales, seguida por Estados Unidos (14 %), India (8 %) y la Uni\u00f3n Europea (7 %)<\/strong>. Fern\u00e1ndez-Cuesta destac\u00f3 que, mientras la UE y Estados Unidos han reducido sus emisiones, la mayor\u00eda de pa\u00edses las incrementa, y que siete pa\u00edses concentran el 70 % del total.<\/p>\n\n\n\n<p>Este aumento ha provocado un incremento de la temperatura media global, que en 2024 alcanz\u00f3 1,6 \u00b0C, siendo el a\u00f1o m\u00e1s c\u00e1lido registrado. <strong>Se estima que para 2100 la temperatura podr\u00eda subir hasta 3 \u00b0C<\/strong>. En un escenario en que se cumplan todos los compromisos nacionales, incluidos aquellos condicionados a la recepci\u00f3n de ayudas financieras \u2014entre ellas el acuerdo de la COP que contempla la financiaci\u00f3n de pa\u00edses desarrollados para apoyar la transici\u00f3n energ\u00e9tica de pa\u00edses en v\u00edas de desarrollo\u2014 la subida se limitar\u00eda a aproximadamente 2,6 \u00b0C. Fern\u00e1ndez-Cuesta calific\u00f3 este escenario como poco probable, ya que China y Estados Unidos no forman parte del acuerdo, y la UE enfrenta crecientes retos presupuestarios relacionados con defensa, lo que dificulta el compromiso de triplicar la ayuda financiera a pa\u00edses en desarrollo.<\/p>\n\n\n\n<p><br>Fern\u00e1ndez-Cuesta se\u00f1al\u00f3 adem\u00e1s que l<strong>a transici\u00f3n energ\u00e9tica implica no solo pol\u00edticas de mitigaci\u00f3n, sino tambi\u00e9n de adaptaci\u00f3n, para preparar nuestras econom\u00edas a convivir con un aumento global de temperatura<\/strong>. En Espa\u00f1a, recomend\u00f3 invertir en pol\u00edticas h\u00eddricas: mejorar suministros y trasvases, tecnificar regad\u00edos, y ampliar las infraestructuras de potabilizaci\u00f3n y desalaci\u00f3n, con el objetivo de minimizar el impacto econ\u00f3mico de una subida de hasta 3 \u00b0C.<\/p>\n\n\n\n<p><br>Entre las soluciones, Fern\u00e1ndez-Cuesta destac\u00f3 el incremento del consumo el\u00e9ctrico, clave para la transici\u00f3n, ya que la electricidad puede generarse sin emisiones a partir de energ\u00edas renovables, cuyo coste de producci\u00f3n es menor. En cabeza est\u00e1n la solar, seguida por el ciclo combinado de gas \u2014competitivo solo en Estados Unidos, dado que en Europa su precio es hasta cuatro veces superior\u2014, la e\u00f3lica y la solar h\u00edbrida con bater\u00edas.<br><strong>Para lograr una producci\u00f3n el\u00e9ctrica descarbonizada, es necesario un sistema que combine generaci\u00f3n firme y variable, con combustibles renovables junto a otras fuentes que proporcionen flexibilidad<\/strong>. En 2024, Espa\u00f1a alcanz\u00f3 un 57 % de generaci\u00f3n renovable y un 77 % de generaci\u00f3n sin emisiones, sumando la nuclear. Para avanzar hacia un sistema totalmente descarbonizado, Fern\u00e1ndez-Cuesta se\u00f1al\u00f3 tres requisitos: prolongar la vida \u00fatil de las centrales nucleares \u2014que generan electricidad barata y sin emisiones\u2014; desarrollar almacenamiento mediante bater\u00edas y bombeo hidr\u00e1ulico; e invertir en redes de transporte y distribuci\u00f3n.<\/p>\n\n\n\n<p><br>Adem\u00e1s de la electricidad, existen otros combustibles renovables como los biocombustibles cl\u00e1sicos (etanol y biodi\u00e9sel) y avanzados, adem\u00e1s de gases renovables (biog\u00e1s y biometano), producidos a partir de residuos org\u00e1nicos. Tambi\u00e9n destac\u00f3 la gasificaci\u00f3n de materia org\u00e1nica como v\u00eda complementaria. Sin embargo, estas alternativas a\u00fan son costosas y generan emisiones, aunque inferiores a las de los combustibles tradicionales.<\/p>\n\n\n\n<p><br>Finalmente,<strong> Fern\u00e1ndez-Cuesta abog\u00f3 por una pol\u00edtica energ\u00e9tica que garantice un suministro seguro y econ\u00f3mico, promueva el desarrollo mediante el consumo de energ\u00eda limpia, pero sin perjudicar el crecimiento econ\u00f3mico<\/strong>. Subray\u00f3 la p\u00e9rdida de competitividad industrial en Europa, donde el coste el\u00e9ctrico triplica al de Estados Unidos y China, y critic\u00f3 la \u201cpol\u00edtica del palo\u201d europea que incrementa los precios de la energ\u00eda sin ofrecer alternativas tecnol\u00f3gicas viables, lo que afecta negativamente la competitividad.<\/p>\n\n\n\n<p><br>Compar\u00f3 este enfoque con el estadounidense durante la administraci\u00f3n Biden, basado en incentivos fiscales para cubrir costes tecnol\u00f3gicos, y el chino, que mantiene el carb\u00f3n para sostener su competitividad y lidera la producci\u00f3n de minerales cr\u00edticos y tierras raras. Fern\u00e1ndez-Cuesta advirti\u00f3 que las medidas europeas m\u00e1s estrictas, como la prohibici\u00f3n de los coches de combusti\u00f3n, podr\u00edan aumentar la dependencia del gigante asi\u00e1tico.<\/p>\n\n\n\n<p><br>Como reflexi\u00f3n final, destac\u00f3 que las previsiones indican que Espa\u00f1a podr\u00eda alcanzar precios el\u00e9ctricos similares a los de China y Estados Unidos, lo que abrir\u00eda la puerta a la recuperaci\u00f3n de la competitividad industrial. La sesi\u00f3n concluy\u00f3 con una ronda de preguntas centrada en interconexiones energ\u00e9ticas en Europa, energ\u00eda nuclear y calentamiento global.<\/p>\n\n\n\n<p class=\"has-small-font-size\">Aranzazu \u00c1lvarez<\/p>\n\n\n\n<p><\/p>\n\n\n\n<p><\/p>\n","protected":false},"excerpt":{"rendered":"<p>Sesi\u00f3n virtual con Nemesio Fernandez Cuesta, donde analiz\u00f3 las implicaciones econ\u00f3micas y medioambientales de la transici\u00f3n energ\u00e9tica, especialmente en Europa, uno de los actores clave en este \u00e1mbito a nivel global.<\/p>\n","protected":false},"author":3,"featured_media":23125,"comment_status":"open","ping_status":"closed","sticky":false,"template":"","format":"standard","meta":{"_acf_changed":false,"footnotes":""},"categories":[8],"tags":[],"class_list":["post-23152","post","type-post","status-publish","format-standard","has-post-thumbnail","hentry","category-conferencias-y-seminarios"],"acf":[],"_links":{"self":[{"href":"https:\/\/fundacionincipe.com\/index.php\/wp-json\/wp\/v2\/posts\/23152","targetHints":{"allow":["GET"]}}],"collection":[{"href":"https:\/\/fundacionincipe.com\/index.php\/wp-json\/wp\/v2\/posts"}],"about":[{"href":"https:\/\/fundacionincipe.com\/index.php\/wp-json\/wp\/v2\/types\/post"}],"author":[{"embeddable":true,"href":"https:\/\/fundacionincipe.com\/index.php\/wp-json\/wp\/v2\/users\/3"}],"replies":[{"embeddable":true,"href":"https:\/\/fundacionincipe.com\/index.php\/wp-json\/wp\/v2\/comments?post=23152"}],"version-history":[{"count":9,"href":"https:\/\/fundacionincipe.com\/index.php\/wp-json\/wp\/v2\/posts\/23152\/revisions"}],"predecessor-version":[{"id":23325,"href":"https:\/\/fundacionincipe.com\/index.php\/wp-json\/wp\/v2\/posts\/23152\/revisions\/23325"}],"wp:featuredmedia":[{"embeddable":true,"href":"https:\/\/fundacionincipe.com\/index.php\/wp-json\/wp\/v2\/media\/23125"}],"wp:attachment":[{"href":"https:\/\/fundacionincipe.com\/index.php\/wp-json\/wp\/v2\/media?parent=23152"}],"wp:term":[{"taxonomy":"category","embeddable":true,"href":"https:\/\/fundacionincipe.com\/index.php\/wp-json\/wp\/v2\/categories?post=23152"},{"taxonomy":"post_tag","embeddable":true,"href":"https:\/\/fundacionincipe.com\/index.php\/wp-json\/wp\/v2\/tags?post=23152"}],"curies":[{"name":"wp","href":"https:\/\/api.w.org\/{rel}","templated":true}]}}