{"id":23099,"date":"2025-06-17T08:56:29","date_gmt":"2025-06-17T08:56:29","guid":{"rendered":"https:\/\/fundacionincipe.com\/?p=23099"},"modified":"2025-07-22T08:26:49","modified_gmt":"2025-07-22T08:26:49","slug":"retos-y-oportunidades-de-la-diplomacia-europea-en-el-actual-contexto-geopolitico","status":"publish","type":"post","link":"https:\/\/fundacionincipe.com\/index.php\/2025\/06\/17\/retos-y-oportunidades-de-la-diplomacia-europea-en-el-actual-contexto-geopolitico\/","title":{"rendered":"Retos y oportunidades de la diplomacia europea en el actual contexto geopol\u00edtico"},"content":{"rendered":"\n<p>La sesi\u00f3n, celebrada en espa\u00f1ol, reuni\u00f3 a una audiencia interesada en profundizar en las claves y din\u00e1micas de la diplomacia europea en un contexto geopol\u00edtico marcado por tensiones e incertidumbres.<\/p>\n\n\n\n<p>El <strong>embajador Alberto Navarro <\/strong>inici\u00f3 su intervenci\u00f3n haciendo referencia al <strong>40 aniversario de la firma del Tratado de adhesi\u00f3n de Espa\u00f1a y Portugal a las entonces denominadas Comunidades Europeas<\/strong>, celebrado el <strong>12 de junio de 1985<\/strong>, destacando que han sido las cuatro d\u00e9cadas de mayor estabilidad pol\u00edtica y prosperidad econ\u00f3mica de la historia de Espa\u00f1a. La <strong>entrada de Espa\u00f1a en la Uni\u00f3n Europea<\/strong>&nbsp; transform\u00f3 profundamente la sociedad espa\u00f1ola,&nbsp;<strong> multiplicando por seis veces el PIB, pasando de 243.000 millones de euros en 1985 a 1,59 billones de euros en 2024<\/strong>, un aumento de la renta per c\u00e1pita de 5.800 euros en 1985 a 32.630 euros en 2024 y un comercio exterior que representa el 75 % del PIB mientras que en 1985 apenas alcanzaba el 30%, contando ya con empresas multinacionales de alcance global como el Banco Santander, BBVA, Iberdrola, Inditex o Telef\u00f3nica. Adem\u00e1s, Navarro subray\u00f3 las importantes aportaciones de Espa\u00f1a a la Uni\u00f3n Europea, como la ciudadan\u00eda europea, propuesta por Felipe Gonz\u00e1lez, el programa Erasmus, la creaci\u00f3n de un espacio de Libertad, Seguridad y Justicia, el reforzamiento de las relaciones con Am\u00e9rica Latina o con el Mediterr\u00e1neo a trav\u00e9s del proceso de Barcelona.<\/p>\n\n\n\n<p>Sobre la diplomacia europea, Navarro destac\u00f3 <strong>el papel del Servicio Europeo de Acci\u00f3n Exterior (SEAE)<\/strong>, un organismo \u201cjoven\u201d <strong>creado por el Tratado de Lisboa en 2009, que cuenta con m\u00e1s de 4.500 funcionarios: 2.100 en Bruselas y 2.400 en embajadas y delegaciones de la Uni\u00f3n Europea en el mundo<\/strong>. As\u00ed, la Uni\u00f3n Europea posee la red diplom\u00e1tica m\u00e1s amplia a nivel global, con 173 oficinas \u2014146 embajadas y 27 representaciones en los Estados miembros\u2014. Le siguen China, con 170 delegaciones, y Estados Unidos, con 168. No obstante, el presidente Donald Trump ha anunciado el cierre de diez embajadas, dos de ellas en la Uni\u00f3n Europea (Luxemburgo y Malta), de numerosos Consulados as\u00ed como el cierre de la Agencia USAID con la supresi\u00f3n de la ayuda al desarrollo y humanitaria del que hasta ahora era uno de los mayores donantes mundiales.<\/p>\n\n\n\n<p>Entre otros datos, <strong>Navarro se\u00f1al\u00f3 que la Uni\u00f3n Europea es la segunda potencia comercial del mundo, solo superada por China<\/strong>, cuyo comercio exterior super\u00f3 los 6,1 billones de euros en 2024, mientras que el bloque europeo alcanz\u00f3 los 5,7 billones y Estados Unidos, 5,3 billones. <strong>En materia de ayuda al desarrollo, la Uni\u00f3n Europea es l\u00edder mundial, canalizando m\u00e1s de la mitad de la ayuda al desarrollo y m\u00e1s del 60 % de la ayuda humanitaria global a trav\u00e9s de la oficina ECHO (Direcci\u00f3n General de Protecci\u00f3n Civil y Ayuda Humanitaria), que Navarro dirigi\u00f3 durante tres a\u00f1os<\/strong>. Enfatiz\u00f3 que la ayuda humanitaria no tiene fines pol\u00edticos, sino que busca salvar vidas y aliviar el sufrimiento humano, mientras que la ayuda al desarrollo s\u00ed tiene una dimensi\u00f3n pol\u00edtica: Espa\u00f1a orienta su cooperaci\u00f3n al desarrollo a Am\u00e9rica Latina, el Magreb y Guinea Ecuatorial; Francia, a pa\u00edses franc\u00f3fonos; y el Reino Unido, a los de la Commonwealth.<\/p>\n\n\n\n<p>El embajador Navarro explic\u00f3 que el reforzamiento del Servicio Europeo de Acci\u00f3n Exterior se traduce en que algunos Estados miembros est\u00e1n cerrando algunas de sus embajadas nacionales y enviando a sus diplom\u00e1ticos a las Embajadas o delegaciones de la Uni\u00f3n Europea, especialmente en pa\u00edses donde mantener una misi\u00f3n propia no resulta econ\u00f3micamente rentable.<\/p>\n\n\n\n<p>Entre los desaf\u00edos, Navarro se refiri\u00f3 a la sesi\u00f3n virtual de INCIPE \u201c\u00bfHasta d\u00f3nde pueden llegar los gastos de defensa de la UE?\u201d, del embajador Enrique Viguera, para se\u00f1alar el aumento del gasto militar como el principal reto para Europa, que no puede seguir dependiendo exclusivamente del paraguas de Estados Unidos en el actual contexto geopol\u00edtico.<\/p>\n\n\n\n<p>Tambi\u00e9n destac\u00f3 la <strong>creciente influencia del grupo de los BRICS, al que en 2025 se sumaron Egipto, Eritrea, Indonesia, Iran, Arabia Saud\u00ed y Emiratos \u00c1rabes Unidos<\/strong>, y que ya representa el 43 % de la poblaci\u00f3n mundial frente al 9 % del G7, y el 30 % del PIB global, acerc\u00e1ndose al 43 % del G7. Aunque los BRICS carecen de cohesi\u00f3n interna, comparten una cr\u00edtica com\u00fan al orden mundial vigente desde 1945, al considerarse insuficientemente representados en instituciones como las Naciones Unidas, el Banco Mundial o el Fondo Monetario Internacional. <strong>Entre otras iniciativas los BRICS han creado el Nuevo Banco de Desarrollo, con sede en Shangh\u00e1i<\/strong>, que ha financiado ya cerca de un centenar de proyectos valorados en m\u00e1s de 32.000 millones de d\u00f3lares estadounidenses.<\/p>\n\n\n\n<p>Navarro tambi\u00e9n cit\u00f3 datos que evidencian el cambio global acelerado y el auge de los BRICS:<\/p>\n\n\n\n<ul class=\"wp-block-list\">\n<li>La importaci\u00f3n de petr\u00f3leo ruso por parte de India creci\u00f3 de 2.450 millones de d\u00f3lares en 2021 a 46.500 millones en 2023.<\/li>\n\n\n\n<li>Antes de la guerra de Ucrania, Rusia comerciaba con la Uni\u00f3n Europea el doble que con China. Hoy es menos de la mitad. Rusia y China mantienen en rublos y yuanes el 95% de su comercio bilateral, m\u00e1s de 240.000 millones de d\u00f3lares en 2023.<\/li>\n\n\n\n<li>En los \u00faltimos 25 a\u00f1os, el PIB europeo ha crecido a una tasa media anual del 1,5 %, Estados Unidos al 2 % y China al 8 %.<\/li>\n\n\n\n<li>Actualmente, 130 de los 190 pa\u00edses de Naciones Unidas mantienen m\u00e1s comercio con China que con Estados Unidos y la Uni\u00f3n Europea.<\/li>\n<\/ul>\n\n\n\n<p><\/p>\n\n\n\n<p>Para concluir, Alberto Navarro mencion\u00f3 el <strong>discurso del presidente franc\u00e9s Emmanuel Macron en la Sorbona en 2023, en el que plante\u00f3 una agenda \u201cEuropa First\u201d<\/strong> \u2014siguiendo el modelo estadounidense \u201cAmerica First\u201d\u2014 centrada en fortalecer la defensa europea, controlar las fronteras y ganar autonom\u00eda frente a Estados Unidos, que ya no considera a Europa una prioridad. Adem\u00e1s, mencion\u00f3 el <strong>informe de Enrico Letta<\/strong>, que destaca la necesidad de un mercado financiero europeo y una uni\u00f3n energ\u00e9tica y en telecomunicaciones adem\u00e1s de muchas otras iniciativas; y el informe de Mario Draghi, que subraya la importancia de reforzar la competitividad europea y de movilizar dentro de Europa el ahorro de los europeos que actualmente es invertido en los Estados Unidos.<\/p>\n\n\n\n<p>En contraste con el unilateralismo de la administraci\u00f3n Trump, subray\u00f3 el papel de la Uni\u00f3n Europea en la defensa de los valores y principios del multilateralismo, trabajando por mejorar instituciones como las Naciones Unidas o la Organizaci\u00f3n Mundial del Comercio promoviendo un comercio justo y regulado, frente al uso de los aranceles como herramientas pol\u00edticas.<\/p>\n\n\n\n<p>La sesi\u00f3n concluy\u00f3 con una ronda de preguntas centrada en el papel del Alto Representante, de las embajadas y delegaciones de la Uni\u00f3n Europea, la pol\u00edtica de defensa y los retos geopol\u00edticos actuales.<\/p>\n","protected":false},"excerpt":{"rendered":"<p>La sesi\u00f3n, celebrada en espa\u00f1ol, reuni\u00f3 a una audiencia interesada en profundizar en las claves y din\u00e1micas de la diplomacia europea en un contexto geopol\u00edtico marcado por tensiones e incertidumbres. [&hellip;]<\/p>\n","protected":false},"author":3,"featured_media":23097,"comment_status":"open","ping_status":"closed","sticky":false,"template":"","format":"standard","meta":{"_acf_changed":false,"footnotes":""},"categories":[8],"tags":[],"class_list":["post-23099","post","type-post","status-publish","format-standard","has-post-thumbnail","hentry","category-conferencias-y-seminarios"],"acf":[],"_links":{"self":[{"href":"https:\/\/fundacionincipe.com\/index.php\/wp-json\/wp\/v2\/posts\/23099","targetHints":{"allow":["GET"]}}],"collection":[{"href":"https:\/\/fundacionincipe.com\/index.php\/wp-json\/wp\/v2\/posts"}],"about":[{"href":"https:\/\/fundacionincipe.com\/index.php\/wp-json\/wp\/v2\/types\/post"}],"author":[{"embeddable":true,"href":"https:\/\/fundacionincipe.com\/index.php\/wp-json\/wp\/v2\/users\/3"}],"replies":[{"embeddable":true,"href":"https:\/\/fundacionincipe.com\/index.php\/wp-json\/wp\/v2\/comments?post=23099"}],"version-history":[{"count":5,"href":"https:\/\/fundacionincipe.com\/index.php\/wp-json\/wp\/v2\/posts\/23099\/revisions"}],"predecessor-version":[{"id":23268,"href":"https:\/\/fundacionincipe.com\/index.php\/wp-json\/wp\/v2\/posts\/23099\/revisions\/23268"}],"wp:featuredmedia":[{"embeddable":true,"href":"https:\/\/fundacionincipe.com\/index.php\/wp-json\/wp\/v2\/media\/23097"}],"wp:attachment":[{"href":"https:\/\/fundacionincipe.com\/index.php\/wp-json\/wp\/v2\/media?parent=23099"}],"wp:term":[{"taxonomy":"category","embeddable":true,"href":"https:\/\/fundacionincipe.com\/index.php\/wp-json\/wp\/v2\/categories?post=23099"},{"taxonomy":"post_tag","embeddable":true,"href":"https:\/\/fundacionincipe.com\/index.php\/wp-json\/wp\/v2\/tags?post=23099"}],"curies":[{"name":"wp","href":"https:\/\/api.w.org\/{rel}","templated":true}]}}