{"id":23094,"date":"2025-06-09T08:54:02","date_gmt":"2025-06-09T08:54:02","guid":{"rendered":"https:\/\/fundacionincipe.com\/?p=23094"},"modified":"2025-07-08T08:56:16","modified_gmt":"2025-07-08T08:56:16","slug":"la-ue-y-america-latina-y-el-caribe-frente-a-los-desafios-del-siglo-xxi","status":"publish","type":"post","link":"https:\/\/fundacionincipe.com\/index.php\/2025\/06\/09\/la-ue-y-america-latina-y-el-caribe-frente-a-los-desafios-del-siglo-xxi\/","title":{"rendered":"La UE y Am\u00e9rica Latina y el Caribe frente a los desaf\u00edos del siglo XXI"},"content":{"rendered":"\n<p>La sesi\u00f3n, desarrollada en espa\u00f1ol, congreg\u00f3 a una audiencia interesada en el acercamiento entre ambas regiones en los \u00faltimos a\u00f1os, especialmente a trav\u00e9s de nuevos acuerdos comerciales y las posibilidades de cooperaci\u00f3n conjunta. Para ello, INCIPE cont\u00f3 con la participaci\u00f3n de <strong>F\u00e9lix Fern\u00e1ndez-Shaw<\/strong>, con una amplia trayectoria diplom\u00e1tica, habiendo estado destinado en la Representaci\u00f3n Permanente de Espa\u00f1a ante la UE y como jefe de la Divisi\u00f3n de Coordinaci\u00f3n de Cooperaci\u00f3n al Desarrollo del Servicio Europeo de Acci\u00f3n Exterior. Desde 2022 dirige las relaciones entre la Uni\u00f3n Europea y Am\u00e9rica Latina y el Caribe, y es uno de los principales impulsores de la estrategia Global Gateway.<\/p>\n\n\n\n<p>Fern\u00e1ndez-Shaw abri\u00f3 su intervenci\u00f3n destacando la <strong>necesidad de fortalecer el v\u00ednculo entre Am\u00e9rica Latina y el Caribe (ALC) y la Uni\u00f3n Europea<\/strong>, en un contexto global marcado por desaf\u00edos inesperados. En este marco, puso en primer plano la estrategia Global Gateway como una de las principales herramientas presupuestarias para reforzar esta relaci\u00f3n.<\/p>\n\n\n\n<p>El reciente impulso a este acercamiento se remonta a la <strong>tercera Cumbre UE-CELAC, celebrada en julio de 2023 en Bruselas<\/strong> y se debe confirmar con la<strong> IV Cumbre en Santa Marta, Colombia, prevista en noviembre de 2025<\/strong>. Seg\u00fan Fern\u00e1ndez-Shaw, hasta entonces hab\u00edan transcurrido ocho a\u00f1os sin encuentros birregionales, y la reactivaci\u00f3n de las relaciones estuvo condicionada por el contexto geopol\u00edtico en Europa: la invasi\u00f3n rusa de Ucrania, la crisis migratoria y la creciente rivalidad comercial entre Estados Unidos y China. Asimismo, destac\u00f3 el papel constructivo de Am\u00e9rica Latina en la defensa de la paz, el derecho internacional y la autodeterminaci\u00f3n de los pueblos, lo que la convierte, a ojos de Bruselas, en una regi\u00f3n con escasos focos de fricci\u00f3n.<\/p>\n\n\n\n<p>El ponente subray\u00f3 que <strong>ambas regiones representan conjuntamente casi un tercio de los Estados miembros de Naciones Unidas<\/strong>, y comparten una visi\u00f3n com\u00fan alineada con los Objetivos de Desarrollo Sostenible, surgidos en Colombia en 2012 en torno a los valores de las tres &#8220;P&#8221;: people, prosperity and planet, as\u00ed como con la Agenda 2030.<\/p>\n\n\n\n<p>Uno de los temas clave fue la reivindicaci\u00f3n, por parte de los presidentes latinoamericanos en Bruselas, de avanzar hacia una mayor equidad y superar la \u201cprimarizaci\u00f3n\u201d de sus econom\u00edas, es decir, la dependencia de la exportaci\u00f3n de materias primas como minerales cr\u00edticos, agua, soja, carne o caf\u00e9 a cambio de productos finales. Para ello, se\u00f1alaron la necesidad de inversi\u00f3n en tecnolog\u00eda y formaci\u00f3n de capital humano, con el objetivo de generar valor a\u00f1adido y dejar atr\u00e1s el rol de \u201cmero exportador\u201d del sector primario.<\/p>\n\n\n\n<p>En respuesta a estas demandas, la <strong>estrategia Global Gateway<\/strong> promueve una inversi\u00f3n productiva que no se limite al intercambio comercial, sino que genere tejido industrial local, fomente la transferencia tecnol\u00f3gica y contribuya a la formaci\u00f3n. Este enfoque permitir\u00eda no solo impulsar la innovaci\u00f3n y el capital humano, sino tambi\u00e9n estabilizar y formalizar las econom\u00edas latinoamericanas. A ello se sumar\u00eda la creaci\u00f3n de empleo de calidad, con impacto en la inclusi\u00f3n de g\u00e9nero, el acceso a la seguridad social, la consolidaci\u00f3n de una clase media y la reducci\u00f3n de desigualdades. Adem\u00e1s, los proyectos promovidos desde 2023 incorporan de forma transversal los componentes medioambiental, econ\u00f3mico y social, con el objetivo de diversificar y replicar en Am\u00e9rica Latina un modelo de industrializaci\u00f3n similar al que impuls\u00f3 China en los a\u00f1os 2000.<\/p>\n\n\n\n<p>Entre las iniciativas destacadas, Fern\u00e1ndez-Shaw mencion\u00f3 la colaboraci\u00f3n con el gobierno colombiano para alcanzar un 86 % de poblaci\u00f3n conectada, teniendo en cuenta retos como la dispersi\u00f3n rural y las zonas selv\u00e1ticas; la descarbonizaci\u00f3n de Brasil y Chile mediante fondos de hidr\u00f3geno verde; el apoyo a empresas mineras europeas en el tri\u00e1ngulo sur de Am\u00e9rica para impulsar una extracci\u00f3n limpia, sostenible y socialmente responsable; y el abordaje de problem\u00e1ticas no estrictamente geopol\u00edticas como la invasi\u00f3n de sargazo en el Caribe. Tambi\u00e9n reconoci\u00f3 que algunos proyectos presentan un alto nivel de riesgo, ya sea por el sector, la falta de personal cualificado o la situaci\u00f3n del pa\u00eds, por lo que, en colaboraci\u00f3n con el Banco Europeo de Inversiones (BEI) y la Comisi\u00f3n Europea, se trabaja para acercar el coste de estas inversiones al del mercado.<\/p>\n\n\n\n<p>Por \u00faltimo, el ponente destac\u00f3 que <strong>Am\u00e9rica Latina cuenta con la matriz energ\u00e9tica m\u00e1s verde del planeta, con un promedio del 30 % de producci\u00f3n renovable<\/strong> \u2014que asciende al 60 % si se excluye a M\u00e9xico\u2014, gracias en buena parte a la energ\u00eda hidroel\u00e9ctrica generada por la presa de Itaip\u00fa, entre Brasil y Paraguay, la mayor del mundo. Este potencial explica el inter\u00e9s europeo en descarbonizar el transporte urbano, rural, de mercanc\u00edas y continental, en l\u00ednea con los Acuerdos de Par\u00eds, que ALC apoya firmemente. La estrategia europea apuesta, por tanto, por respaldar a empresas que apuesten por una producci\u00f3n descarbonizada, como v\u00eda para impulsar una industria del transporte m\u00e1s sostenible y un desarrollo equilibrado. <\/p>\n\n\n\n<p>La sesi\u00f3n concluy\u00f3 con una extensa ronda de preguntas donde <strong>Fern\u00e1ndez-Shaw se\u00f1al\u00f3 que, gracias a la CELAC y a la estrategia Global Gateway, el presupuesto destinado a Am\u00e9rica Latina ha pasado de 3.400 millones de euros al inicio del periodo 2021\u20132027 a m\u00e1s de 4.000 millones en la actualidad<\/strong>. Tambi\u00e9n se abord\u00f3 el reto del envejecimiento demogr\u00e1fico de la regi\u00f3n, acentuado por la emigraci\u00f3n de j\u00f3venes hacia Europa y Estados Unidos, lo que refuerza a\u00fan m\u00e1s la urgencia de una inversi\u00f3n productiva. Finalmente, se puso en valor el acuerdo entre MERCOSUR y la UE como un mensaje pol\u00edtico en favor del libre comercio<\/p>\n","protected":false},"excerpt":{"rendered":"<p>La sesi\u00f3n, desarrollada en espa\u00f1ol, congreg\u00f3 a una audiencia interesada en el acercamiento entre ambas regiones en los \u00faltimos a\u00f1os, especialmente a trav\u00e9s de nuevos acuerdos comerciales y las posibilidades [&hellip;]<\/p>\n","protected":false},"author":3,"featured_media":23008,"comment_status":"open","ping_status":"closed","sticky":false,"template":"","format":"standard","meta":{"_acf_changed":false,"footnotes":""},"categories":[8],"tags":[],"class_list":["post-23094","post","type-post","status-publish","format-standard","has-post-thumbnail","hentry","category-conferencias-y-seminarios"],"acf":[],"_links":{"self":[{"href":"https:\/\/fundacionincipe.com\/index.php\/wp-json\/wp\/v2\/posts\/23094","targetHints":{"allow":["GET"]}}],"collection":[{"href":"https:\/\/fundacionincipe.com\/index.php\/wp-json\/wp\/v2\/posts"}],"about":[{"href":"https:\/\/fundacionincipe.com\/index.php\/wp-json\/wp\/v2\/types\/post"}],"author":[{"embeddable":true,"href":"https:\/\/fundacionincipe.com\/index.php\/wp-json\/wp\/v2\/users\/3"}],"replies":[{"embeddable":true,"href":"https:\/\/fundacionincipe.com\/index.php\/wp-json\/wp\/v2\/comments?post=23094"}],"version-history":[{"count":4,"href":"https:\/\/fundacionincipe.com\/index.php\/wp-json\/wp\/v2\/posts\/23094\/revisions"}],"predecessor-version":[{"id":23168,"href":"https:\/\/fundacionincipe.com\/index.php\/wp-json\/wp\/v2\/posts\/23094\/revisions\/23168"}],"wp:featuredmedia":[{"embeddable":true,"href":"https:\/\/fundacionincipe.com\/index.php\/wp-json\/wp\/v2\/media\/23008"}],"wp:attachment":[{"href":"https:\/\/fundacionincipe.com\/index.php\/wp-json\/wp\/v2\/media?parent=23094"}],"wp:term":[{"taxonomy":"category","embeddable":true,"href":"https:\/\/fundacionincipe.com\/index.php\/wp-json\/wp\/v2\/categories?post=23094"},{"taxonomy":"post_tag","embeddable":true,"href":"https:\/\/fundacionincipe.com\/index.php\/wp-json\/wp\/v2\/tags?post=23094"}],"curies":[{"name":"wp","href":"https:\/\/api.w.org\/{rel}","templated":true}]}}