{"id":22686,"date":"2025-04-25T11:45:00","date_gmt":"2025-04-25T11:45:00","guid":{"rendered":"https:\/\/fundacionincipe.com\/?p=22686"},"modified":"2025-05-12T14:13:20","modified_gmt":"2025-05-12T14:13:20","slug":"el-artico-en-el-2025-la-nueva-frontera-geopolitica-2","status":"publish","type":"post","link":"https:\/\/fundacionincipe.com\/index.php\/2025\/04\/25\/el-artico-en-el-2025-la-nueva-frontera-geopolitica-2\/","title":{"rendered":"El \u00c1rtico en el 2025: la nueva frontera geopol\u00edtica"},"content":{"rendered":"\n<p>La sesi\u00f3n se desarroll\u00f3 en espa\u00f1ol y congreg\u00f3 a una audiencia interesada en comprender la actual situaci\u00f3n geopol\u00edtica del \u00c1rtico, en un momento en el que las tensiones entre las potencias regionales se han incrementado por factores como la llegada de Donald Trump a la Casa Blanca, el inicio de la guerra en Ucrania, y la aceleraci\u00f3n del cambio clim\u00e1tico, que ha puesto en relieve la multitud de recursos disponibles en el \u00c1rtico. Para ello, se invit\u00f3 a participar a Elena Conde, que cuenta con una destacada labor investigadora liderando proyectos internacionales en la regi\u00f3n \u00e1rtica.<\/p>\n\n\n\n<p>Elena Conde comenz\u00f3 su intervenci\u00f3n destacando la profunda relaci\u00f3n entre la geopol\u00edtica y el Derecho Internacional, especialmente en el \u00c1rtico, regi\u00f3n a la que defini\u00f3 como un norte circumpolar muy complejo en t\u00e9rminos geopol\u00edticos, humanos y econ\u00f3micos, y que c<strong>omprende ocho pa\u00edses: Rusia, Canad\u00e1, Noruega, Dinamarca<\/strong> (a trav\u00e9s de Groenlandia y las Islas Feroe), <strong>Estados Unidos<\/strong> (a trav\u00e9s de Alaska), <strong>Suecia, Finlandia e Islandia<\/strong>, todos ellos miembros del foro pol\u00edtico regional denominado <strong>Consejo \u00c1rtico<\/strong>.<\/p>\n\n\n\n<p>En t\u00e9rminos sociales, en el \u00c1rtico hay una <strong>gran diversidad de pueblos ind\u00edgenas \u2014como los Inuits, Yapik, Saamis o Chukchi\u2014,<\/strong> cuya supervivencia se ha visto amenazada no solo por las condiciones extremas, sino tambi\u00e9n por el colonialismo y el cambio clim\u00e1tico. Este \u00faltimo ha transformado el ecosistema y revelado la abundancia de recursos disponibles en la regi\u00f3n. El r\u00e1pido deshielo ha abierto una ventana de oportunidades, como el establecimiento de nuevas rutas de navegaci\u00f3n comercial, pero tambi\u00e9n ha planteado nuevos retos geopol\u00edticos. Elena Conde subray\u00f3 que el \u00c1rtico se encuentra actualmente en el centro de una vor\u00e1gine de explotaci\u00f3n de los recursos, tanto f\u00f3siles y minerales, como de transporte y turismo.<\/p>\n\n\n\n<p>En un segundo bloque tem\u00e1tico, la profesora Conde se\u00f1al\u00f3 c\u00f3mo, en apenas unos a\u00f1os, la regi\u00f3n ha pasado de ser un centro de cooperaci\u00f3n a un entorno de enfrentamiento y ruptura. Las primeras &#8220;<strong>rupturas \u00e1rticas<\/strong>&#8220;, como las denomin\u00f3 Conde, comenzaron a manifestarse durante el primer mandato de Donald Trump, seguido de varios puntos de inflexi\u00f3n en 2022 debido al conflicto en Ucrania, y 2025, con el regreso de Trump a la Casa Blanca. Desde 2017, se ha evidenciado que en el \u00c1rtico se ha hecho realidad lo que diversos investigadores y analistas han identificado como el final de un periodo de <em>anormalidad <\/em>en la historia: el final del orden liberal global vivido desde el final de la Segunda Guerra Mundial, una realidad de la que el \u00c1rtico no ha escapado.<\/p>\n\n\n\n<p>Siete de los ocho Estados \u00e1rticos, a excepci\u00f3n de Rusia, pertenecen a la Alianza Atl\u00e1ntica. A ra\u00edz de la guerra en Ucrania, la colaboraci\u00f3n en el Consejo \u00c1rtico con Rusia ha cesado, lo que ha generado uno de los principales frentes de confrontaci\u00f3n en la regi\u00f3n. Por otro lado, se ha producido una progresiva militarizaci\u00f3n del \u00c1rtico por parte de la OTAN, y se han desarrollado intereses defensivos y ofensivos.<\/p>\n\n\n\n<p>Adem\u00e1s, se ha puesto de manifiesto el creciente i<strong>nter\u00e9s de las potencias mundiales por Groenlandia, debido a su posici\u00f3n estrat\u00e9gica<\/strong> en el trayecto de las principales rutas mar\u00edtimas. El presidente Trump ha expresado repetidamente su deseo de adquirir la isla para ampliar su territorio \u00e1rtico, que actualmente se limita a Alaska, d\u00f3nde tambi\u00e9n anunci\u00f3 la apertura de una subasta p\u00fablica para la concesi\u00f3n de licencias para la explotaci\u00f3n petrolera y gas\u00edstica del Refugio de Vida Silvestre del \u00c1rtico. Conde expuso que el Refugio, situado en Alaska, alberga la mayor variedad de especies animales y vegetales de la regi\u00f3n. Sin embargo, el gobierno estadounidense valora en mayor medida la posible existencia de reservas de petr\u00f3leo y gas en sus suelos.<\/p>\n\n\n\n<p>Elena Conde tambi\u00e9n abord\u00f3 uno de los temas de mayor actualidad: la creciente presencia de China, vista tanto con preocupaci\u00f3n como con inter\u00e9s. En su estrategia \u00e1rtica publicada en 2018, China reclam\u00f3 sus derechos sobre los recursos \u00e1rticos, alegando que deb\u00edan ser proporcionales a su poblaci\u00f3n. <strong>El inter\u00e9s de China en torno al \u00c1rtico radica en la iniciativa <em>Belt and Road<\/em> (la Franja y Ruta)<\/strong>, una Nueva Ruta de Seda china que plantea proyectos de inversi\u00f3n en infraestructura y desarrollo. Uno de estos proyectos contempla la creaci\u00f3n de un pasaje econ\u00f3mico azul para llegar al norte de Europa a trav\u00e9s del oc\u00e9ano \u00c1rtico, una estrategia que conecta los intereses chinos con los de Rusia, ya que el trayecto pasar\u00eda por la Ruta Mar\u00edtima del Norte, un paso oce\u00e1nico de 6.000 kil\u00f3metros que bordea las costas rusas y que se ha abierto recientemente debido al deshielo del \u00c1rtico.<\/p>\n\n\n\n<p>Para concluir su intervenci\u00f3n, la profesora e investigadora <strong>Elena Conde present\u00f3 el concepto de <em>lawfare<\/em><\/strong>, popularizado en los \u00faltimos a\u00f1os. Conde lo defini\u00f3 como una <strong>t\u00e1ctica jur\u00eddica sofisticada que busca deslegitimar a los adversarios, justificar acciones controvertidas, influir en la opini\u00f3n p\u00fablica<\/strong> y revestir todo el procedimiento con una apariencia de legalidad. Rusia es el principal empleador de estas t\u00e1cticas y las ha utilizado de diversas maneras: en 2001 solicit\u00f3 la extensi\u00f3n de su plataforma continental, propuestas que se extienden hasta 2023, y ha desplegado grandes infraestructuras en el desarrollo de la Ruta Mar\u00edtima del Norte, a trav\u00e9s de las cuales, gracias al <em>lawfare<\/em>, ha logrado el control absoluto de la traves\u00eda. A modo de conclusi\u00f3n, Conde destac\u00f3 que el uso interesado del Derecho Internacional para reforzar posiciones estrat\u00e9gicas ha llevado al unilateralismo, representando un reto para la base jur\u00eddica internacional actual, que se fundamenta en el multilateralismo.<\/p>\n\n\n\n<p>La sesi\u00f3n concluy\u00f3 con un debate donde los participantes plantearon cuestiones acerca de los temas tratados, con especial atenci\u00f3n a las&nbsp; consecuencias que podr\u00eda tener la adhesi\u00f3n de Groenlandia a Estados Unidos, y al control de la defensa del \u00c1rtico por parte de potencias mundiales.<\/p>\n\n\n\n<p class=\"has-small-font-size\">Marina Urizarna<br>Asistente de comunicaci\u00f3n, INCIPE<\/p>\n","protected":false},"excerpt":{"rendered":"<p>La sesi\u00f3n se desarroll\u00f3 en espa\u00f1ol y congreg\u00f3 a una audiencia interesada en comprender la actual situaci\u00f3n geopol\u00edtica del \u00c1rtico, en un momento en el que las tensiones entre las [&hellip;]<\/p>\n","protected":false},"author":3,"featured_media":22663,"comment_status":"open","ping_status":"closed","sticky":false,"template":"","format":"standard","meta":{"_acf_changed":false,"footnotes":""},"categories":[8],"tags":[],"class_list":["post-22686","post","type-post","status-publish","format-standard","has-post-thumbnail","hentry","category-conferencias-y-seminarios"],"acf":[],"_links":{"self":[{"href":"https:\/\/fundacionincipe.com\/index.php\/wp-json\/wp\/v2\/posts\/22686","targetHints":{"allow":["GET"]}}],"collection":[{"href":"https:\/\/fundacionincipe.com\/index.php\/wp-json\/wp\/v2\/posts"}],"about":[{"href":"https:\/\/fundacionincipe.com\/index.php\/wp-json\/wp\/v2\/types\/post"}],"author":[{"embeddable":true,"href":"https:\/\/fundacionincipe.com\/index.php\/wp-json\/wp\/v2\/users\/3"}],"replies":[{"embeddable":true,"href":"https:\/\/fundacionincipe.com\/index.php\/wp-json\/wp\/v2\/comments?post=22686"}],"version-history":[{"count":19,"href":"https:\/\/fundacionincipe.com\/index.php\/wp-json\/wp\/v2\/posts\/22686\/revisions"}],"predecessor-version":[{"id":22844,"href":"https:\/\/fundacionincipe.com\/index.php\/wp-json\/wp\/v2\/posts\/22686\/revisions\/22844"}],"wp:featuredmedia":[{"embeddable":true,"href":"https:\/\/fundacionincipe.com\/index.php\/wp-json\/wp\/v2\/media\/22663"}],"wp:attachment":[{"href":"https:\/\/fundacionincipe.com\/index.php\/wp-json\/wp\/v2\/media?parent=22686"}],"wp:term":[{"taxonomy":"category","embeddable":true,"href":"https:\/\/fundacionincipe.com\/index.php\/wp-json\/wp\/v2\/categories?post=22686"},{"taxonomy":"post_tag","embeddable":true,"href":"https:\/\/fundacionincipe.com\/index.php\/wp-json\/wp\/v2\/tags?post=22686"}],"curies":[{"name":"wp","href":"https:\/\/api.w.org\/{rel}","templated":true}]}}