{"id":22674,"date":"2025-03-25T11:15:28","date_gmt":"2025-03-25T11:15:28","guid":{"rendered":"https:\/\/fundacionincipe.com\/?p=22674"},"modified":"2025-05-28T12:01:07","modified_gmt":"2025-05-28T12:01:07","slug":"la-proteccion-de-las-victimas-de-los-conflictos-armados-en-el-nuevo-escenario-internacional","status":"publish","type":"post","link":"https:\/\/fundacionincipe.com\/index.php\/2025\/03\/25\/la-proteccion-de-las-victimas-de-los-conflictos-armados-en-el-nuevo-escenario-internacional\/","title":{"rendered":"La protecci\u00f3n de las v\u00edctimas de los conflictos armados en el nuevo escenario internacional"},"content":{"rendered":"\n<p>La sesi\u00f3n se desarroll\u00f3 en espa\u00f1ol y congreg\u00f3 a una audiencia interesada en mirar m\u00e1s all\u00e1 de las causas y actores de los conflictos armados, para centrarse en la situaci\u00f3n de las v\u00edctimas y la protecci\u00f3n y atenci\u00f3n que requiere el sufrimiento que padecen. Para ello, contamos con la participaci\u00f3n de <strong>Concepci\u00f3n Escobar, directora del Centro de Estudios de Derecho Internacional Humanitario de Cruz Roja, y catedr\u00e1tica de Derecho Internacional P\u00fablico<\/strong>, que ha dirigido tambi\u00e9n, entre otras instituciones, la <strong>Asesor\u00eda Jur\u00eddica Internacional del Ministerio de Asuntos Exteriores de Espa\u00f1a<\/strong>, y ha sido representante de Espa\u00f1a en la Corte Internacional de Justicia y en el Tribunal Internacional de Derecho del Mar. A lo largo de su trayectoria, ha recibido numerosas condecoraciones, entre ellas la Gran Cruz al M\u00e9rito Civil, la Encomienda del N\u00famero de Isabel la Cat\u00f3lica y la Cruz de Plata de la Guardia Civil.<\/p>\n\n\n\n<p>La profesora Escobar comenz\u00f3 su intervenci\u00f3n subrayando dos datos de especial relevancia para el tema de la ponencia: <strong>actualmente existen un total de 120 conflictos armados activos en el mundo<\/strong>, todos ellos con participaci\u00f3n de actores no estatales, de los cuales 60 son conflictos armados entre Estados; y, como consecuencia directa de estos conflictos,  <strong>300 millones de personas requieren asistencia humanitaria y protecci\u00f3n<\/strong>. A ello se suman los efectos indirectos, tales como el desplazamiento forzoso o la destrucci\u00f3n constante de cultivos e infraestructuras.<\/p>\n\n\n\n<p>Concepci\u00f3n Escobar se\u00f1al\u00f3 que la comunidad internacional debe focalizar su atenci\u00f3n en la protecci\u00f3n de las v\u00edctimas, destacando la labor humanitaria de organismos como el <strong>Movimiento Internacional de la Cruz Roja y la Media Luna Roja, la mayor red humanitaria del mundo \u201cpresente en todas las culturas y religiones sin discriminaci\u00f3n\u201d<\/strong>. La catedr\u00e1tica se remont\u00f3 a la Batalla de Solferino de 1862 para recordar la fundaci\u00f3n de la organizaci\u00f3n y rememorar la primera acci\u00f3n de socorro internacional independiente de la historia, protagonizada por el suizo Henry Dunant, quien atendi\u00f3 a multitud de heridos en el campo de batalla del conflicto franco-prusiano, y que, al regresar a Suiza, puso en marcha el inicio del movimiento de Cruz Roja.<\/p>\n\n\n\n<p>En relaci\u00f3n con la protecci\u00f3n de las v\u00edctimas de los conflictos, destac\u00f3 la <strong>necesidad de una estructura jur\u00eddica de normas e instrumentos que regulen ciertos aspectos de la guerra<\/strong> como los medios utilizados, la licitud de un ataque o c\u00f3mo actuar con los prisioneros de guerra, con el fin de hacer la guerra m\u00e1s humana y garantizar que sus v\u00edctimas sean tratadas con un m\u00ednimo de humanidad. Escobar subraya la labor de la Agencia Central de B\u00fasquedas, que se encarga de poner en contacto e identificar d\u00f3nde se encuentran los prisioneros y detenidos, as\u00ed como las autoridades a las que est\u00e1n sometidos.<\/p>\n\n\n\n<p>En el contexto actual, han surgido<strong> nuevos retos esenciales para la protecci\u00f3n de las v\u00edctimas, derivados de nuevas tipolog\u00edas de conflictos<\/strong>. Entre ellos, las guerras urbanas \u2014como se ha visto en Siria, Ucrania y Gaza\u2014 plantean problemas como la dificultad de acceso de los actores humanitarios a las zonas afectadas y la diluci\u00f3n entre v\u00edctimas y poblaci\u00f3n civil frente a agresores y combatientes. La <strong>guerra h\u00edbrida<\/strong> \u2014utilizada para confundir tanto a la poblaci\u00f3n civil como al enemigo mediante la desinformaci\u00f3n\u2014, la ciberguerra y el terrorismo adquieren cada vez mayor protagonismo en los conflictos armados. A este respecto, Escobar subray\u00f3 la importancia de distinguir entre terrorismo y conflicto armado, dos realidades distintas que requieren soluciones diferentes. Tambi\u00e9n destac\u00f3 la aparici\u00f3n de<strong> actores no estatales<\/strong>, que se mezclan entre la poblaci\u00f3n y dificultan las labores humanitarias, as\u00ed como la nueva realidad tecnol\u00f3gica, que convierte herramientas digitales en armas mediante ciberoperaciones contra hospitales y centros gestionados por organizaciones humanitarias.<\/p>\n\n\n\n<p>Todas estas condiciones han favorecido la aparici\u00f3n de nuevos retos y necesidades en lo que respecta a la atenci\u00f3n de las v\u00edctimas. La situaci\u00f3n ha cambiado en tal medida que ya no es suficiente con hacer frente a los ataques militares: se requiere una mayor asistencia humanitaria, garant\u00edas de seguridad y la adopci\u00f3n de medidas de protecci\u00f3n en la fase del posconflicto, donde es fundamental la asistencia al desarrollo. En la mayor\u00eda de casos, aunque la protecci\u00f3n de las v\u00edctimas es una obligaci\u00f3n de los Estados, las autoridades no disponen del tiempo y recursos necesarios para asumirla, lo que implica que son las instituciones humanitarias las que se encargan de prestar la totalidad de la asistencia. En este contexto, explica Concepci\u00f3n Escobar, surgen dificultades que constituyen un reto de gran importancia, como son las <strong>sanciones impuestas por el Consejo de Seguridad de Naciones Unidas y otros organismos internacionales<\/strong>. Estas sanciones impiden a la Cruz Roja y la Media Luna Roja prestar apoyo y atenci\u00f3n, mantener contacto o recibir financiaci\u00f3n de personas, Estados y organizaciones incluidas en las sanciones, lo que dificulta en gran medida la labor sobre el terreno de las organizaciones humanitarias, que reciben financiaci\u00f3n de Estados y fondos humanitarios y verdes.<\/p>\n\n\n\n<p>Para finalizar su intervenci\u00f3n, Concepci\u00f3n Escobar resalt\u00f3 uno de los mayores logros del Derecho Internacional Humanitario y el Movimiento de Cruz Roja: la incorporaci\u00f3n de emblemas protectores que distinguen a la Cruz Roja para mitigar ataques. Adem\u00e1s, mencion\u00f3 el lanzamiento de un proyecto destinado a crear emblemas digitales, principalmente para hospitales y sedes humanitarias sobre el terreno, con el fin de reducir tambi\u00e9n los ataques digitales.<\/p>\n\n\n\n<p>La sesi\u00f3n virtual concluy\u00f3 con una ronda de preguntas sobre los temas tratados y moderada por el director general del INCIPE, Vicente Garrido, donde se subray\u00f3 la importancia de denunciar las violaciones del Derecho Humanitario, la importancia de proteger a la poblaci\u00f3n civil del terrorismo y otros actores estatales, y de no olvidar otros conflictos latentes en diferentes partes del mundo.<\/p>\n\n\n\n<p class=\"has-small-font-size\">Marina Urizarna<br>Asistente de comunicaci\u00f3n, INCIPE<\/p>\n","protected":false},"excerpt":{"rendered":"<p>La sesi\u00f3n se desarroll\u00f3 en espa\u00f1ol y congreg\u00f3 a una audiencia interesada en mirar m\u00e1s all\u00e1 de las causas y actores de los conflictos armados, para centrarse en la situaci\u00f3n [&hellip;]<\/p>\n","protected":false},"author":3,"featured_media":22119,"comment_status":"open","ping_status":"closed","sticky":false,"template":"","format":"standard","meta":{"_acf_changed":false,"footnotes":""},"categories":[8],"tags":[],"class_list":["post-22674","post","type-post","status-publish","format-standard","has-post-thumbnail","hentry","category-conferencias-y-seminarios"],"acf":[],"_links":{"self":[{"href":"https:\/\/fundacionincipe.com\/index.php\/wp-json\/wp\/v2\/posts\/22674","targetHints":{"allow":["GET"]}}],"collection":[{"href":"https:\/\/fundacionincipe.com\/index.php\/wp-json\/wp\/v2\/posts"}],"about":[{"href":"https:\/\/fundacionincipe.com\/index.php\/wp-json\/wp\/v2\/types\/post"}],"author":[{"embeddable":true,"href":"https:\/\/fundacionincipe.com\/index.php\/wp-json\/wp\/v2\/users\/3"}],"replies":[{"embeddable":true,"href":"https:\/\/fundacionincipe.com\/index.php\/wp-json\/wp\/v2\/comments?post=22674"}],"version-history":[{"count":12,"href":"https:\/\/fundacionincipe.com\/index.php\/wp-json\/wp\/v2\/posts\/22674\/revisions"}],"predecessor-version":[{"id":22817,"href":"https:\/\/fundacionincipe.com\/index.php\/wp-json\/wp\/v2\/posts\/22674\/revisions\/22817"}],"wp:featuredmedia":[{"embeddable":true,"href":"https:\/\/fundacionincipe.com\/index.php\/wp-json\/wp\/v2\/media\/22119"}],"wp:attachment":[{"href":"https:\/\/fundacionincipe.com\/index.php\/wp-json\/wp\/v2\/media?parent=22674"}],"wp:term":[{"taxonomy":"category","embeddable":true,"href":"https:\/\/fundacionincipe.com\/index.php\/wp-json\/wp\/v2\/categories?post=22674"},{"taxonomy":"post_tag","embeddable":true,"href":"https:\/\/fundacionincipe.com\/index.php\/wp-json\/wp\/v2\/tags?post=22674"}],"curies":[{"name":"wp","href":"https:\/\/api.w.org\/{rel}","templated":true}]}}