{"id":22114,"date":"2025-03-19T11:50:44","date_gmt":"2025-03-19T11:50:44","guid":{"rendered":"https:\/\/fundacionincipe.com\/?p=22114"},"modified":"2025-04-01T12:32:46","modified_gmt":"2025-04-01T12:32:46","slug":"los-desafios-europeos-del-nuevo-canciller-tras-las-elecciones-en-alemania-2","status":"publish","type":"post","link":"https:\/\/fundacionincipe.com\/index.php\/2025\/03\/19\/los-desafios-europeos-del-nuevo-canciller-tras-las-elecciones-en-alemania-2\/","title":{"rendered":"Los desaf\u00edos europeos del nuevo Canciller: tras las elecciones en Alemania"},"content":{"rendered":"\n<p>Carsten Moser inici\u00f3 su intervenci\u00f3n analizando los resultados de las elecciones celebradas en Alemania el pasado 23 de febrero, destacando el desempe\u00f1o de los distintos partidos pol\u00edticos. La <strong>Uni\u00f3n Dem\u00f3crata Cristiana (CDU) fue la fuerza m\u00e1s votada<\/strong>, con un 28,5 % de los votos y 208 esca\u00f1os. Alternativa para Alemania (AfD) se situ\u00f3 como la segunda fuerza pol\u00edtica, alcanzando un 20,8 % y 152 esca\u00f1os, duplicando su resultado de hace tres a\u00f1os. Por su parte, el Partido Socialdem\u00f3crata de Alemania (SPD), liderado por el actual canciller Olaf Scholz, obtuvo su peor resultado hist\u00f3rico, con un 16,4 % de los votos y 120 esca\u00f1os. Los Verdes se posicionaron en cuarto lugar con un 11,6 % y 85 esca\u00f1os, seguidos por Die Linke, que logr\u00f3 un 8,8 % y 64 esca\u00f1os.<\/p>\n\n\n\n<p>Con este panorama electoral, solo se vislumbraban dos posibles coaliciones para formar gobierno en Alemania: una alianza entre la CDU y la AfD, o una coalici\u00f3n entre la CDU y el SPD. Sin embargo, debido al cord\u00f3n sanitario impuesto por el resto de partidos a la AfD, <strong>la \u00fanica opci\u00f3n viable fue la coalici\u00f3n entre democristianos y socialdem\u00f3cratas<\/strong>, como subray\u00f3 Friedrich Merz la misma noche electoral. Esta coalici\u00f3n gobernante contar\u00eda con una mayor\u00eda ajustada, superando por solo tres esca\u00f1os la mitad del total de 630. Friedrich Merz, el pr\u00f3ximo canciller, posee una destacada trayectoria tanto en el \u00e1mbito pol\u00edtico como en el sector privado. En las \u00faltimas semanas, ha demostrado aplomo y voluntad de cambio en la toma de decisiones, sorprendiendo a muchos alemanes e impactando el escenario pol\u00edtico incluso antes de asumir oficialmente el cargo, seg\u00fan Moser.<\/p>\n\n\n\n<p>Moser enfatiz\u00f3 que, a partir de experiencias previas en Alemania, <strong>el \u00e9xito de la coalici\u00f3n depender\u00e1 en gran medida de la relaci\u00f3n entre el canciller y el l\u00edder del socio minoritario<\/strong>, previsiblemente Boris Pistorius, del SPD. Pistorius, con una dilatada carrera profesional y altos \u00edndices de popularidad, es reconocido como un gran comunicador y gestor, lo que sugiere que formar\u00e1 un s\u00f3lido t\u00e1ndem con Merz.<\/p>\n\n\n\n<p>Tras las elecciones, se han abierto mesas de di\u00e1logo entre los l\u00edderes de ambos partidos para negociar la formaci\u00f3n del gobierno y alcanzar acuerdos en asuntos clave. Entre las medidas consensuadas figuran la creaci\u00f3n de un fondo especial para infraestructuras, el aumento del gasto militar sin l\u00edmites, el endurecimiento de la pol\u00edtica migratoria y la implementaci\u00f3n de nuevas disposiciones econ\u00f3micas, entre ellas la subida del salario m\u00ednimo y de las pensiones a partir de junio de 2025.<\/p>\n\n\n\n<p>Para<strong> revertir la recesi\u00f3n de la econom\u00eda alemana, que se contrajo por segundo a\u00f1o consecutivo en 2024<\/strong>, a\u00fan quedan muchas medidas por concretar. Entre las propuestas en discusi\u00f3n destacan la reducci\u00f3n de la carga fiscal para las empresas y la disminuci\u00f3n del coste de la electricidad para la industria. Uno de los sectores m\u00e1s afectados es el automovil\u00edstico, golpeado por la competencia de los veh\u00edculos el\u00e9ctricos chinos. En este sentido, Moser se\u00f1al\u00f3 que el nuevo gobierno podr\u00eda recuperar los subsidios para la compra de coches el\u00e9ctricos, as\u00ed como aumentar las ayudas a la investigaci\u00f3n y desarrollo en este \u00e1mbito.<\/p>\n\n\n\n<p>Actualmente, las negociaciones del acuerdo de coalici\u00f3n avanzan a buen ritmo, por lo que se espera que el nuevo gobierno est\u00e9 constituido antes de Semana Santa. En cuanto a la posici\u00f3n de la nueva coalici\u00f3n en el \u00e1mbito europeo, Moser subray\u00f3 un cambio significativo: la voluntad de Alemania de asumir un papel m\u00e1s activo en la b\u00fasqueda de soluciones a las crisis actuales y en el liderazgo del continente.<\/p>\n\n\n\n<p class=\"has-small-font-size\">Aranzazu \u00c1lvarez<\/p>\n","protected":false},"excerpt":{"rendered":"<p>Carsten Moser inici\u00f3 su intervenci\u00f3n analizando los resultados de las elecciones celebradas en Alemania el pasado 23 de febrero, destacando el desempe\u00f1o de los distintos partidos pol\u00edticos. La Uni\u00f3n Dem\u00f3crata [&hellip;]<\/p>\n","protected":false},"author":3,"featured_media":21922,"comment_status":"open","ping_status":"closed","sticky":false,"template":"","format":"standard","meta":{"_acf_changed":false,"footnotes":""},"categories":[8],"tags":[],"class_list":["post-22114","post","type-post","status-publish","format-standard","has-post-thumbnail","hentry","category-conferencias-y-seminarios"],"acf":[],"_links":{"self":[{"href":"https:\/\/fundacionincipe.com\/index.php\/wp-json\/wp\/v2\/posts\/22114","targetHints":{"allow":["GET"]}}],"collection":[{"href":"https:\/\/fundacionincipe.com\/index.php\/wp-json\/wp\/v2\/posts"}],"about":[{"href":"https:\/\/fundacionincipe.com\/index.php\/wp-json\/wp\/v2\/types\/post"}],"author":[{"embeddable":true,"href":"https:\/\/fundacionincipe.com\/index.php\/wp-json\/wp\/v2\/users\/3"}],"replies":[{"embeddable":true,"href":"https:\/\/fundacionincipe.com\/index.php\/wp-json\/wp\/v2\/comments?post=22114"}],"version-history":[{"count":3,"href":"https:\/\/fundacionincipe.com\/index.php\/wp-json\/wp\/v2\/posts\/22114\/revisions"}],"predecessor-version":[{"id":22379,"href":"https:\/\/fundacionincipe.com\/index.php\/wp-json\/wp\/v2\/posts\/22114\/revisions\/22379"}],"wp:featuredmedia":[{"embeddable":true,"href":"https:\/\/fundacionincipe.com\/index.php\/wp-json\/wp\/v2\/media\/21922"}],"wp:attachment":[{"href":"https:\/\/fundacionincipe.com\/index.php\/wp-json\/wp\/v2\/media?parent=22114"}],"wp:term":[{"taxonomy":"category","embeddable":true,"href":"https:\/\/fundacionincipe.com\/index.php\/wp-json\/wp\/v2\/categories?post=22114"},{"taxonomy":"post_tag","embeddable":true,"href":"https:\/\/fundacionincipe.com\/index.php\/wp-json\/wp\/v2\/tags?post=22114"}],"curies":[{"name":"wp","href":"https:\/\/api.w.org\/{rel}","templated":true}]}}