{"id":22051,"date":"2020-11-30T15:01:00","date_gmt":"2020-11-30T15:01:00","guid":{"rendered":"https:\/\/fundacionincipe.com\/?p=22051"},"modified":"2025-03-17T15:08:25","modified_gmt":"2025-03-17T15:08:25","slug":"europe-in-the-face-of-the-covid-19-crisis","status":"publish","type":"post","link":"https:\/\/fundacionincipe.com\/index.php\/2020\/11\/30\/europe-in-the-face-of-the-covid-19-crisis\/","title":{"rendered":"Europe in the Face of the COVID-19 Crisis"},"content":{"rendered":"\n<p>Neither the COVID-19 pandemic nor its consequences are problems that affect Europe exclusively. Like most threats to the stability of the European Union, they have a global character. However, as <strong>Mar\u00eda Victoria Gonz\u00e1lez Rom\u00e1n stated at the beginning of her speech, with seventeen million detected cases and 400,000 deaths, <em>&#8220;it is having a greater impact, in some respects, than in other parts of the world.&#8221;<\/em><\/strong><\/p>\n\n\n\n<p>The economic impact is also enormous\u2014according to German Chancellor Angela Merkel, the greatest since World War II\u2014with GDP declines ranging from 10.5% in Italy to 5% in countries like Germany or Poland compared to the previous year. In this context, where COVID-19 acts as a geopolitical accelerator, the European Union has had to respond with the objective of establishing common lines of action.<\/p>\n\n\n\n<p>The Director General described the initial European and Member State actions as <em>&#8220;a mix of successes and shortcomings.&#8221;<\/em> At the start of the pandemic, a <em>&#8220;my country first&#8221;<\/em> mentality prevailed, leading Member States to focus on solving their own problems regarding citizen mobility, the security of their healthcare systems, and border closures. At the same time, the entire European Union coordinated efforts to repatriate European citizens who had been <em>&#8220;trapped&#8221;<\/em> in other countries.<\/p>\n\n\n\n<p>During this period of border reinstatement\u2014marked by the difficulty of mobilizing shared resources and growing skepticism about the EU\u2019s ability to act when needed\u2014<strong>negotiations were underway for the next seven-year budget framework<\/strong>. Gonz\u00e1lez Rom\u00e1n described these negotiations as <em>&#8220;very tough, with Spain and Italy\u2014two of the European countries most affected by the pandemic\u2014playing a leading role.&#8221;<\/em> The outcome was the <strong>creation of a \u20ac750.000 millions recovery fund<\/strong> and the EU\u2019s commitment to take on debt in capital markets on behalf of the Union.<\/p>\n\n\n\n<p>The Director General also highlighted the <em><strong>Next Generation EU<\/strong><\/em> instrument, which is based on grants and long-term loans, prioritizing distribution to countries facing the greatest difficulties. She considers this initiative not only a major act of solidarity within the Union but also a significant asset for its foreign policy and a shift in the EU\u2019s global positioning.<\/p>\n\n\n\n<p>Now, the time has come for the European Union to resume the <strong><em>Conference on the Future of Europe<\/em>, initially scheduled for spring 2020<\/strong>. The pandemic will provide this initiative with a new context and a new approach to tackling pre-existing challenges, such as the crisis of multilateralism, inequality, and the technological revolution\u2014global issues that, now more than ever, require a unified commitment from the Union and its Member States.<\/p>\n\n\n\n<p class=\"has-small-font-size\">Sof\u00eda Alfayate<br>Communication Assistant, INCIPE<\/p>\n","protected":false},"excerpt":{"rendered":"<p>Neither the COVID-19 pandemic nor its consequences are problems that affect Europe exclusively. Like most threats to the stability of the European Union, they have a global character. However, as [&hellip;]<\/p>\n","protected":false},"author":3,"featured_media":17952,"comment_status":"open","ping_status":"closed","sticky":false,"template":"","format":"standard","meta":{"_acf_changed":false,"footnotes":""},"categories":[132],"tags":[],"class_list":["post-22051","post","type-post","status-publish","format-standard","has-post-thumbnail","hentry","category-conferences-and-seminars-es"],"acf":[],"_links":{"self":[{"href":"https:\/\/fundacionincipe.com\/index.php\/wp-json\/wp\/v2\/posts\/22051","targetHints":{"allow":["GET"]}}],"collection":[{"href":"https:\/\/fundacionincipe.com\/index.php\/wp-json\/wp\/v2\/posts"}],"about":[{"href":"https:\/\/fundacionincipe.com\/index.php\/wp-json\/wp\/v2\/types\/post"}],"author":[{"embeddable":true,"href":"https:\/\/fundacionincipe.com\/index.php\/wp-json\/wp\/v2\/users\/3"}],"replies":[{"embeddable":true,"href":"https:\/\/fundacionincipe.com\/index.php\/wp-json\/wp\/v2\/comments?post=22051"}],"version-history":[{"count":2,"href":"https:\/\/fundacionincipe.com\/index.php\/wp-json\/wp\/v2\/posts\/22051\/revisions"}],"predecessor-version":[{"id":22054,"href":"https:\/\/fundacionincipe.com\/index.php\/wp-json\/wp\/v2\/posts\/22051\/revisions\/22054"}],"wp:featuredmedia":[{"embeddable":true,"href":"https:\/\/fundacionincipe.com\/index.php\/wp-json\/wp\/v2\/media\/17952"}],"wp:attachment":[{"href":"https:\/\/fundacionincipe.com\/index.php\/wp-json\/wp\/v2\/media?parent=22051"}],"wp:term":[{"taxonomy":"category","embeddable":true,"href":"https:\/\/fundacionincipe.com\/index.php\/wp-json\/wp\/v2\/categories?post=22051"},{"taxonomy":"post_tag","embeddable":true,"href":"https:\/\/fundacionincipe.com\/index.php\/wp-json\/wp\/v2\/tags?post=22051"}],"curies":[{"name":"wp","href":"https:\/\/api.w.org\/{rel}","templated":true}]}}