{"id":20799,"date":"2025-02-26T12:25:40","date_gmt":"2025-02-26T12:25:40","guid":{"rendered":"https:\/\/fundacionincipe.com\/?p=20799"},"modified":"2025-03-24T14:03:03","modified_gmt":"2025-03-24T14:03:03","slug":"siria-entre-el-miedo-y-la-esperanza","status":"publish","type":"post","link":"https:\/\/fundacionincipe.com\/index.php\/2025\/02\/26\/siria-entre-el-miedo-y-la-esperanza\/","title":{"rendered":"Siria, entre el miedo y la esperanza"},"content":{"rendered":"\n<p>La sesi\u00f3n, que se desarroll\u00f3 en espa\u00f1ol, congregando a una audiencia interesada en comprender el futuro de Siria tras la ca\u00edda del r\u00e9gimen de Al Asad, que estuvo en el poder durante d\u00e9cadas, y los principales desaf\u00edos que el pa\u00eds enfrentar\u00e1 para garantizar su estabilidad.<\/p>\n\n\n\n<p>Juan Serrat comenz\u00f3 su intervenci\u00f3n destacando las particularidades de Siria dentro de los pa\u00edses de Oriente Pr\u00f3ximo. Tras <strong>trece a\u00f1os de guerra<\/strong>, el r\u00e9gimen de <strong>Bashar al-Asad<\/strong>, que gobern\u00f3 durante m\u00e1s de cincuenta a\u00f1os, cay\u00f3 de manera sorpresiva debido a una <strong>incursi\u00f3n de milicias rebeldes que se desarroll\u00f3 en solo<\/strong> <strong>once d\u00edas<\/strong>. Aunque los alauitas (que representan solo el 12% de la poblaci\u00f3n siria) han mantenido el poder, Siria es una naci\u00f3n predominantemente sun\u00ed (aproximadamente el 75% de su poblaci\u00f3n). El avance de los rebeldes hacia Damasco no encontr\u00f3 gran resistencia, lo que facilit\u00f3 la toma de la capital y la <strong>huida de Bashar Al Asad, quien fue trasladado a<\/strong> <strong>Rusia<\/strong>.<\/p>\n\n\n\n<p>Serrat se\u00f1ala que el cambio de orden en Siria ocurre simult\u00e1neamente con un cambio global, que lleva al surgimiento de un <strong>imperialismo tripolar<\/strong>, con las potencias <strong>China<\/strong>, <strong>Estados Unidos<\/strong> y <strong>Rusia<\/strong> asumiendo un protagonismo m\u00e1s relevante.<\/p>\n\n\n\n<p>Siria, debido a su ubicaci\u00f3n estrat\u00e9gica entre Europa, \u00c1frica y Asia, fue un importante centro de comercio, en especial como enclave estrat\u00e9gico en la <strong>Ruta de la Seda<\/strong> durante siglos. En la actualidad, Siria alberga alrededor de 23 millones de personas, en su mayor\u00eda <strong>sun\u00edes<\/strong> (alrededor de 18 millones), seguidos por <strong>kurdos<\/strong> (3 millones), <strong>alauitas<\/strong>, <strong>cat\u00f3licos<\/strong> y <strong>drusos<\/strong>.<\/p>\n\n\n\n<p>Durante el r\u00e9gimen de <strong>Hafez al-Assad<\/strong> (1970-2000), Siria tuvo relaciones complejas con sus vecinos. El pa\u00eds nunca reconoci\u00f3 al Estado de <strong>Israel<\/strong> y, por lo tanto, se mantiene en guerra t\u00e9cnicamente con \u00e9l. Con <strong>L\u00edbano<\/strong>, la relaci\u00f3n fue igualmente tensa, ya que Siria ve\u00eda a L\u00edbano como una extensi\u00f3n de su territorio. Durante la <strong>guerra entre Irak e Ir\u00e1n<\/strong>, Siria fue el \u00fanico pa\u00eds \u00e1rabe que se posicion\u00f3 del lado iran\u00ed, aisl\u00e1ndolo de muchos pa\u00edses \u00e1rabes. Con <strong>Turqu\u00eda<\/strong>, la relaci\u00f3n fue algo m\u00e1s estable debido al &#8220;neootomanismo&#8221; que Turqu\u00eda practic\u00f3 para ampliar su influencia en los pa\u00edses sucesores del antiguo Imperio Otomano.<\/p>\n\n\n\n<p>En 1970, <strong>Hafez al-Assad<\/strong>, coronel de aviaci\u00f3n, dio un golpe de Estado con el apoyo de los alauitas e instaur\u00f3 una dictadura basada en el <strong>baazismo<\/strong>, que se mantuvo en el poder hasta 2024. Este movimiento pol\u00edtico fue clave en la consolidaci\u00f3n de su poder y en la oposici\u00f3n a las iniciativas de paz con Israel. H\u00e1fez al-\u00c1sad no acept\u00f3 los Acuerdos de Camp David, por esa raz\u00f3n siguen t\u00e9cnicamente en guerra. <strong>Kissinger<\/strong> dijo entonces la ya famosa frase \u201c<strong>los \u00e1rabes no pueden hacer la guerra sin Egipto y no pueden lograr la paz sin Siria<\/strong>\u201d.<\/p>\n\n\n\n<p>Hafez al-Asad falleci\u00f3 en 2000 y fue sucedido por su hijo <strong>Bashar al-Asad<\/strong>, quien continu\u00f3 con las pol\u00edticas autoritarias del r\u00e9gimen. En 2005, el asesinato de <strong>Rafiq Hariri<\/strong>, ex primer ministro del L\u00edbano, llev\u00f3 a la salida de las fuerzas sirias del L\u00edbano tras una fuerte presi\u00f3n internacional que instaba a Siria a aplicar la Resoluci\u00f3n 1559 del Consejo de Seguridad. El 5 de mayo de 2005, las Naciones Unidas confirmaron la salida total de todas las fuerzas militares sirias en L\u00edbano, poniendo fin a una ocupaci\u00f3n militar que dur\u00f3 29 a\u00f1os.<\/p>\n\n\n\n<p>A principios de 2011, <strong>la Primavera \u00c1rabe<\/strong> lleg\u00f3 a Siria con una serie de protestas que exig\u00edan reformas pol\u00edticas y el restablecimiento de los derechos civiles. Esto desemboc\u00f3 en una cruenta <strong>guerra civil<\/strong> que arras\u00f3 el pa\u00eds y profundiz\u00f3 las tensiones regionales.<\/p>\n\n\n\n<p>Con la ca\u00edda del r\u00e9gimen de Bashar al-Asad el 8 de diciembre de 2024, <strong>Juan Serrat<\/strong> destac\u00f3 los impactos que este cambio de gobierno tendr\u00eda sobre <strong>Oriente Pr\u00f3ximo<\/strong> y las grandes potencias internacionales. En especial, mencion\u00f3 el rol clave de <strong>Israel<\/strong>, la <strong>p\u00e9rdida de influencia de Ir\u00e1n<\/strong> en la regi\u00f3n, y los intereses contrapuestos de <strong>Estados Unidos<\/strong> y <strong>Rusia<\/strong>; este \u00faltimo, hasta entonces, hab\u00eda sido aliado de Al-Asad. Adem\u00e1s, apunt\u00f3 a la creciente influencia de <strong>Turqu\u00eda<\/strong> y <strong>Arabia Saud\u00ed<\/strong> en la reconstrucci\u00f3n del equilibrio regional.<\/p>\n\n\n\n<p>El embajador Juan Serrat identific\u00f3 varios desaf\u00edos para Siria, entre ellos la <strong>unidad nacional<\/strong>. A pesar de la proliferaci\u00f3n de milicias en el pa\u00eds, todas parecen aceptar la jefatura de <strong>Al Shara<\/strong>, <strong>actual l\u00edder de las milicias<\/strong>. Otro punto clave es el papel de <strong>los<\/strong> <strong>kurdos<\/strong>, quienes siguen buscando una <strong>autonom\u00eda plena<\/strong> <strong>en el<\/strong> <strong>Kurdist\u00e1n<\/strong>, con el apoyo de <strong>Israel<\/strong> y <strong>Estados Unidos<\/strong>, pero en constante oposici\u00f3n de <strong>Turqu\u00eda<\/strong>.<\/p>\n\n\n\n<p>Adem\u00e1s, la reconstrucci\u00f3n de la <strong>administraci\u00f3n<\/strong> y el <strong>ej\u00e9rcito<\/strong> sirios ser\u00e1 fundamental para garantizar la estabilidad. A nivel social, los ciudadanos sirios anhelan estabilidad tras <strong>una guerra larga y cruenta<\/strong>, y las <strong>milicias<\/strong> tendr\u00e1n que ser desmovilizadas para lograr una paz duradera.<\/p>\n\n\n\n<p>Siria enfrenta enormes retos en su proceso de reconstrucci\u00f3n pol\u00edtica y social, pero tambi\u00e9n cuenta con oportunidades para redefinir su futuro, influenciado por actores locales e internacionales. La evoluci\u00f3n de la situaci\u00f3n depender\u00e1 de c\u00f3mo logren integrar a las diferentes facciones y garantizar una representaci\u00f3n justa para todos los grupos dentro del pa\u00eds.<\/p>\n\n\n\n<p class=\"has-small-font-size\">Aranzazu \u00c1lvarez<\/p>\n","protected":false},"excerpt":{"rendered":"<p>La sesi\u00f3n, que se desarroll\u00f3 en espa\u00f1ol, congregando a una audiencia interesada en comprender el futuro de Siria tras la ca\u00edda del r\u00e9gimen de Al Asad, que estuvo en el [&hellip;]<\/p>\n","protected":false},"author":3,"featured_media":20642,"comment_status":"open","ping_status":"closed","sticky":false,"template":"","format":"standard","meta":{"_acf_changed":false,"footnotes":""},"categories":[8],"tags":[],"class_list":["post-20799","post","type-post","status-publish","format-standard","has-post-thumbnail","hentry","category-conferencias-y-seminarios"],"acf":[],"_links":{"self":[{"href":"https:\/\/fundacionincipe.com\/index.php\/wp-json\/wp\/v2\/posts\/20799","targetHints":{"allow":["GET"]}}],"collection":[{"href":"https:\/\/fundacionincipe.com\/index.php\/wp-json\/wp\/v2\/posts"}],"about":[{"href":"https:\/\/fundacionincipe.com\/index.php\/wp-json\/wp\/v2\/types\/post"}],"author":[{"embeddable":true,"href":"https:\/\/fundacionincipe.com\/index.php\/wp-json\/wp\/v2\/users\/3"}],"replies":[{"embeddable":true,"href":"https:\/\/fundacionincipe.com\/index.php\/wp-json\/wp\/v2\/comments?post=20799"}],"version-history":[{"count":5,"href":"https:\/\/fundacionincipe.com\/index.php\/wp-json\/wp\/v2\/posts\/20799\/revisions"}],"predecessor-version":[{"id":22127,"href":"https:\/\/fundacionincipe.com\/index.php\/wp-json\/wp\/v2\/posts\/20799\/revisions\/22127"}],"wp:featuredmedia":[{"embeddable":true,"href":"https:\/\/fundacionincipe.com\/index.php\/wp-json\/wp\/v2\/media\/20642"}],"wp:attachment":[{"href":"https:\/\/fundacionincipe.com\/index.php\/wp-json\/wp\/v2\/media?parent=20799"}],"wp:term":[{"taxonomy":"category","embeddable":true,"href":"https:\/\/fundacionincipe.com\/index.php\/wp-json\/wp\/v2\/categories?post=20799"},{"taxonomy":"post_tag","embeddable":true,"href":"https:\/\/fundacionincipe.com\/index.php\/wp-json\/wp\/v2\/tags?post=20799"}],"curies":[{"name":"wp","href":"https:\/\/api.w.org\/{rel}","templated":true}]}}