{"id":20643,"date":"2025-02-19T10:30:50","date_gmt":"2025-02-19T10:30:50","guid":{"rendered":"https:\/\/fundacionincipe.com\/?p=20643"},"modified":"2025-02-27T18:13:01","modified_gmt":"2025-02-27T18:13:01","slug":"segurudad-en-el-sahel-seguridad-en-europa","status":"publish","type":"post","link":"https:\/\/fundacionincipe.com\/index.php\/2025\/02\/19\/segurudad-en-el-sahel-seguridad-en-europa\/","title":{"rendered":"Seguridad en el Sahel, seguridad en Europa"},"content":{"rendered":"\n<p>La sesi\u00f3n se desarroll\u00f3 en espa\u00f1ol y reuni\u00f3 a una audiencia interesada en comprender la compleja relaci\u00f3n entre la seguridad en el Sahel y en Europa. Aunque en la actualidad el foco informativo est\u00e1 en otras regiones debido a la guerra en Gaza y al conflicto entre Rusia y Ucrania, no se debe perder de vista la estrecha conexi\u00f3n entre la seguridad en el Sahel y la del continente europeo: si no hay seguridad en el Sahel, tampoco la habr\u00e1 en Europa.<\/p>\n\n\n\n<p>Losada comenz\u00f3 su an\u00e1lisis del Sahel abord\u00e1ndolo desde tres dimensiones clave: geogr\u00e1fica, institucional y geoestrat\u00e9gica.<\/p>\n\n\n\n<ul class=\"wp-block-list\">\n<li><strong>Geogr\u00e1fica:<\/strong> El Sahel se extiende desde el Atl\u00e1ntico hasta el Mar Rojo, separando el norte de \u00c1frica sahariana del \u00c1frica &#8220;verde&#8221;. Es una regi\u00f3n habitada por diversas comunidades, hist\u00f3ricamente caracterizada como una zona de tr\u00e1nsito.<\/li>\n\n\n\n<li><strong>Institucional:<\/strong> A lo largo del tiempo, se han creado diversas organizaciones e instituciones para abordar los desaf\u00edos de la regi\u00f3n. Desde una perspectiva geogr\u00e1fica, el r\u00edo N\u00edger forma un bucle que desemboca en Nigeria, en cuya cuenca han existido grandes civilizaciones, muchas de ellas ignoradas o subestimadas en Europa. En esta regi\u00f3n destacan cinco pa\u00edses fundamentales: <strong>Mal\u00ed, Burkina Faso, N\u00edger, Chad y Mauritania<\/strong>, todos ellos herederos de la descolonizaci\u00f3n francesa. Con el impulso de la Uni\u00f3n Europea, se cre\u00f3 el G5 Sahel, una organizaci\u00f3n que ha perdido relevancia tras la alianza de algunos de estos pa\u00edses con Rusia. En su lugar, han formado la <strong>Alianza de los Estados del Sahel<\/strong>.<\/li>\n\n\n\n<li><strong>Geoestrat\u00e9gica:<\/strong> La <strong>crisis en Libia fue el principal detonante de la actual inestabilidad en la regi\u00f3n<\/strong>. Los dirigentes africanos acusan a la Uni\u00f3n Europea y a la OTAN de haber desestabilizado la zona con su intervenci\u00f3n en Libia. A esto se suma la crisis en Nigeria con Boko Haram, que ha agravado a\u00fan m\u00e1s la situaci\u00f3n. Adem\u00e1s, otros actores han contribuido a la expansi\u00f3n del yihadismo en la regi\u00f3n. Entre los principales pa\u00edses e instituciones con influencia directa en el Sahel se encuentran el Magreb, Ir\u00e1n, los pa\u00edses del Golfo, Rusia, Ucrania, la CEAO (Comunidad Econ\u00f3mica de los Estados de \u00c1frica Occidental), la Uni\u00f3n Europea y la OTAN.<\/li>\n<\/ul>\n\n\n\n<p>Tras abordar las tres dimensiones clave sobre las que se cimienta la regi\u00f3n, \u00c1ngel Losada plante\u00f3 la cuesti\u00f3n: \u00bfcu\u00e1les son las amenazas en el Sahel?<\/p>\n\n\n\n<p><strong><mark style=\"background-color:rgba(0, 0, 0, 0)\" class=\"has-inline-color has-luminous-vivid-orange-color\">Crisis de gobernanza<\/mark><\/strong><\/p>\n\n\n\n<p>La gobernanza en la regi\u00f3n del Sahel es extremadamente fr\u00e1gil, con una creciente inestabilidad pol\u00edtica que afecta a varios de sus pa\u00edses. En particular, <strong>tres de los cinco pa\u00edses clave han experimentado golpes de Estado<\/strong> en los \u00faltimos a\u00f1os, lo que refleja la vulnerabilidad de sus sistemas pol\u00edticos.. Esta inestabilidad, alimentada por la falta de estructuras s\u00f3lidas, ha generado un ciclo de violencia, malestar social y desconfianza en las instituciones, fomentando a su vez el avance de grupos extremistas. La ausencia de un liderazgo estable, junto con las dificultades econ\u00f3micas y sociales, ha profundizado la crisis de gobernanza, contribuyendo a la creciente influencia de actores externos que aprovechan el descontento para reforzar su presencia en la regi\u00f3n.<\/p>\n\n\n\n<p><strong>Mali<\/strong> <strong>es el eje y epicentro de la crisis en el Sahel<\/strong>. Todo comenz\u00f3 en este pa\u00eds, y la paz en la regi\u00f3n depende de la estabilidad en Mali. <strong>En 2012, la rebeli\u00f3n tuareg <\/strong>provoc\u00f3 que peque\u00f1os grupos yihadistas, que anteriormente eran minoritarios, se aliaran con los separatistas tuareg para declarar la independencia del norte, <strong>formando la regi\u00f3n de Azawad y tomando la ciudad de Tombuct\u00fa<\/strong>. El gobierno maliense, ante la gravedad de la situaci\u00f3n, solicit\u00f3 ayuda internacional, y <strong>Francia intervino con la operaci\u00f3n Serval<\/strong>. Se inici\u00f3 un proceso de paz con una fuerte implicaci\u00f3n de la Uni\u00f3n Europea, que incluy\u00f3 un comit\u00e9 de seguimiento para asegurar su cumplimiento. Este proceso tambi\u00e9n contemplaba la reestructuraci\u00f3n de las fuerzas de seguridad y la implementaci\u00f3n de una mayor autonom\u00eda para el norte. Aunque el presidente fue elegido en dos ocasiones, la falta de cambios sustantivos y la insatisfacci\u00f3n de la poblaci\u00f3n provocaron un golpe de Estado. El primero, en 2020, no fue abiertamente anti-occidental, pero el segundo, en 2021, s\u00ed lo fue, con el apoyo del grupo Wagner. En ese momento, la Uni\u00f3n Europea expres\u00f3 que Mali deb\u00eda elegir entre su gobierno militar y la presencia de las fuerzas europeas. Como consecuencia, el pa\u00eds opt\u00f3 por salir del G5S y expuls\u00f3 a las fuerzas francesas. Esta decisi\u00f3n contribuy\u00f3 a una din\u00e1mica de creciente inestabilidad en la regi\u00f3n, que <strong>se extendi\u00f3 a otros pa\u00edses como Chad<\/strong>. En Chad, el asesinato del jefe de Estado tambi\u00e9n tuvo un impacto profundo en la situaci\u00f3n del Sahel. En respuesta, los chadianos expulsaron a las tropas francesas, intensificando la percepci\u00f3n de una oposici\u00f3n creciente a Occidente en la regi\u00f3n.<\/p>\n\n\n\n<p><strong>Burkina Faso<\/strong> <strong>sufri\u00f3 dos golpes de Estado en un corto per\u00edodo de tiempo<\/strong>, siendo el segundo, en 2022, un golpe m\u00e1s expl\u00edcitamente anti-occidental. Los l\u00edderes militares que tomaron el poder denunciaron la ineficacia de las pol\u00edticas de seguridad y el fracaso en la lucha contra los grupos yihadistas. Tras el golpe, Burkina Faso comenz\u00f3 a distanciarse de las alianzas tradicionales con Occidente y a buscar relaciones m\u00e1s cercanas con actores como Rusia.<\/p>\n\n\n\n<p><strong>N\u00edger experiment\u00f3 una transici\u00f3n pac\u00edfica de un jefe de Estado civil a otro<\/strong>, pero tambi\u00e9n sufri\u00f3 un golpe de Estado en 2023, respaldado por grupos cercanos a Rusia. Durante este golpe, las autoridades militares expulsaron no solo a los franceses, sino tambi\u00e9n a los estadounidenses. La creciente influencia del grupo Wagner, ha provocado que varios pa\u00edses del Sahel se desilusionen con las potencias occidentales. N\u00edger, que hab\u00eda sido un <strong>aliado importante en la lucha contra el terrorismo<\/strong>.<\/p>\n\n\n\n<p><strong>Mauritania<\/strong> <strong>ha experimentado una enorme presi\u00f3n migratoria<\/strong>, con grandes campos de refugiados provenientes de la regi\u00f3n del Sahel. Mauritania se encuentra en una situaci\u00f3n delicada, ya que, aunque su presidente es pro-occidental, es tambi\u00e9n una <strong>sociedad isl\u00e1mica con un fuerte rechazo al colonialismo<\/strong>, un sentimiento compartido por muchas partes de \u00c1frica. Tambi\u00e9n <strong>enfrenta desaf\u00edos internos derivados de las tensiones pol\u00edticas y sociales<\/strong>, lo que podr\u00eda generar oportunidades para la inestabilidad externa.<\/p>\n\n\n\n<p>El ox\u00edgeno del terrorismo es el vac\u00edo del estado, se\u00f1ala \u00c1ngel Losada. Vac\u00edo que los grupos yihadistas han sabido aprovechar, utilizando las luchas ancestrales y la inestabilidad para generar caos e instalarse en la regi\u00f3n del Sahel. En este contexto, el grupo Wagner est\u00e1 jugando un papel crucial, interviniendo activamente y ampliando su influencia. Mientras tanto, Occidente, representado principalmente por la Uni\u00f3n Europea, est\u00e1 perdiendo terreno, especialmente tras la creciente desilusi\u00f3n de los pa\u00edses del Sahel con sus pol\u00edticas. La situaci\u00f3n se complica por un <strong>fen\u00f3meno demogr\u00e1fico<\/strong>: la poblaci\u00f3n de la regi\u00f3n, en su mayor\u00eda muy joven, est\u00e1 en constante crecimiento, lo que plantea un desaf\u00edo enorme para el futuro. Si no se proporcionan medios de desarrollo, esta poblaci\u00f3n buscar\u00e1 salir hacia Europa, lo que podr\u00eda <strong>agudizar las crisis migratorias<\/strong>.<\/p>\n\n\n\n<p><strong>El Sahel tambi\u00e9n atraviesa una grave crisis humanitaria<\/strong>. Pa\u00edses como Mauritania, que acoge a una gran cantidad de refugiados, enfrentan una presi\u00f3n migratoria masiva, lo que afecta directamente a Europa, en particular a pa\u00edses como Espa\u00f1a. La <strong>respuesta europea<\/strong>, aunque pionera al abordar la crisis desde 2011 con una estrategia de seguridad y desarrollo, <strong>ha sido insuficiente<\/strong>. Las misiones de formaci\u00f3n y las pol\u00edticas de seguridad han sido ineficaces, y la falta de un compromiso s\u00f3lido ha generado un distanciamiento de la regi\u00f3n de Occidente. Este distanciamiento ha sido aprovechado por pa\u00edses como Rusia, que ha conseguido no solo influir en los gobiernos locales, sino posicionarse como un actor clave en la regi\u00f3n, alimentando un discurso antioccidental que cala hondo en muchas naciones del Sahel. Este intervencionismo no solo responde a intereses geopol\u00edticos, sino tambi\u00e9n a intereses econ\u00f3micos, dada la abundancia de recursos naturales en el Sahel como el oro y las tierras raras.<\/p>\n\n\n\n<p><strong>China con un enfoque principalmente econ\u00f3mico, <\/strong>ha alcanzado acuerdos clave como el de la explotaci\u00f3n de uranio en N\u00edger, un recurso vital para el desarrollo de la energ\u00eda nuclear. Ir\u00e1n tambi\u00e9n ha mostrado su inter\u00e9s por asegurar el control sobre los recursos estrat\u00e9gicos como el uranio en la regi\u00f3n. La presencia de estos nuevos actores ha transformado a\u00fan m\u00e1s la din\u00e1mica en el Sahel, donde <strong>Occidente ha sido desplazado y reemplazado<\/strong> por potencias que, si bien tienen intereses en los recursos naturales, tambi\u00e9n se benefician de la creciente inestabilidad.<\/p>\n\n\n\n<p>La soluci\u00f3n a esta crisis es compleja. En primer lugar, es esencial reconocer que el d<strong>iscurso anticolonialista y antioccidental se ha convertido en una narrativa dominante en la regi\u00f3n<\/strong>. Sin embargo, la imposici\u00f3n de un sistema democr\u00e1tico occidental en pa\u00edses como Mal\u00ed, sin tener en cuenta su historia y cultura, no ha dado resultado. Las tradiciones locales, el poder de los ancianos y la estructura social deben ser respetados, y <strong>el concepto de democracia debe ser adaptado a las realidades de cada pa\u00eds<\/strong>. Adem\u00e1s, el pasado colonial sigue dejando cicatrices, por ello Espa\u00f1a tiene una oportunidad \u00fanica de aportar una perspectiva diferente.<\/p>\n\n\n\n<p>La <strong>Uni\u00f3n Europea debe coordinarse de manera m\u00e1s eficaz<\/strong>, superando sus divisiones internas y colaborando de manera coherente con otros actores internacionales. Finalmente, <strong>la clave est\u00e1 en el principio de apropiaci\u00f3n<\/strong>: las pol\u00edticas aplicadas deben ser vistas como propias por las comunidades locales para ser sostenibles. <strong>El Sahel necesita liderar su propio futuro<\/strong>, con el apoyo de Occidente, pero no a trav\u00e9s de intervenciones externas, sino trabajando juntos.<\/p>\n\n\n\n<p>\u00c1ngel Losada concluy\u00f3 su intervenci\u00f3n citando a Federica Mogherini: <strong>&#8220;No hay que trabajar para \u00c1frica, hay que trabajar con \u00c1frica&#8221;<\/strong>.<\/p>\n","protected":false},"excerpt":{"rendered":"<p>La sesi\u00f3n se desarroll\u00f3 en espa\u00f1ol y reuni\u00f3 a una audiencia interesada en comprender la compleja relaci\u00f3n entre la seguridad en el Sahel y en Europa. Aunque en la actualidad [&hellip;]<\/p>\n","protected":false},"author":3,"featured_media":20641,"comment_status":"open","ping_status":"closed","sticky":false,"template":"","format":"standard","meta":{"_acf_changed":false,"footnotes":""},"categories":[8],"tags":[],"class_list":["post-20643","post","type-post","status-publish","format-standard","has-post-thumbnail","hentry","category-conferencias-y-seminarios"],"acf":[],"_links":{"self":[{"href":"https:\/\/fundacionincipe.com\/index.php\/wp-json\/wp\/v2\/posts\/20643","targetHints":{"allow":["GET"]}}],"collection":[{"href":"https:\/\/fundacionincipe.com\/index.php\/wp-json\/wp\/v2\/posts"}],"about":[{"href":"https:\/\/fundacionincipe.com\/index.php\/wp-json\/wp\/v2\/types\/post"}],"author":[{"embeddable":true,"href":"https:\/\/fundacionincipe.com\/index.php\/wp-json\/wp\/v2\/users\/3"}],"replies":[{"embeddable":true,"href":"https:\/\/fundacionincipe.com\/index.php\/wp-json\/wp\/v2\/comments?post=20643"}],"version-history":[{"count":14,"href":"https:\/\/fundacionincipe.com\/index.php\/wp-json\/wp\/v2\/posts\/20643\/revisions"}],"predecessor-version":[{"id":20991,"href":"https:\/\/fundacionincipe.com\/index.php\/wp-json\/wp\/v2\/posts\/20643\/revisions\/20991"}],"wp:featuredmedia":[{"embeddable":true,"href":"https:\/\/fundacionincipe.com\/index.php\/wp-json\/wp\/v2\/media\/20641"}],"wp:attachment":[{"href":"https:\/\/fundacionincipe.com\/index.php\/wp-json\/wp\/v2\/media?parent=20643"}],"wp:term":[{"taxonomy":"category","embeddable":true,"href":"https:\/\/fundacionincipe.com\/index.php\/wp-json\/wp\/v2\/categories?post=20643"},{"taxonomy":"post_tag","embeddable":true,"href":"https:\/\/fundacionincipe.com\/index.php\/wp-json\/wp\/v2\/tags?post=20643"}],"curies":[{"name":"wp","href":"https:\/\/api.w.org\/{rel}","templated":true}]}}