{"id":19842,"date":"2024-12-18T12:00:00","date_gmt":"2024-12-18T12:00:00","guid":{"rendered":"https:\/\/fundacionincipe.com\/?p=19842"},"modified":"2025-02-12T13:12:36","modified_gmt":"2025-02-12T13:12:36","slug":"el-reglamento-europeo-de-ia-hacia-un-marco-etico-y-seguro","status":"publish","type":"post","link":"https:\/\/fundacionincipe.com\/index.php\/2024\/12\/18\/el-reglamento-europeo-de-ia-hacia-un-marco-etico-y-seguro\/","title":{"rendered":"El Reglamento Europeo de IA: hacia un marco \u00e9tico y seguro"},"content":{"rendered":"\n<p>La sesi\u00f3n se desarroll\u00f3 en espa\u00f1ol y congreg\u00f3 a una audiencia interesada en comprender los puntos claves de la normativa europea sobre Inteligencia Artificial. Para ello, contamos con la participaci\u00f3n de <strong>Carlos Romero Dupl\u00e1, consejero de Transformaci\u00f3n Digital en la REPER de Espa\u00f1a en Bruselas (2013-2024)<\/strong><em>.<\/em> Durante la sesi\u00f3n, Carlos Romero present\u00f3 un an\u00e1lisis detallado del alcance del reciente Reglamento de Inteligencia Artificial (IA) de la Uni\u00f3n Europea.\u00a0<\/p>\n\n\n\n<p>Carlos Romero comenz\u00f3 su intervenci\u00f3n destacando el <strong>Reglamento de Inteligencia Artificial (IA) de la Uni\u00f3n Europea como un hito en la capacidad de la UE para responder de forma r\u00e1pida y primigenia a una realidad tecnol\u00f3gica, pol\u00edtica y econ\u00f3mica que requiere atenci\u00f3n urgente<\/strong>. La IA, como disrupci\u00f3n tecnol\u00f3gica, est\u00e1 afectando profundamente a la sociedad y lo har\u00e1 a\u00fan m\u00e1s en el futuro. Consciente de esta situaci\u00f3n, la Comisi\u00f3n de \u00darsula von der Leyen propuso en 2020 legislar con prontitud sobre esta realidad. La iniciativa de reglamento se present\u00f3 en abril de 2021 y, tras un periodo de negociaci\u00f3n interinstitucional r\u00e9cord, su <strong>negociaci\u00f3n se concluy\u00f3 en diciembre de 2023<\/strong>, reflejando la determinaci\u00f3n europea por liderar en este \u00e1mbito.<\/p>\n\n\n\n<p>Se trataba de un reglamento particularmente sensible, ya que la IA es una tecnolog\u00eda global con impacto en sectores estrat\u00e9gicos que van desde la defensa hasta la econom\u00eda. De acuerdo con el ponente, l<strong>a normativa combina principios \u00e9ticos b\u00e1sicos con un enfoque en la seguridad de los productos<\/strong>, tomando como referencia la normativa europea en esta \u00faltima materia. Esto dio lugar a una negociaci\u00f3n compleja debido a la necesidad de equilibrar el impacto \u00e9tico y socioecon\u00f3mico, regulando sin perjudicar la competitividad ni la innovaci\u00f3n. Adem\u00e1s, algunos pa\u00edses, como Alemania y Francia, ejercieron presi\u00f3n pol\u00edtica para influir en el contenido de la norma. A pesar de estas tensiones, hab\u00eda un inter\u00e9s pol\u00edtico general en ser los primeros en establecer una regulaci\u00f3n en la materia, dado que ello conferir\u00eda a la UE una ventaja estrat\u00e9gica en el escenario global.<\/p>\n\n\n\n<p>El <strong>Reglamento se basa en una pir\u00e1mide de riesgos que clasifica los sistemas de IA<\/strong>, colocando en la base aquellos sistemas prohibidos que pueden vulnerar los derechos fundamentales de los ciudadanos. La norma pone particular atenci\u00f3n a los sistemas de reconocimiento biom\u00e9trico en tiempo real en espacios p\u00fablicos, una cuesti\u00f3n pol\u00e9mica por su car\u00e1cter intrusivo. Aunque se permiti\u00f3 su uso en casos excepcionales, relacionados con la lucha contra el crimen, y con garant\u00edas estrictas, la norma evita caer en un modelo de vigilancia masiva a trav\u00e9s de esos programas. En los sistemas de alto riesgo, como los utilizados en dispositivos m\u00e9dicos, maquinaria o servicios financieros, se establecieron requisitos detallados para garantizar la seguridad, incluyendo documentaci\u00f3n t\u00e9cnica, certificaciones y est\u00e1ndares de calidad.<\/p>\n\n\n\n<p>La adaptabilidad del Reglamento es otro de sus pilares fundamentales. Si bien se trata de una norma de aplicaci\u00f3n directa, <strong>incluye mecanismos para poder ajustarla a la evoluci\u00f3n tecnol\u00f3gica<\/strong>. Adem\u00e1s, fomenta la innovaci\u00f3n, permitiendo la creaci\u00f3n de entornos controlados de prueba con el objetivo de que Europa sea un lugar atractivo para la inversi\u00f3n en sistemas de IA. En este contexto, tambi\u00e9n se permite probar sistemas en condiciones de mundo real, incentivando el desarrollo tecnol\u00f3gico dentro de la UE.<\/p>\n\n\n\n<p>En un inicio, el Reglamento estaba enfocado en aplicaciones espec\u00edficas de IA, dejando fuera a los sistemas de uso general, como la IA generativa. Sin embargo, r\u00e1pidamente se identific\u00f3 la necesidad de incluir normas b\u00e1sicas para este tipo de programas, ya que, al constituir la base para el desarrollo de otros sistemas, sus fallos pueden generar da\u00f1os significativos. Aunque el Parlamento Europeo buscaba una regulaci\u00f3n muy detallada, finalmente se opt\u00f3 por establecer principios m\u00ednimos mediante el uso de la capacidad adaptativa de la norma general. De esta forma, se sentaron principios b\u00e1sicos sobre transparencia, propiedad intelectual y seguridad. Adem\u00e1s, se deja espacio a una regulaci\u00f3n mayor mediante c\u00f3digos de pr\u00e1cticas desarrollados en colaboraci\u00f3n con la industria.<\/p>\n\n\n\n<p>La gobernanza del reglamento establece un esquema europeo armonizado. Los modelos m\u00e1s relevantes ser\u00e1n supervisados por una nueva Oficina de IA en la Comisi\u00f3n Europea, dotada de autonom\u00eda funcional, mientras que los Estados Miembros deben designar autoridades nacionales para supervisar otros tipos de sistemas. Algunos pa\u00edses, como Espa\u00f1a, han optado por una entidad \u00fanica, como la ESIA, para gestionar esta tarea.<\/p>\n\n\n\n<p>El <strong>Reglamento entr\u00f3 en vigor en agosto de 2024, con periodos de implementaci\u00f3n escalonados seg\u00fan las distintas disposiciones<\/strong>, debido a que es un reglamento en construcci\u00f3n que tiene que adaptarse a la realidad cambiante que supone la IA. La Comisi\u00f3n Europea, por su parte, ha comenzado a trabajar en una gu\u00eda de interpretaci\u00f3n de las prohibiciones y en un procedimiento para desarrollar c\u00f3digos de pr\u00e1cticas en colaboraci\u00f3n con la industria.<\/p>\n\n\n\n<p>Finalmente, el ponente enmarca el reglamento en un contexto global donde otros actores, como Estados Unidos y China, tambi\u00e9n est\u00e1n desarrollando regulaciones seg\u00fan sus propios intereses. Carlos Romero concluye subrayando que, a pesar de los riesgos asociados a la IA, es necesario reconocer sus grandes oportunidades en sectores como la agricultura, la energ\u00eda, la salud y los derechos ciudadanos, donde general grandes eficiencias socio-econ\u00f3micas cuando se emplea de manera adecuada.<\/p>\n\n\n\n<p>La sesi\u00f3n concluy\u00f3 con un debate donde los participantes pudieron plantear preguntas sobre los temas tratados. Este intercambio subray\u00f3 la importancia de la regulaci\u00f3n de tecnolog\u00edas pioneras como la IA para garantizar una innovaci\u00f3n segura que proteja los derechos fundamentales.&nbsp;<\/p>\n\n\n\n<p>Luc\u00eda Rodr\u00edguez<\/p>\n","protected":false},"excerpt":{"rendered":"<p>La sesi\u00f3n se desarroll\u00f3 en espa\u00f1ol y congreg\u00f3 a una audiencia interesada en comprender los puntos claves de la normativa europea sobre Inteligencia Artificial. Para ello, contamos con la participaci\u00f3n [&hellip;]<\/p>\n","protected":false},"author":3,"featured_media":19608,"comment_status":"open","ping_status":"closed","sticky":false,"template":"","format":"standard","meta":{"_acf_changed":false,"footnotes":""},"categories":[8],"tags":[],"class_list":["post-19842","post","type-post","status-publish","format-standard","has-post-thumbnail","hentry","category-conferencias-y-seminarios"],"acf":[],"_links":{"self":[{"href":"https:\/\/fundacionincipe.com\/index.php\/wp-json\/wp\/v2\/posts\/19842","targetHints":{"allow":["GET"]}}],"collection":[{"href":"https:\/\/fundacionincipe.com\/index.php\/wp-json\/wp\/v2\/posts"}],"about":[{"href":"https:\/\/fundacionincipe.com\/index.php\/wp-json\/wp\/v2\/types\/post"}],"author":[{"embeddable":true,"href":"https:\/\/fundacionincipe.com\/index.php\/wp-json\/wp\/v2\/users\/3"}],"replies":[{"embeddable":true,"href":"https:\/\/fundacionincipe.com\/index.php\/wp-json\/wp\/v2\/comments?post=19842"}],"version-history":[{"count":5,"href":"https:\/\/fundacionincipe.com\/index.php\/wp-json\/wp\/v2\/posts\/19842\/revisions"}],"predecessor-version":[{"id":20221,"href":"https:\/\/fundacionincipe.com\/index.php\/wp-json\/wp\/v2\/posts\/19842\/revisions\/20221"}],"wp:featuredmedia":[{"embeddable":true,"href":"https:\/\/fundacionincipe.com\/index.php\/wp-json\/wp\/v2\/media\/19608"}],"wp:attachment":[{"href":"https:\/\/fundacionincipe.com\/index.php\/wp-json\/wp\/v2\/media?parent=19842"}],"wp:term":[{"taxonomy":"category","embeddable":true,"href":"https:\/\/fundacionincipe.com\/index.php\/wp-json\/wp\/v2\/categories?post=19842"},{"taxonomy":"post_tag","embeddable":true,"href":"https:\/\/fundacionincipe.com\/index.php\/wp-json\/wp\/v2\/tags?post=19842"}],"curies":[{"name":"wp","href":"https:\/\/api.w.org\/{rel}","templated":true}]}}