{"id":19661,"date":"2025-01-20T13:39:52","date_gmt":"2025-01-20T13:39:52","guid":{"rendered":"https:\/\/fundacionincipe.com\/?p=19661"},"modified":"2025-03-17T11:57:22","modified_gmt":"2025-03-17T11:57:22","slug":"iberoamerica-en-el-mundo-una-vision-desde-la-segib","status":"publish","type":"post","link":"https:\/\/fundacionincipe.com\/index.php\/2025\/01\/20\/iberoamerica-en-el-mundo-una-vision-desde-la-segib\/","title":{"rendered":"Iberoam\u00e9rica en el mundo: una visi\u00f3n desde la SEGIB"},"content":{"rendered":"\n<p>La sesi\u00f3n se desarroll\u00f3 en espa\u00f1ol y congreg\u00f3 a una audiencia interesada en<strong> comprender el papel de Iberoam\u00e9rica en el panorama global<\/strong>. Para ello, contamos con la participaci\u00f3n de <strong>Andr\u00e9s Allamand, titular de la Secretar\u00eda General Iberoamericana desde 2022<\/strong><em>.<\/em><\/p>\n\n\n\n<p><\/p>\n\n\n\n<p><strong>Andr\u00e9s Allamand comenz\u00f3 su intervenci\u00f3n destacando el creciente inter\u00e9s geopol\u00edtico que despierta Iberoam\u00e9rica en el escenario internacional<\/strong>. Entre los factores que la sit\u00faan como una regi\u00f3n estrat\u00e9gica mencion\u00f3 su gran tama\u00f1o en poblaci\u00f3n y superficie, que representa el <strong>9% del PIB mundial, el 40% de su biodiversidad<\/strong>, su capacidad como productor mundial de alimentos y sus vastas reservas de minerales estrat\u00e9gicos, litio y tierras raras.<\/p>\n\n\n\n<p>Estas caracter\u00edsticas han despertado el inter\u00e9s entre las grandes potencias como China, la UE, Rusia y Estados Unidos, consolidando a Iberoam\u00e9rica como un actor clave en el panorama global.<\/p>\n\n\n\n<p>Asimismo, <strong>la Comunidad Iberoamericana se organiza en torno a la Secretar\u00eda General Iberoamericana (SEGIB)<\/strong>, cuya gran afinidad natural entre los pa\u00edses miembros se basa en la historia, la cultura, los idiomas o los movimientos migratorios. Esta conexi\u00f3n ha generado un acervo, principios y planteamientos d\u00e1ndole una fisionom\u00eda en torno al apoyo a la Carta de Naciones Unidas, al multilateralismo, la paz, la defensa de los derechos humanos y la adhesi\u00f3n democr\u00e1tica, al tiempo que refuerza el compromiso con la sostenibilidad, la igualdad de g\u00e9nero y la digitalizaci\u00f3n.<\/p>\n\n\n\n<p>Este proceso se remonta a hace m\u00e1s de tres d\u00e9cadas, cuando <strong>en 1991 veinte de los veintid\u00f3s pa\u00edses miembros actuales se reunieron en M\u00e9xico dando pie a un proceso de institucionalizaci\u00f3n<\/strong>, a partir de esa afinidad natural y ra\u00edces, apoy\u00e1ndose en principios fundamentales como la horizontalidad o igualdad de sus miembros, el consenso y la no exclusi\u00f3n.<\/p>\n\n\n\n<p>La <strong>Comunidad Iberoamericana se organiza en dos planos: el pol\u00edtico y el operativo<\/strong>. El primero se refleja en las cumbres cada 2 a\u00f1os de Jefes y Jefas de Estado (la siguiente en 2026 ser\u00e1 en Espa\u00f1a), espacios clave de concertaci\u00f3n, de di\u00e1logo y de adopci\u00f3n de resoluciones de alcance regional, con sus reuniones ministeriales y el apoyo de la SEGIB. El nivel operativo, por su parte, incluye por un lado los mecanismos e instrumentos de cooperaci\u00f3n basados en \u00ab\u00a0programas de cooperaci\u00f3n\u00a0\u00bb as\u00ed como en \u00ab\u00a0redes iberoamericanas\u00a0\u00bb de agencias nacionales, y por otro lado, de encuentros que van m\u00e1s all\u00e1 de los gobiernos, con actores empresariales, locales, y de la sociedad civil, ampliando as\u00ed su alcance y profundidad.<\/p>\n\n\n\n<p><strong>Allamand destac\u00f3 los retos y desaf\u00edos que enfrenta Iberoam\u00e9rica<\/strong> en el actual contexto internacional convulso y cambiante, marcado unos siete planos por la crisis del sistema multilateral, un mundo multipolar, un retorno o persistencia conflictos armados persistentes, un proceso de retroceso democr\u00e1tico global, el cuestionamiento de la globalizaci\u00f3n y el agravamiento de la crisis clim\u00e1tica.<\/p>\n\n\n\n<p>Sin embargo, el Secretario General Iberoamericano destac\u00f3 que estos desaf\u00edos tambi\u00e9n representan una oportunidad \u00fanica para que la Comunidad Iberoamericana se transforme en este contexto en un actor internacional relevante. Para ello, resulta fundamental avanzar en diversas direcciones comenzando por una mayor concertaci\u00f3n pol\u00edtica y di\u00e1logo, as\u00ed como fijando posicionamientos comunes frente a desaf\u00edos globales como el cambio clim\u00e1tico, la transici\u00f3n energ\u00e9tica y la reforma de la arquitectura financiera internacional. En esa misma direcci\u00f3n enfatiz\u00f3 sobre la importancia de la cooperaci\u00f3n en la generaci\u00f3n de pol\u00edticas p\u00fablicas, el desarrollo de marcos regulatorios comunes &#8211; por ejemplo, frente a la IA- y el aprovechamiento de las m\u00faltiples posibilidades que ofrece la regi\u00f3n.<\/p>\n\n\n\n<p>As\u00ed, la Comunidad Iberoamericana debe contar con un papel estrat\u00e9gico a la hora de impulsar la convergencia con la Uni\u00f3n Europea, ya que todo indica que existen m\u00faltiples ventajas para un afianzamiento de la relaci\u00f3n UE- Am\u00e9rica Latina a trav\u00e9s de una triple convergencia: pol\u00edtica, estrat\u00e9gica en campos de complementariedad y comercial\/econ\u00f3mica con ejemplos en los acuerdos UE con Mercosur, Chile y M\u00e9xico.<\/p>\n\n\n\n<p>La sesi\u00f3n concluy\u00f3 con un interesante debate donde los participantes pudieron plantear preguntas sobre los temas tratados. Este intercambio subray\u00f3 la importancia del crecimiento econ\u00f3mico en Latino Am\u00e9rica, as\u00ed como del sector privado, como pilares fundamentales para una mayor integraci\u00f3n en la regi\u00f3n.<\/p>\n\n\n\n<div class=\"wp-block-group is-vertical is-layout-flex wp-container-core-group-is-layout-2 wp-block-group-is-layout-flex\">\n<div class=\"wp-block-group is-vertical is-layout-flex wp-container-core-group-is-layout-1 wp-block-group-is-layout-flex\">\n<p class=\"has-small-font-size\">Sof\u00eda G\u00f3mez<\/p>\n\n\n\n<p class=\"has-small-font-size\">Asistente de comunicaci\u00f3n en INCIPE<\/p>\n<\/div>\n<\/div>\n\n\n\n<p><\/p>\n","protected":false},"excerpt":{"rendered":"<p>Sesi\u00f3n virtual con Andr\u00e9s Allamand |<br \/>\nEn un encuentro enriquecedor, el Secretario General Iberoamericano, Andr\u00e9s Allamand, analiz\u00f3 el papel de Iberoam\u00e9rica en el panorama global, ofreciendo una visi\u00f3n clave sobre los desaf\u00edos y oportunidades de la regi\u00f3n en el contexto internacional.<\/p>\n","protected":false},"author":3,"featured_media":19662,"comment_status":"open","ping_status":"closed","sticky":false,"template":"","format":"standard","meta":{"_acf_changed":false,"footnotes":""},"categories":[23,8],"tags":[],"class_list":["post-19661","post","type-post","status-publish","format-standard","has-post-thumbnail","hentry","category-comunicados","category-conferencias-y-seminarios"],"acf":[],"_links":{"self":[{"href":"https:\/\/fundacionincipe.com\/index.php\/wp-json\/wp\/v2\/posts\/19661","targetHints":{"allow":["GET"]}}],"collection":[{"href":"https:\/\/fundacionincipe.com\/index.php\/wp-json\/wp\/v2\/posts"}],"about":[{"href":"https:\/\/fundacionincipe.com\/index.php\/wp-json\/wp\/v2\/types\/post"}],"author":[{"embeddable":true,"href":"https:\/\/fundacionincipe.com\/index.php\/wp-json\/wp\/v2\/users\/3"}],"replies":[{"embeddable":true,"href":"https:\/\/fundacionincipe.com\/index.php\/wp-json\/wp\/v2\/comments?post=19661"}],"version-history":[{"count":23,"href":"https:\/\/fundacionincipe.com\/index.php\/wp-json\/wp\/v2\/posts\/19661\/revisions"}],"predecessor-version":[{"id":21946,"href":"https:\/\/fundacionincipe.com\/index.php\/wp-json\/wp\/v2\/posts\/19661\/revisions\/21946"}],"wp:featuredmedia":[{"embeddable":true,"href":"https:\/\/fundacionincipe.com\/index.php\/wp-json\/wp\/v2\/media\/19662"}],"wp:attachment":[{"href":"https:\/\/fundacionincipe.com\/index.php\/wp-json\/wp\/v2\/media?parent=19661"}],"wp:term":[{"taxonomy":"category","embeddable":true,"href":"https:\/\/fundacionincipe.com\/index.php\/wp-json\/wp\/v2\/categories?post=19661"},{"taxonomy":"post_tag","embeddable":true,"href":"https:\/\/fundacionincipe.com\/index.php\/wp-json\/wp\/v2\/tags?post=19661"}],"curies":[{"name":"wp","href":"https:\/\/api.w.org\/{rel}","templated":true}]}}