{"id":19121,"date":"2024-11-22T09:50:00","date_gmt":"2024-11-22T09:50:00","guid":{"rendered":"https:\/\/fundacionincipe.com\/?p=19121"},"modified":"2024-11-29T10:34:47","modified_gmt":"2024-11-29T10:34:47","slug":"las-voces-silenciadas-de-las-mujeres-en-afganistan","status":"publish","type":"post","link":"https:\/\/fundacionincipe.com\/index.php\/2024\/11\/22\/las-voces-silenciadas-de-las-mujeres-en-afganistan\/","title":{"rendered":"Las voces silenciadas de las mujeres en Afganist\u00e1n"},"content":{"rendered":"\n<p>La sesi\u00f3n se desarroll\u00f3 en espa\u00f1ol y congreg\u00f3 a una audiencia interesada en comprender la compleja realidad de las mujeres afganas desde la salida de las tropas internacionales del pa\u00eds. Para ello, contamos con la participaci\u00f3n de<strong> Pilar Requena, directora de \u2018Documentos TV\u2019, RTVE<\/strong><em>.<\/em> Durante la sesi\u00f3n, Pilar Requena present\u00f3 un an\u00e1lisis detallado de las principales dificultades a las que han ido enfrentando las mujeres afganas bajo el r\u00e9gimen talib\u00e1n en los \u00faltimos a\u00f1os.<\/p>\n\n\n\n<p>La intervenci\u00f3n de Pilar Requena comenz\u00f3 tras un breve video introductorio que rindi\u00f3 homenaje a los refugiados afganos que, desde sus lugares de asilo, siguen luchando por los derechos de las mujeres, especialmente por el derecho a la educaci\u00f3n. Pilar Requena contextualiza la situaci\u00f3n actual en Afganist\u00e1n destacando esa prohibici\u00f3n, impuesta por el r\u00e9gimen talib\u00e1n, que impide a las mujeres asistir a la universidad y a la educaci\u00f3n secundaria. Aunque esta medida se justific\u00f3 inicialmente con promesas de reintegraci\u00f3n futura de las mujeres en el \u00e1mbito educativo, <strong>los talibanes no solo han incumplido su palabra, sino que han intensificado la represi\u00f3n de otros derechos de la mujer<\/strong>.<\/p>\n\n\n\n<p>Requena se\u00f1al\u00f3 que Afganist\u00e1n se encuentra actualmente bajo un <em>apartheid <\/em>de g\u00e9nero, con la<strong> exclusi\u00f3n sistem\u00e1tica de las mujeres de los espacios p\u00fablicos en los que antes participaban<\/strong>. Adem\u00e1s, describi\u00f3 una grave crisis humanitaria que ha sido ignorada por la comunidad internacional desde que Afganist\u00e1n dej\u00f3 de ser una prioridad pol\u00edtica. Los talibanes, por su parte, han intentado obtener reconocimiento internacional y el desbloqueo de las reservas afganas congeladas desde su llegada al poder. Aunque se ha buscado utilizar estas dos demandas como herramientas de negociaci\u00f3n para limitar sus abusos, la comunidad internacional ha respondido de manera tibia a sus pol\u00edticas y no ha accedido a la totalidad de sus peticiones, lo que ha llevado al r\u00e9gimen talib\u00e1n a rechazar las condiciones de los miembros de la arena global.<\/p>\n\n\n\n<p>Adem\u00e1s, Requena explica que en un intento de proyectar una imagen m\u00e1s moderada, los talibanes han designado a representantes que hablan ingl\u00e9s y que se muestran accesibles incluso para mujeres periodistas. Sin embargo, subray\u00f3 que estas figuras son los mismos l\u00edderes que gobernaban en los a\u00f1os 90, y que perpet\u00faan las mismas pol\u00edticas represivas de aquella \u00e9poca.<\/p>\n\n\n\n<p>Sobre la situaci\u00f3n de las mujeres, Requena se\u00f1al\u00f3 que el car\u00e1cter altamente segregado de la sociedad afgana obliga a mantener su presencia en ciertos sectores profesionales, como el sanitario, para garantizar la atenci\u00f3n a la poblaci\u00f3n femenina. Sin embargo, advirti\u00f3 que no es descartable que los talibanes proh\u00edban tambi\u00e9n la participaci\u00f3n en esos sectores, eliminando cualquier cobertura social b\u00e1sica para las mujeres. Este ser\u00eda un paso m\u00e1s en el proceso de erosi\u00f3n de sus derechos en Afganist\u00e1n.<\/p>\n\n\n\n<p>La represi\u00f3n bajo el r\u00e9gimen talib\u00e1n afecta a toda la poblaci\u00f3n, pero tiene un impacto especialmente cr\u00edtico en las mujeres. <strong>Las medidas m\u00e1s duras comenzaron a finales de marzo de 2024<\/strong>, cuando se re-introdujeron castigos como la flagelaci\u00f3n p\u00fablica y la lapidaci\u00f3n por adulterio, lo que provoc\u00f3 grandes protestas a nivel internacional. Sin embargo, en agosto, nuevas restricciones se sumaron a las anteriores: el Ministerio para la Propagaci\u00f3n de la Virtud y la Prevenci\u00f3n del Vicio prohibi\u00f3 escuchar voces femeninas en espacios p\u00fablicos, el uso de cosm\u00e9ticos, la ropa ajustada, mostrar el rostro o mirar a hombres que no sean parientes. Estas prohibiciones se ampliaron a\u00fan m\u00e1s al impedir la presencia de mujeres en espacios p\u00fablicos, lo que las elimin\u00f3 de lugares como parques, gimnasios y salones de belleza, que sol\u00edan ser puntos de encuentro donde las mujeres pod\u00edan compartir sus experiencias bajo el r\u00e9gimen.<\/p>\n\n\n\n<p>Como resultado de estas restricciones, la situaci\u00f3n de salud mental de las mujeres afganas ha empeorado significativamente. <strong>Seg\u00fan Requena, el 90% de las mujeres sufren de ansiedad y depresi\u00f3n<\/strong>, y los \u00edndices de suicidio han aumentado desde que los talibanes retomaron el poder. Adem\u00e1s, la represi\u00f3n del r\u00e9gimen se ampl\u00eda a los hombres que apoyan los derechos de las mujeres.<\/p>\n\n\n\n<p>Para abordar esta crisis, Pilar Requena destac\u00f3 la importancia de visibilizar lo que est\u00e1 ocurriendo en Afganist\u00e1n y <strong>evitar que la situaci\u00f3n de las mujeres caiga en el olvido<\/strong>. Tambi\u00e9n denunci\u00f3 la aceptaci\u00f3n por parte de organismos internacionales de las condiciones de los talibanes en las negociaciones pol\u00edticas, que suelen excluir a las mujeres afganas de dichos procesos. Esta exclusi\u00f3n dificulta a las mujeres Afganas denunciar su dif\u00edcil situaci\u00f3n a nivel internacional y exigir respuestas a los abusos del r\u00e9gimen talib\u00e1n.<\/p>\n\n\n\n<p>La sesi\u00f3n concluy\u00f3 con un debate donde los participantes pudieron plantear preguntas sobre los temas tratados. Este intercambio subray\u00f3 la relevancia de comprender la situaci\u00f3n actual de las mujeres afganas y la responsabilidad de la comunidad internacional en denunciar de forma sostenida las violaciones de sus derechos en Afganist\u00e1n.\u00a0<\/p>\n\n\n\n<p>Luc\u00eda Rodr\u00edguez<\/p>\n","protected":false},"excerpt":{"rendered":"<p>La sesi\u00f3n se desarroll\u00f3 en espa\u00f1ol y congreg\u00f3 a una audiencia interesada en comprender la compleja realidad de las mujeres afganas desde la salida de las tropas internacionales del pa\u00eds. [&hellip;]<\/p>\n","protected":false},"author":3,"featured_media":19120,"comment_status":"open","ping_status":"closed","sticky":false,"template":"","format":"standard","meta":{"_acf_changed":false,"footnotes":""},"categories":[8],"tags":[],"class_list":["post-19121","post","type-post","status-publish","format-standard","has-post-thumbnail","hentry","category-conferencias-y-seminarios"],"acf":[],"_links":{"self":[{"href":"https:\/\/fundacionincipe.com\/index.php\/wp-json\/wp\/v2\/posts\/19121","targetHints":{"allow":["GET"]}}],"collection":[{"href":"https:\/\/fundacionincipe.com\/index.php\/wp-json\/wp\/v2\/posts"}],"about":[{"href":"https:\/\/fundacionincipe.com\/index.php\/wp-json\/wp\/v2\/types\/post"}],"author":[{"embeddable":true,"href":"https:\/\/fundacionincipe.com\/index.php\/wp-json\/wp\/v2\/users\/3"}],"replies":[{"embeddable":true,"href":"https:\/\/fundacionincipe.com\/index.php\/wp-json\/wp\/v2\/comments?post=19121"}],"version-history":[{"count":5,"href":"https:\/\/fundacionincipe.com\/index.php\/wp-json\/wp\/v2\/posts\/19121\/revisions"}],"predecessor-version":[{"id":19304,"href":"https:\/\/fundacionincipe.com\/index.php\/wp-json\/wp\/v2\/posts\/19121\/revisions\/19304"}],"wp:featuredmedia":[{"embeddable":true,"href":"https:\/\/fundacionincipe.com\/index.php\/wp-json\/wp\/v2\/media\/19120"}],"wp:attachment":[{"href":"https:\/\/fundacionincipe.com\/index.php\/wp-json\/wp\/v2\/media?parent=19121"}],"wp:term":[{"taxonomy":"category","embeddable":true,"href":"https:\/\/fundacionincipe.com\/index.php\/wp-json\/wp\/v2\/categories?post=19121"},{"taxonomy":"post_tag","embeddable":true,"href":"https:\/\/fundacionincipe.com\/index.php\/wp-json\/wp\/v2\/tags?post=19121"}],"curies":[{"name":"wp","href":"https:\/\/api.w.org\/{rel}","templated":true}]}}