{"id":19099,"date":"2017-01-30T12:53:00","date_gmt":"2017-01-30T12:53:00","guid":{"rendered":"https:\/\/fundacionincipe.com\/?p=19099"},"modified":"2024-11-20T12:56:50","modified_gmt":"2024-11-20T12:56:50","slug":"bringing-the-eu-closer-to-the-eu-citizens-2","status":"publish","type":"post","link":"https:\/\/fundacionincipe.com\/index.php\/2017\/01\/30\/bringing-the-eu-closer-to-the-eu-citizens-2\/","title":{"rendered":"Bringing the EU closer to the EU citizens"},"content":{"rendered":"\n<p><div id=\"container\"><div id=\"content\"><div class=\"article\"><div class=\"post-5067 post type-post status-publish format-standard has-post-thumbnail hentry category-desayunos-de-trabajo\" id=\"post-5067\"><p>Europa afronta hoy en d\u00eda desaf\u00edos sin precedentes; la negociaci\u00f3n  del Brexit, la seguridad en el continente y las pol\u00edticas migratorias,  entre otros, definir\u00e1n en un futuro pr\u00f3ximo el rumbo de la Uni\u00f3n  Europea. En este contexto, la Uni\u00f3n Europea debe identificar c\u00f3mo  informar de forma adecuada a sus ciudadanos de que la Uni\u00f3n es la mejor  plataforma para afrontar esos desaf\u00edos comunes. Para hacerlo necesita  trasladar sus mensajes de forma honesta y clara. Es necesario <strong>poner \u00e9nfasis en la solidaridad europea <\/strong>para resolver tales problemas de forma eficaz.<\/p><p>Se han se\u00f1alado seis prioridades de la Presidencia Maltesa:<\/p><p><strong>Migraci\u00f3n<\/strong> La prioridad en este \u00e1mbito es asegurar la <strong>implementaci\u00f3n de las medidas migratorias ya pactadas<\/strong>  y, asimismo, asegurarse que el asunto permanezca en la agenda pol\u00edtica  de la Uni\u00f3n. A este respecto, se han identificado los siguientes ejes: -Fortalecer el sistema de asilo com\u00fan europeo y asegurar que se  distribuye la carga migratoria de forma justa entre los distintos  estados miembros. -Transformar la oficina de ayuda europea al asilo en una Agencia Europea. -Asegurar una mejor implementaci\u00f3n de las pol\u00edticas migratorias al  acercarse el periodo bianual para la colocaci\u00f3n de 160.000 personas con  necesidades de protecci\u00f3n internacional.<\/p><p><strong>Mercado \u00danico<\/strong> El Mercado \u00danico es el <strong>mejor activo de la Uni\u00f3n<\/strong>.  Debemos ser capaces de explotar de forma completa las posibilidades que  nos ofrece el mercado \u00fanico, as\u00ed como desarrollar los aspectos digital y  energ\u00e9tico para recibir beneficios tangibles para nuestras econom\u00edas,  negocios y familias al remover las barreras al comercio, mejorando la  protecci\u00f3n y el acceso a los servicios. Para ello, se desea implementar  las siguientes medidas: \u2013 Eliminar las tarifas de Roaming en Europa. \u2013 Asegurarse que a ning\u00fan consumidor que compre productos en otro pa\u00eds  de la Uni\u00f3n, ya sea de forma presencial u online, se le discrimine  bas\u00e1ndose en su nacionalidad o pa\u00eds de residencia en t\u00e9rminos de precio,  ventas o condiciones de pago. \u2013 Mejorar la legislaci\u00f3n europea para afrontar los desaf\u00edos de las  peque\u00f1as y medianas empresas para que puedan acudir a un abanico mayor  de medios de financiaci\u00f3n en los mercados de capital de la Uni\u00f3n. \u2013 El crecimiento y trabajo continuar\u00e1n siendo una prioridad absoluta, se continuar\u00e1 usando el <strong>Fondo Europeo de Inversi\u00f3n Estrat\u00e9gica<\/strong> para ayudar a movilizar la inversi\u00f3n privada. \u2013 Fortalecer la provisi\u00f3n de energ\u00eda, especialmente en tiempos de crisis, para todos los ciudadanos europeos.<\/p><p><strong>Seguridad<\/strong> La UE debe permanecer alerta para asegurar la seguridad de sus  ciudadanos. La Presidencia Maltesa trabajar\u00e1 en afrontar los desaf\u00edos  regionales y globales, de tal forma que se mantengan los principios de  la Uni\u00f3n. La primera l\u00ednea de trabajo en este aspecto continuar\u00e1 siendo  la diplomacia. -Continuar con las acciones de <strong>combate del terrorismo<\/strong>, as\u00ed como la lucha contra el crimen organizado y asegurar el <strong>intercambio de informaci\u00f3n entre agencias y regiones<\/strong>. -Crear consenso para la creaci\u00f3n de la European Public Prosecutor\u2019s  Office, que investigar\u00eda y perseguir\u00eda personas y compa\u00f1\u00edas que actuaran  en contra de los intereses financieros de la Uni\u00f3n.<\/p><p><strong>Inclusi\u00f3n Social<\/strong> En este \u00e1mbito el Gobierno malt\u00e9s actuar\u00e1 consultando con entidades sociales, la sociedad civil y los ciudadanos con tal de <strong>avanzar en la igualdad de g\u00e9nero<\/strong> y asegurar los <strong>derechos de las minor\u00edas<\/strong>. A este respecto se pretende trabajar en diferentes aspectos: -Mejorar la participaci\u00f3n de la mujer en el mercado laboral. -Seguir combatiendo la violencia de g\u00e9nero, promover la difusi\u00f3n de  pr\u00e1cticas y legislaci\u00f3n existente, as\u00ed como pol\u00edticas y estrategias. -Realizar una conferencia de nivel ministerial sobre asuntos LGTBTIQ con  el objetivo de una futura exploraci\u00f3n del asunto por parte de la  comisi\u00f3n.<\/p><p><strong>Vecindad Europea<\/strong> La seguridad y prosperidad europea est\u00e1 estrechamente ligada a la de sus  pa\u00edses vecinos. La estrategia global de la UE jugar\u00e1 un importante  papel de referencia para guiar las acciones de la Uni\u00f3n. -Prestar particular atenci\u00f3n a los pa\u00edses al sur de la Uni\u00f3n,  estabilizar Libia y  contribuir a una transici\u00f3n pac\u00edfica se establece  como una prioridad. -La Presidencia Maltesa apoyar\u00e1 los esfuerzos internacionales para que  se pueda retomar el proceso de paz en oriente medio entre Israel y  Palestina. -Asegurar que la transici\u00f3n democr\u00e1tica en T\u00fanez sigue su curso y continuar con las negociaciones comerciales con el pa\u00eds. -Contribuir con los esfuerzos internacionales para solventar el conflicto sirio.<\/p><p><strong>Sector Mar\u00edtimo<\/strong> La <strong>UE es cada vez m\u00e1s dependiente de los mares y oc\u00e9anos<\/strong>.  La sostenibilidad y el desarrollo del sector ser\u00e1n una de las pol\u00edticas  a desarrollar en la Presidencia Maltesa del Consejo. El sector ofrece  tambi\u00e9n oportunidades de alto valor a\u00f1adido para poder crecer y ser m\u00e1s  competitivos. -La gobernanza Oce\u00e1nica Internacional ser\u00e1 puesta de forma efectiva en  la agenda maltesa con el objetivo de asegurar una pol\u00edtica europea m\u00e1s  coherente, comprensiva y efectiva para mejorar la gobernanza y la  sostenibilidad de nuestros oc\u00e9anos. \u2013 Se espera lanzar la iniciativa de la cuenca del mediterr\u00e1neo  occidental en 2017, dicha iniciativa se construir\u00e1 sobre estructuras  existentes como la econom\u00eda azul, para aprovechar los puntos fuertes y  corregir las debilidades permitiendo as\u00ed un desarrollo sostenible.<\/p><\/div><\/div><\/div><\/div> Carlos Farr\u00e9<\/p>\n\n\n\n<figure class=\"wp-block-gallery has-nested-images columns-default is-cropped wp-block-gallery-1 is-layout-flex wp-block-gallery-is-layout-flex\">\n<figure data-wp-context=\"{&quot;imageId&quot;:&quot;69f2662eaf9db&quot;}\" data-wp-interactive=\"core\/image\" class=\"wp-block-image size-large wp-lightbox-container\"><img fetchpriority=\"high\" decoding=\"async\" width=\"940\" height=\"705\" data-wp-class--hide=\"state.isContentHidden\" data-wp-class--show=\"state.isContentVisible\" data-wp-init=\"callbacks.setButtonStyles\" data-wp-on-async--click=\"actions.showLightbox\" data-wp-on-async--load=\"callbacks.setButtonStyles\" data-wp-on-async-window--resize=\"callbacks.setButtonStyles\" data-id=\"19100\" src=\"https:\/\/fundacionincipe.com\/wp-content\/uploads\/2024\/11\/6634-005-1.jpg\" alt=\"\" class=\"wp-image-19100\" srcset=\"https:\/\/fundacionincipe.com\/wp-content\/uploads\/2024\/11\/6634-005-1.jpg 940w, https:\/\/fundacionincipe.com\/wp-content\/uploads\/2024\/11\/6634-005-1-300x225.jpg 300w, https:\/\/fundacionincipe.com\/wp-content\/uploads\/2024\/11\/6634-005-1-768x576.jpg 768w\" sizes=\"(max-width: 940px) 100vw, 940px\" \/><button\n\t\t\tclass=\"lightbox-trigger\"\n\t\t\ttype=\"button\"\n\t\t\taria-haspopup=\"dialog\"\n\t\t\taria-label=\"Ampliar la imagen\"\n\t\t\tdata-wp-init=\"callbacks.initTriggerButton\"\n\t\t\tdata-wp-on-async--click=\"actions.showLightbox\"\n\t\t\tdata-wp-style--right=\"state.imageButtonRight\"\n\t\t\tdata-wp-style--top=\"state.imageButtonTop\"\n\t\t>\n\t\t\t<svg xmlns=\"http:\/\/www.w3.org\/2000\/svg\" width=\"12\" height=\"12\" fill=\"none\" viewBox=\"0 0 12 12\">\n\t\t\t\t<path fill=\"#fff\" d=\"M2 0a2 2 0 0 0-2 2v2h1.5V2a.5.5 0 0 1 .5-.5h2V0H2Zm2 10.5H2a.5.5 0 0 1-.5-.5V8H0v2a2 2 0 0 0 2 2h2v-1.5ZM8 12v-1.5h2a.5.5 0 0 0 .5-.5V8H12v2a2 2 0 0 1-2 2H8Zm2-12a2 2 0 0 1 2 2v2h-1.5V2a.5.5 0 0 0-.5-.5H8V0h2Z\" \/>\n\t\t\t<\/svg>\n\t\t<\/button><\/figure>\n\n\n\n<figure data-wp-context=\"{&quot;imageId&quot;:&quot;69f2662eafec8&quot;}\" data-wp-interactive=\"core\/image\" class=\"wp-block-image size-large wp-lightbox-container\"><img decoding=\"async\" width=\"1024\" height=\"665\" data-wp-class--hide=\"state.isContentHidden\" data-wp-class--show=\"state.isContentVisible\" data-wp-init=\"callbacks.setButtonStyles\" data-wp-on-async--click=\"actions.showLightbox\" data-wp-on-async--load=\"callbacks.setButtonStyles\" data-wp-on-async-window--resize=\"callbacks.setButtonStyles\" data-id=\"19102\" src=\"https:\/\/fundacionincipe.com\/wp-content\/uploads\/2024\/11\/6634-024-1024x665.jpg\" alt=\"\" class=\"wp-image-19102\" srcset=\"https:\/\/fundacionincipe.com\/wp-content\/uploads\/2024\/11\/6634-024-1024x665.jpg 1024w, https:\/\/fundacionincipe.com\/wp-content\/uploads\/2024\/11\/6634-024-300x195.jpg 300w, https:\/\/fundacionincipe.com\/wp-content\/uploads\/2024\/11\/6634-024-768x499.jpg 768w, https:\/\/fundacionincipe.com\/wp-content\/uploads\/2024\/11\/6634-024.jpg 1085w\" sizes=\"(max-width: 1024px) 100vw, 1024px\" \/><button\n\t\t\tclass=\"lightbox-trigger\"\n\t\t\ttype=\"button\"\n\t\t\taria-haspopup=\"dialog\"\n\t\t\taria-label=\"Ampliar la imagen\"\n\t\t\tdata-wp-init=\"callbacks.initTriggerButton\"\n\t\t\tdata-wp-on-async--click=\"actions.showLightbox\"\n\t\t\tdata-wp-style--right=\"state.imageButtonRight\"\n\t\t\tdata-wp-style--top=\"state.imageButtonTop\"\n\t\t>\n\t\t\t<svg xmlns=\"http:\/\/www.w3.org\/2000\/svg\" width=\"12\" height=\"12\" fill=\"none\" viewBox=\"0 0 12 12\">\n\t\t\t\t<path fill=\"#fff\" d=\"M2 0a2 2 0 0 0-2 2v2h1.5V2a.5.5 0 0 1 .5-.5h2V0H2Zm2 10.5H2a.5.5 0 0 1-.5-.5V8H0v2a2 2 0 0 0 2 2h2v-1.5ZM8 12v-1.5h2a.5.5 0 0 0 .5-.5V8H12v2a2 2 0 0 1-2 2H8Zm2-12a2 2 0 0 1 2 2v2h-1.5V2a.5.5 0 0 0-.5-.5H8V0h2Z\" \/>\n\t\t\t<\/svg>\n\t\t<\/button><\/figure>\n\n\n\n<figure data-wp-context=\"{&quot;imageId&quot;:&quot;69f2662eb030c&quot;}\" data-wp-interactive=\"core\/image\" class=\"wp-block-image size-large wp-lightbox-container\"><img decoding=\"async\" width=\"940\" height=\"705\" data-wp-class--hide=\"state.isContentHidden\" data-wp-class--show=\"state.isContentVisible\" data-wp-init=\"callbacks.setButtonStyles\" data-wp-on-async--click=\"actions.showLightbox\" data-wp-on-async--load=\"callbacks.setButtonStyles\" data-wp-on-async-window--resize=\"callbacks.setButtonStyles\" data-id=\"19101\" src=\"https:\/\/fundacionincipe.com\/wp-content\/uploads\/2024\/11\/6634-015.jpg\" alt=\"\" class=\"wp-image-19101\" srcset=\"https:\/\/fundacionincipe.com\/wp-content\/uploads\/2024\/11\/6634-015.jpg 940w, https:\/\/fundacionincipe.com\/wp-content\/uploads\/2024\/11\/6634-015-300x225.jpg 300w, https:\/\/fundacionincipe.com\/wp-content\/uploads\/2024\/11\/6634-015-768x576.jpg 768w\" sizes=\"(max-width: 940px) 100vw, 940px\" \/><button\n\t\t\tclass=\"lightbox-trigger\"\n\t\t\ttype=\"button\"\n\t\t\taria-haspopup=\"dialog\"\n\t\t\taria-label=\"Ampliar la imagen\"\n\t\t\tdata-wp-init=\"callbacks.initTriggerButton\"\n\t\t\tdata-wp-on-async--click=\"actions.showLightbox\"\n\t\t\tdata-wp-style--right=\"state.imageButtonRight\"\n\t\t\tdata-wp-style--top=\"state.imageButtonTop\"\n\t\t>\n\t\t\t<svg xmlns=\"http:\/\/www.w3.org\/2000\/svg\" width=\"12\" height=\"12\" fill=\"none\" viewBox=\"0 0 12 12\">\n\t\t\t\t<path fill=\"#fff\" d=\"M2 0a2 2 0 0 0-2 2v2h1.5V2a.5.5 0 0 1 .5-.5h2V0H2Zm2 10.5H2a.5.5 0 0 1-.5-.5V8H0v2a2 2 0 0 0 2 2h2v-1.5ZM8 12v-1.5h2a.5.5 0 0 0 .5-.5V8H12v2a2 2 0 0 1-2 2H8Zm2-12a2 2 0 0 1 2 2v2h-1.5V2a.5.5 0 0 0-.5-.5H8V0h2Z\" \/>\n\t\t\t<\/svg>\n\t\t<\/button><\/figure>\n<\/figure>\n","protected":false},"excerpt":{"rendered":"<p>Europa afronta hoy en d\u00eda desaf\u00edos sin precedentes; la negociaci\u00f3n del Brexit, la seguridad en el continente y las pol\u00edticas migratorias, entre otros, definir\u00e1n en un futuro pr\u00f3ximo el rumbo [&hellip;]<\/p>\n","protected":false},"author":3,"featured_media":19100,"comment_status":"open","ping_status":"closed","sticky":false,"template":"","format":"standard","meta":{"_acf_changed":false,"footnotes":""},"categories":[8],"tags":[],"class_list":["post-19099","post","type-post","status-publish","format-standard","has-post-thumbnail","hentry","category-conferencias-y-seminarios"],"acf":[],"_links":{"self":[{"href":"https:\/\/fundacionincipe.com\/index.php\/wp-json\/wp\/v2\/posts\/19099","targetHints":{"allow":["GET"]}}],"collection":[{"href":"https:\/\/fundacionincipe.com\/index.php\/wp-json\/wp\/v2\/posts"}],"about":[{"href":"https:\/\/fundacionincipe.com\/index.php\/wp-json\/wp\/v2\/types\/post"}],"author":[{"embeddable":true,"href":"https:\/\/fundacionincipe.com\/index.php\/wp-json\/wp\/v2\/users\/3"}],"replies":[{"embeddable":true,"href":"https:\/\/fundacionincipe.com\/index.php\/wp-json\/wp\/v2\/comments?post=19099"}],"version-history":[{"count":1,"href":"https:\/\/fundacionincipe.com\/index.php\/wp-json\/wp\/v2\/posts\/19099\/revisions"}],"predecessor-version":[{"id":19103,"href":"https:\/\/fundacionincipe.com\/index.php\/wp-json\/wp\/v2\/posts\/19099\/revisions\/19103"}],"wp:featuredmedia":[{"embeddable":true,"href":"https:\/\/fundacionincipe.com\/index.php\/wp-json\/wp\/v2\/media\/19100"}],"wp:attachment":[{"href":"https:\/\/fundacionincipe.com\/index.php\/wp-json\/wp\/v2\/media?parent=19099"}],"wp:term":[{"taxonomy":"category","embeddable":true,"href":"https:\/\/fundacionincipe.com\/index.php\/wp-json\/wp\/v2\/categories?post=19099"},{"taxonomy":"post_tag","embeddable":true,"href":"https:\/\/fundacionincipe.com\/index.php\/wp-json\/wp\/v2\/tags?post=19099"}],"curies":[{"name":"wp","href":"https:\/\/api.w.org\/{rel}","templated":true}]}}