{"id":19093,"date":"2017-02-03T12:47:00","date_gmt":"2017-02-03T12:47:00","guid":{"rendered":"https:\/\/fundacionincipe.com\/?p=19093"},"modified":"2024-11-20T12:49:22","modified_gmt":"2024-11-20T12:49:22","slug":"relaciones-espana-argelia-2","status":"publish","type":"post","link":"https:\/\/fundacionincipe.com\/index.php\/2017\/02\/03\/relaciones-espana-argelia-2\/","title":{"rendered":"Relaciones Espa\u00f1a Argelia"},"content":{"rendered":"\n<p><div id=\"container\"><div id=\"content\"><div class=\"article\"><div class=\"post-5089 post type-post status-publish format-standard has-post-thumbnail hentry category-desayunos-de-trabajo\" id=\"post-5089\"><p>En lo referente al concepto de <em>complementariedad<\/em> se puso \u00e9nfasis en los distintos <strong>lazo y afinidades que unen a ambos pa\u00edses entre s\u00ed<\/strong>,  prueba de ello es la existencia en la ciudad Argelina de Or\u00e1n de la  \u00fanica plaza de toros en todo \u00c1frica, o la estancia en el pa\u00eds de  prominentes figuras hist\u00f3ricas espa\u00f1olas como Cervantes, Carlos V o  Hern\u00e1n Cort\u00e9s. Dichos lazos entre ambas naciones se estrecharon durante  la guerra civil espa\u00f1ola cuando Argelia acogi\u00f3 un n\u00famero considerable de  refugiados espa\u00f1oles. Culminan estos lazos entre ambos pa\u00edses con la <strong>firma en 2002 del tratado de amistad, buena vecindad y cooperaci\u00f3n<\/strong>.<\/p><p>Actualmente ambos pa\u00edses <strong>cooperan en materia de lucha antiterrorista <\/strong>y  est\u00e1 en la agenda de ambos seguir trabajando conjuntamente en el futuro  e incrementar dicha cooperaci\u00f3n si se considera necesario. En materia  econ\u00f3mica<strong> Argelia y Espa\u00f1a est\u00e1n unidos por dos gaseoductos<\/strong>,  lo que sit\u00faa a ambos pa\u00edses ante una relaci\u00f3n econ\u00f3mica con muchas  potencialidades y capacidades de mejora. Otro de los objetivos  prioritarios para Argelia es asegurar la efectiva integraci\u00f3n de la  regi\u00f3n euro-mediterr\u00e1nea, que hoy en d\u00eda es una de las menos integradas  del mundo. Para ello se ve necesario situar en la agenda de la UE la  regi\u00f3n Euro Mediterr\u00e1nea.<\/p><p>Respecto a lo que concierne a las perspectivas de cooperaci\u00f3n, cabe destacar que Argelia cre\u00f3 un <strong>nuevo C\u00f3digo legal de inversiones en el pa\u00eds<\/strong>,  que incluye la simplificaci\u00f3n del procedimiento. Con este nuevo C\u00f3digo y  el cambio hacia un modelo m\u00e1s enfocado al alto valor a\u00f1adido el pa\u00eds  espera despegar econ\u00f3micamente. Para ello tambi\u00e9n se van a destinar  muchos <strong>esfuerzos en mejorar las redes de transporte en el pa\u00eds as\u00ed como las comunicaciones<\/strong>,  se tiene previsto la instalaci\u00f3n de un enlace submarino de fibra \u00f3ptica  con tal de lograrlo. Muchos esfuerzos est\u00e1n recayendo tambi\u00e9n en  mejorar el proceso productivo en sectores econ\u00f3micos primarios. Se busca  conseguir llegar a una agricultura sostenible y al mismo tiempo seguir  invirtiendo en capital humano. Con estos cambios se pretende cambiar los  patronos econ\u00f3micos del pa\u00eds, que tradicionalmente se enfocaban en el  consumo interno, hacia la exportaci\u00f3n.<\/p><p>Por \u00faltimo se marca como prioridad la lucha contra la inmigraci\u00f3n  ilegal, promoviendo el intercambio de datos y la cooperaci\u00f3n al  respecto. Al ser este asunto de car\u00e1cter transnacional y de car\u00e1cter  complejo se considera que es un problema de inter\u00e9s com\u00fan y que por lo  tanto toda cooperaci\u00f3n ser\u00e1 bienvenida.<\/p><\/div><\/div><\/div><\/div> Carlos Farr\u00e9<\/p>\n\n\n\n<figure class=\"wp-block-gallery has-nested-images columns-default is-cropped wp-block-gallery-1 is-layout-flex wp-block-gallery-is-layout-flex\">\n<figure data-wp-context=\"{&quot;imageId&quot;:&quot;69f2662f51b14&quot;}\" data-wp-interactive=\"core\/image\" class=\"wp-block-image size-large wp-lightbox-container\"><img fetchpriority=\"high\" decoding=\"async\" width=\"1024\" height=\"768\" data-wp-class--hide=\"state.isContentHidden\" data-wp-class--show=\"state.isContentVisible\" data-wp-init=\"callbacks.setButtonStyles\" data-wp-on-async--click=\"actions.showLightbox\" data-wp-on-async--load=\"callbacks.setButtonStyles\" data-wp-on-async-window--resize=\"callbacks.setButtonStyles\" data-id=\"19094\" src=\"https:\/\/fundacionincipe.com\/wp-content\/uploads\/2024\/11\/DSC_0107-1024x768.jpg\" alt=\"\" class=\"wp-image-19094\" srcset=\"https:\/\/fundacionincipe.com\/wp-content\/uploads\/2024\/11\/DSC_0107-1024x768.jpg 1024w, https:\/\/fundacionincipe.com\/wp-content\/uploads\/2024\/11\/DSC_0107-300x225.jpg 300w, https:\/\/fundacionincipe.com\/wp-content\/uploads\/2024\/11\/DSC_0107-768x576.jpg 768w, https:\/\/fundacionincipe.com\/wp-content\/uploads\/2024\/11\/DSC_0107.jpg 1181w\" sizes=\"(max-width: 1024px) 100vw, 1024px\" \/><button\n\t\t\tclass=\"lightbox-trigger\"\n\t\t\ttype=\"button\"\n\t\t\taria-haspopup=\"dialog\"\n\t\t\taria-label=\"Ampliar la imagen\"\n\t\t\tdata-wp-init=\"callbacks.initTriggerButton\"\n\t\t\tdata-wp-on-async--click=\"actions.showLightbox\"\n\t\t\tdata-wp-style--right=\"state.imageButtonRight\"\n\t\t\tdata-wp-style--top=\"state.imageButtonTop\"\n\t\t>\n\t\t\t<svg xmlns=\"http:\/\/www.w3.org\/2000\/svg\" width=\"12\" height=\"12\" fill=\"none\" viewBox=\"0 0 12 12\">\n\t\t\t\t<path fill=\"#fff\" d=\"M2 0a2 2 0 0 0-2 2v2h1.5V2a.5.5 0 0 1 .5-.5h2V0H2Zm2 10.5H2a.5.5 0 0 1-.5-.5V8H0v2a2 2 0 0 0 2 2h2v-1.5ZM8 12v-1.5h2a.5.5 0 0 0 .5-.5V8H12v2a2 2 0 0 1-2 2H8Zm2-12a2 2 0 0 1 2 2v2h-1.5V2a.5.5 0 0 0-.5-.5H8V0h2Z\" \/>\n\t\t\t<\/svg>\n\t\t<\/button><\/figure>\n\n\n\n<figure data-wp-context=\"{&quot;imageId&quot;:&quot;69f2662f51f55&quot;}\" data-wp-interactive=\"core\/image\" class=\"wp-block-image size-large wp-lightbox-container\"><img decoding=\"async\" width=\"1024\" height=\"768\" data-wp-class--hide=\"state.isContentHidden\" data-wp-class--show=\"state.isContentVisible\" data-wp-init=\"callbacks.setButtonStyles\" data-wp-on-async--click=\"actions.showLightbox\" data-wp-on-async--load=\"callbacks.setButtonStyles\" data-wp-on-async-window--resize=\"callbacks.setButtonStyles\" data-id=\"19095\" src=\"https:\/\/fundacionincipe.com\/wp-content\/uploads\/2024\/11\/DSC_0146-1024x768.jpg\" alt=\"\" class=\"wp-image-19095\" srcset=\"https:\/\/fundacionincipe.com\/wp-content\/uploads\/2024\/11\/DSC_0146-1024x768.jpg 1024w, https:\/\/fundacionincipe.com\/wp-content\/uploads\/2024\/11\/DSC_0146-300x225.jpg 300w, https:\/\/fundacionincipe.com\/wp-content\/uploads\/2024\/11\/DSC_0146-768x576.jpg 768w, https:\/\/fundacionincipe.com\/wp-content\/uploads\/2024\/11\/DSC_0146.jpg 1181w\" sizes=\"(max-width: 1024px) 100vw, 1024px\" \/><button\n\t\t\tclass=\"lightbox-trigger\"\n\t\t\ttype=\"button\"\n\t\t\taria-haspopup=\"dialog\"\n\t\t\taria-label=\"Ampliar la imagen\"\n\t\t\tdata-wp-init=\"callbacks.initTriggerButton\"\n\t\t\tdata-wp-on-async--click=\"actions.showLightbox\"\n\t\t\tdata-wp-style--right=\"state.imageButtonRight\"\n\t\t\tdata-wp-style--top=\"state.imageButtonTop\"\n\t\t>\n\t\t\t<svg xmlns=\"http:\/\/www.w3.org\/2000\/svg\" width=\"12\" height=\"12\" fill=\"none\" viewBox=\"0 0 12 12\">\n\t\t\t\t<path fill=\"#fff\" d=\"M2 0a2 2 0 0 0-2 2v2h1.5V2a.5.5 0 0 1 .5-.5h2V0H2Zm2 10.5H2a.5.5 0 0 1-.5-.5V8H0v2a2 2 0 0 0 2 2h2v-1.5ZM8 12v-1.5h2a.5.5 0 0 0 .5-.5V8H12v2a2 2 0 0 1-2 2H8Zm2-12a2 2 0 0 1 2 2v2h-1.5V2a.5.5 0 0 0-.5-.5H8V0h2Z\" \/>\n\t\t\t<\/svg>\n\t\t<\/button><\/figure>\n\n\n\n<figure data-wp-context=\"{&quot;imageId&quot;:&quot;69f2662f52358&quot;}\" data-wp-interactive=\"core\/image\" class=\"wp-block-image size-large wp-lightbox-container\"><img decoding=\"async\" width=\"1024\" height=\"768\" data-wp-class--hide=\"state.isContentHidden\" data-wp-class--show=\"state.isContentVisible\" data-wp-init=\"callbacks.setButtonStyles\" data-wp-on-async--click=\"actions.showLightbox\" data-wp-on-async--load=\"callbacks.setButtonStyles\" data-wp-on-async-window--resize=\"callbacks.setButtonStyles\" data-id=\"19096\" src=\"https:\/\/fundacionincipe.com\/wp-content\/uploads\/2024\/11\/DSC_0164-1024x768.jpg\" alt=\"\" class=\"wp-image-19096\" srcset=\"https:\/\/fundacionincipe.com\/wp-content\/uploads\/2024\/11\/DSC_0164-1024x768.jpg 1024w, https:\/\/fundacionincipe.com\/wp-content\/uploads\/2024\/11\/DSC_0164-300x225.jpg 300w, https:\/\/fundacionincipe.com\/wp-content\/uploads\/2024\/11\/DSC_0164-768x576.jpg 768w, https:\/\/fundacionincipe.com\/wp-content\/uploads\/2024\/11\/DSC_0164.jpg 1181w\" sizes=\"(max-width: 1024px) 100vw, 1024px\" \/><button\n\t\t\tclass=\"lightbox-trigger\"\n\t\t\ttype=\"button\"\n\t\t\taria-haspopup=\"dialog\"\n\t\t\taria-label=\"Ampliar la imagen\"\n\t\t\tdata-wp-init=\"callbacks.initTriggerButton\"\n\t\t\tdata-wp-on-async--click=\"actions.showLightbox\"\n\t\t\tdata-wp-style--right=\"state.imageButtonRight\"\n\t\t\tdata-wp-style--top=\"state.imageButtonTop\"\n\t\t>\n\t\t\t<svg xmlns=\"http:\/\/www.w3.org\/2000\/svg\" width=\"12\" height=\"12\" fill=\"none\" viewBox=\"0 0 12 12\">\n\t\t\t\t<path fill=\"#fff\" d=\"M2 0a2 2 0 0 0-2 2v2h1.5V2a.5.5 0 0 1 .5-.5h2V0H2Zm2 10.5H2a.5.5 0 0 1-.5-.5V8H0v2a2 2 0 0 0 2 2h2v-1.5ZM8 12v-1.5h2a.5.5 0 0 0 .5-.5V8H12v2a2 2 0 0 1-2 2H8Zm2-12a2 2 0 0 1 2 2v2h-1.5V2a.5.5 0 0 0-.5-.5H8V0h2Z\" \/>\n\t\t\t<\/svg>\n\t\t<\/button><\/figure>\n\n\n\n<figure data-wp-context=\"{&quot;imageId&quot;:&quot;69f2662f5273b&quot;}\" data-wp-interactive=\"core\/image\" class=\"wp-block-image size-large wp-lightbox-container\"><img loading=\"lazy\" decoding=\"async\" width=\"1024\" height=\"768\" data-wp-class--hide=\"state.isContentHidden\" data-wp-class--show=\"state.isContentVisible\" data-wp-init=\"callbacks.setButtonStyles\" data-wp-on-async--click=\"actions.showLightbox\" data-wp-on-async--load=\"callbacks.setButtonStyles\" data-wp-on-async-window--resize=\"callbacks.setButtonStyles\" data-id=\"19097\" src=\"https:\/\/fundacionincipe.com\/wp-content\/uploads\/2024\/11\/DSC_0185-1024x768.jpg\" alt=\"\" class=\"wp-image-19097\" srcset=\"https:\/\/fundacionincipe.com\/wp-content\/uploads\/2024\/11\/DSC_0185-1024x768.jpg 1024w, https:\/\/fundacionincipe.com\/wp-content\/uploads\/2024\/11\/DSC_0185-300x225.jpg 300w, https:\/\/fundacionincipe.com\/wp-content\/uploads\/2024\/11\/DSC_0185-768x576.jpg 768w, https:\/\/fundacionincipe.com\/wp-content\/uploads\/2024\/11\/DSC_0185.jpg 1181w\" sizes=\"(max-width: 1024px) 100vw, 1024px\" \/><button\n\t\t\tclass=\"lightbox-trigger\"\n\t\t\ttype=\"button\"\n\t\t\taria-haspopup=\"dialog\"\n\t\t\taria-label=\"Ampliar la imagen\"\n\t\t\tdata-wp-init=\"callbacks.initTriggerButton\"\n\t\t\tdata-wp-on-async--click=\"actions.showLightbox\"\n\t\t\tdata-wp-style--right=\"state.imageButtonRight\"\n\t\t\tdata-wp-style--top=\"state.imageButtonTop\"\n\t\t>\n\t\t\t<svg xmlns=\"http:\/\/www.w3.org\/2000\/svg\" width=\"12\" height=\"12\" fill=\"none\" viewBox=\"0 0 12 12\">\n\t\t\t\t<path fill=\"#fff\" d=\"M2 0a2 2 0 0 0-2 2v2h1.5V2a.5.5 0 0 1 .5-.5h2V0H2Zm2 10.5H2a.5.5 0 0 1-.5-.5V8H0v2a2 2 0 0 0 2 2h2v-1.5ZM8 12v-1.5h2a.5.5 0 0 0 .5-.5V8H12v2a2 2 0 0 1-2 2H8Zm2-12a2 2 0 0 1 2 2v2h-1.5V2a.5.5 0 0 0-.5-.5H8V0h2Z\" \/>\n\t\t\t<\/svg>\n\t\t<\/button><\/figure>\n<\/figure>\n","protected":false},"excerpt":{"rendered":"<p>En lo referente al concepto de complementariedad se puso \u00e9nfasis en los distintos lazo y afinidades que unen a ambos pa\u00edses entre s\u00ed, prueba de ello es la existencia en [&hellip;]<\/p>\n","protected":false},"author":3,"featured_media":19094,"comment_status":"open","ping_status":"closed","sticky":false,"template":"","format":"standard","meta":{"_acf_changed":false,"footnotes":""},"categories":[8],"tags":[],"class_list":["post-19093","post","type-post","status-publish","format-standard","has-post-thumbnail","hentry","category-conferencias-y-seminarios"],"acf":[],"_links":{"self":[{"href":"https:\/\/fundacionincipe.com\/index.php\/wp-json\/wp\/v2\/posts\/19093","targetHints":{"allow":["GET"]}}],"collection":[{"href":"https:\/\/fundacionincipe.com\/index.php\/wp-json\/wp\/v2\/posts"}],"about":[{"href":"https:\/\/fundacionincipe.com\/index.php\/wp-json\/wp\/v2\/types\/post"}],"author":[{"embeddable":true,"href":"https:\/\/fundacionincipe.com\/index.php\/wp-json\/wp\/v2\/users\/3"}],"replies":[{"embeddable":true,"href":"https:\/\/fundacionincipe.com\/index.php\/wp-json\/wp\/v2\/comments?post=19093"}],"version-history":[{"count":1,"href":"https:\/\/fundacionincipe.com\/index.php\/wp-json\/wp\/v2\/posts\/19093\/revisions"}],"predecessor-version":[{"id":19098,"href":"https:\/\/fundacionincipe.com\/index.php\/wp-json\/wp\/v2\/posts\/19093\/revisions\/19098"}],"wp:featuredmedia":[{"embeddable":true,"href":"https:\/\/fundacionincipe.com\/index.php\/wp-json\/wp\/v2\/media\/19094"}],"wp:attachment":[{"href":"https:\/\/fundacionincipe.com\/index.php\/wp-json\/wp\/v2\/media?parent=19093"}],"wp:term":[{"taxonomy":"category","embeddable":true,"href":"https:\/\/fundacionincipe.com\/index.php\/wp-json\/wp\/v2\/categories?post=19093"},{"taxonomy":"post_tag","embeddable":true,"href":"https:\/\/fundacionincipe.com\/index.php\/wp-json\/wp\/v2\/tags?post=19093"}],"curies":[{"name":"wp","href":"https:\/\/api.w.org\/{rel}","templated":true}]}}