{"id":19090,"date":"2017-02-08T12:45:00","date_gmt":"2017-02-08T12:45:00","guid":{"rendered":"https:\/\/fundacionincipe.com\/?p=19090"},"modified":"2024-11-20T12:46:35","modified_gmt":"2024-11-20T12:46:35","slug":"the-u-s-the-eu-and-the-western-balkans-2","status":"publish","type":"post","link":"https:\/\/fundacionincipe.com\/index.php\/2017\/02\/08\/the-u-s-the-eu-and-the-western-balkans-2\/","title":{"rendered":"The U.S., the EU, and the Western Balkans"},"content":{"rendered":"\n<p>La pol\u00edtica exterior estadounidense en Europa es clara: trata de <strong>conseguir una Europa libre y en paz<\/strong>. Para alcanzar dicho objetivo consideran que se deben normalizar las relaciones con Kosovo y, especialmente, las relaciones con Serbia. Este es el eje en el que se orienta la pol\u00edtica estadounidense en la regi\u00f3n. Serbia juega sin duda alguna un papel clave en la configuraci\u00f3n regional, consider\u00e1ndose prioritario <strong>fortalecer las relaciones entre Belgrado y Zagreb<\/strong>. Tambi\u00e9n Serbia debe usar su influencia en Bosnia para promover la reconciliaci\u00f3n en la regi\u00f3n. Por lo que respecta a Kosovo se considera que ambos pa\u00edses deben promover el dialogo entre s\u00ed.<\/p>\n\n\n\n<p>Bosnia en t\u00e9rminos generales est\u00e1 realizando un buen trabajo, aunque la comunidad internacional debe permanecer atenta ante una hipot\u00e9tica desestabilizaci\u00f3n del pa\u00eds si finalmente se celebra un refer\u00e9ndum de autodeterminaci\u00f3n de la Rep\u00fablica Srpska el a\u00f1o 2018. Respecto a Macedonia, Estados Unidos apoya el estado de derecho y la democracia, as\u00ed como una posible adhesi\u00f3n del pa\u00eds en la OTAN y en la UE. Estados Unidos se mantendr\u00e1 vigilante en la regi\u00f3n ante la campa\u00f1a de influencia rusa.<\/p>\n\n\n\n<p>La regi\u00f3n afronta en la actualidad otro problema de considerables dimensiones, los terroristas retornados de Iraq y Siria. Esta cuesti\u00f3n afecta principalmente a Bosnia y a Kosovo, los cuales tienen uno de los <strong>\u00edndices per c\u00e1pita m\u00e1s elevados de terroristas nacionales luchando en Siria e Iraq<\/strong>. Ante esta situaci\u00f3n, la posibilidad de un creciente n\u00famero de ataques perpetrados por lobos solitarios crece exponencialmente. A este problema se le une la gran facilidad de adquisici\u00f3n de armas ilegales en los mercados negros de la zona.<\/p>\n\n\n\n<p>Para finalizar el encuentro se dio paso a un turno de intervenciones entre los asistentes donde se pusieron de relieve distintas perspectivas de gran inter\u00e9s respecto a las pol\u00edticas y el futuro de la regi\u00f3n.<\/p>\n\n\n\n<p>Carlos Farr\u00e9<\/p>\n","protected":false},"excerpt":{"rendered":"<p>La pol\u00edtica exterior estadounidense en Europa es clara: trata de conseguir una Europa libre y en paz. Para alcanzar dicho objetivo consideran que se deben normalizar las relaciones con Kosovo [&hellip;]<\/p>\n","protected":false},"author":3,"featured_media":19091,"comment_status":"open","ping_status":"closed","sticky":false,"template":"","format":"standard","meta":{"_acf_changed":false,"footnotes":""},"categories":[8],"tags":[],"class_list":["post-19090","post","type-post","status-publish","format-standard","has-post-thumbnail","hentry","category-conferencias-y-seminarios"],"acf":[],"_links":{"self":[{"href":"https:\/\/fundacionincipe.com\/index.php\/wp-json\/wp\/v2\/posts\/19090","targetHints":{"allow":["GET"]}}],"collection":[{"href":"https:\/\/fundacionincipe.com\/index.php\/wp-json\/wp\/v2\/posts"}],"about":[{"href":"https:\/\/fundacionincipe.com\/index.php\/wp-json\/wp\/v2\/types\/post"}],"author":[{"embeddable":true,"href":"https:\/\/fundacionincipe.com\/index.php\/wp-json\/wp\/v2\/users\/3"}],"replies":[{"embeddable":true,"href":"https:\/\/fundacionincipe.com\/index.php\/wp-json\/wp\/v2\/comments?post=19090"}],"version-history":[{"count":1,"href":"https:\/\/fundacionincipe.com\/index.php\/wp-json\/wp\/v2\/posts\/19090\/revisions"}],"predecessor-version":[{"id":19092,"href":"https:\/\/fundacionincipe.com\/index.php\/wp-json\/wp\/v2\/posts\/19090\/revisions\/19092"}],"wp:featuredmedia":[{"embeddable":true,"href":"https:\/\/fundacionincipe.com\/index.php\/wp-json\/wp\/v2\/media\/19091"}],"wp:attachment":[{"href":"https:\/\/fundacionincipe.com\/index.php\/wp-json\/wp\/v2\/media?parent=19090"}],"wp:term":[{"taxonomy":"category","embeddable":true,"href":"https:\/\/fundacionincipe.com\/index.php\/wp-json\/wp\/v2\/categories?post=19090"},{"taxonomy":"post_tag","embeddable":true,"href":"https:\/\/fundacionincipe.com\/index.php\/wp-json\/wp\/v2\/tags?post=19090"}],"curies":[{"name":"wp","href":"https:\/\/api.w.org\/{rel}","templated":true}]}}