{"id":19085,"date":"2017-02-14T12:42:00","date_gmt":"2017-02-14T12:42:00","guid":{"rendered":"https:\/\/fundacionincipe.com\/?p=19085"},"modified":"2024-11-20T12:44:57","modified_gmt":"2024-11-20T12:44:57","slug":"peru-y-la-alianza-del-pacifico-perspectivas-actuales-2","status":"publish","type":"post","link":"https:\/\/fundacionincipe.com\/index.php\/2017\/02\/14\/peru-y-la-alianza-del-pacifico-perspectivas-actuales-2\/","title":{"rendered":"Per\u00fa y la Alianza del Pac\u00edfico. Perspectivas actuales"},"content":{"rendered":"\n<p><div id=\"container\"><div id=\"content\"><div class=\"article\"><div class=\"post-5114 post type-post status-publish format-standard has-post-thumbnail hentry category-desayunos-de-trabajo\" id=\"post-5114\"><p>Per\u00fa ha oscilado hist\u00f3ricamente entre periodos econ\u00f3micos <em>dirigistas <\/em>y  periodos econ\u00f3micos m\u00e1s libres y orientados al libre comercio. Durante  los a\u00f1os setenta el pa\u00eds se embarc\u00f3 en un proceso de orientaci\u00f3n hacia  una econom\u00eda dirigista, en la que el peso del Estado en el comercio y en  la econom\u00eda era muy elevado. Llegados los a\u00f1os ochenta y a ra\u00edz de la  crisis de deuda que afect\u00f3 a toda la regi\u00f3n se produjo un periodo de  t\u00edmida apertura econ\u00f3mica aunque agrav\u00f3 la fallida integraci\u00f3n regional.<\/p><p>El punto clave para el continente sin embargo surgi\u00f3 en los a\u00f1os  noventa, cuando la aparici\u00f3n del Bolivarianismo plante\u00f3 un nuevo esquema  de divisiones en la regi\u00f3n, que a partir de ese momento qued\u00f3 dividida  en dos bandos. Es en este contexto, tras la emergencia del  Bolivarianismo en la zona que los distintos pa\u00edses se vieron obligados a  tomar una decisi\u00f3n; la primera opci\u00f3n era el retorno al proteccionismo  de los a\u00f1os sesenta y setenta, mientras que la segunda opci\u00f3n era  abrazar la globalizaci\u00f3n. Esta divisi\u00f3n entre proteccionistas y  librecambistas cambi\u00f3 por completo las interacciones entre los pa\u00edses de  la regi\u00f3n. Hasta ese momento las relaciones entre los pa\u00edses en la zona  hab\u00edan estado basadas en la vecindad, y en adelante se basar\u00edan en la  afinidad.<\/p><p>En este <strong>contexto de relaciones de afinidad surgi\u00f3 la Alianza del Pac\u00edfico (AP)<\/strong>,  que podr\u00edamos definir como un acuerdo de libre comercio con  aspiraciones a convertirse en un mercado com\u00fan. La Alianza del Pac\u00edfico  carece de una institucionalidad propiamente dicha, lo que hace que sea  una <strong>organizaci\u00f3n muy flexible y adaptable<\/strong>. Los pa\u00edses  de la Alianza han sido siempre muy renuentes a instaurar procesos de  institucionalizaci\u00f3n, considerando que el esquema actual de la  organizaci\u00f3n es el que m\u00e1s futuro tiene.<\/p><p>Ante la posibilidad de abrirse a otros pa\u00edses, no se considera  oportuno abrirse a pa\u00edses sin tradici\u00f3n aperturista, como los pa\u00edses del  Mercosur. El Mercosur tiene un marcado car\u00e1cter proteccionista por lo  que no se ve con buenos ojos la integraci\u00f3n entre ambos. Sin embargo, s\u00ed  se considera como positivo el papel de UNASUR, consider\u00e1ndolo como un  espacio de concentraci\u00f3n pol\u00edtica para conseguir articular America  Latina.<\/p><p>En lo referente a Per\u00fa podemos considerar que, tras pasar  dificultades econ\u00f3micas en el pasado (hiperinflaci\u00f3n, guerras  arancelarias o subsidios indiscriminados) se encuentra actualmente en un  periodo de bonanza econ\u00f3mica cuya <strong>econom\u00eda lleva creciendo de forma ininterrumpida 16 a\u00f1os<\/strong>. El pa\u00eds ha conseguido crear una vigorosa clase media y es estable pol\u00edticamente, prueba de ello es la <strong>intenci\u00f3n de formar parte de la OCDE antes del a\u00f1o 2021<\/strong>.  Por otro lado, contin\u00faa presentando dificultades, sobre todo en el  \u00e1mbito de unas instituciones y la dificultad del pa\u00eds para proveer de  forma adecuada algunos servicios b\u00e1sicos como la presteza de la justicia  o la seguridad ciudadana.<\/p><p>Al final del encuentro se abri\u00f3 el turno de preguntas d\u00f3nde se  debatieron temas c\u00f3mo el Fujimorismo, el nuevo paradigma regional tras  la elecci\u00f3n de Trump, la lucha contra el terrorismo y el narcotr\u00e1fico,  la relaci\u00f3n entre Brasil y Per\u00fa o el tratado TPP. <\/p><\/div><\/div><\/div><\/div> Carlos Farr\u00e9<\/p>\n\n\n\n<figure class=\"wp-block-gallery has-nested-images columns-default is-cropped wp-block-gallery-1 is-layout-flex wp-block-gallery-is-layout-flex\">\n<figure data-wp-context=\"{&quot;imageId&quot;:&quot;69f26597ebffc&quot;}\" data-wp-interactive=\"core\/image\" class=\"wp-block-image size-large wp-lightbox-container\"><img fetchpriority=\"high\" decoding=\"async\" width=\"1024\" height=\"666\" data-wp-class--hide=\"state.isContentHidden\" data-wp-class--show=\"state.isContentVisible\" data-wp-init=\"callbacks.setButtonStyles\" data-wp-on-async--click=\"actions.showLightbox\" data-wp-on-async--load=\"callbacks.setButtonStyles\" data-wp-on-async-window--resize=\"callbacks.setButtonStyles\" data-id=\"19087\" src=\"https:\/\/fundacionincipe.com\/wp-content\/uploads\/2024\/11\/DSC_0301-1024x666.jpg\" alt=\"\" class=\"wp-image-19087\" srcset=\"https:\/\/fundacionincipe.com\/wp-content\/uploads\/2024\/11\/DSC_0301-1024x666.jpg 1024w, https:\/\/fundacionincipe.com\/wp-content\/uploads\/2024\/11\/DSC_0301-300x195.jpg 300w, https:\/\/fundacionincipe.com\/wp-content\/uploads\/2024\/11\/DSC_0301-768x499.jpg 768w, https:\/\/fundacionincipe.com\/wp-content\/uploads\/2024\/11\/DSC_0301.jpg 1181w\" sizes=\"(max-width: 1024px) 100vw, 1024px\" \/><button\n\t\t\tclass=\"lightbox-trigger\"\n\t\t\ttype=\"button\"\n\t\t\taria-haspopup=\"dialog\"\n\t\t\taria-label=\"Ampliar la imagen\"\n\t\t\tdata-wp-init=\"callbacks.initTriggerButton\"\n\t\t\tdata-wp-on-async--click=\"actions.showLightbox\"\n\t\t\tdata-wp-style--right=\"state.imageButtonRight\"\n\t\t\tdata-wp-style--top=\"state.imageButtonTop\"\n\t\t>\n\t\t\t<svg xmlns=\"http:\/\/www.w3.org\/2000\/svg\" width=\"12\" height=\"12\" fill=\"none\" viewBox=\"0 0 12 12\">\n\t\t\t\t<path fill=\"#fff\" d=\"M2 0a2 2 0 0 0-2 2v2h1.5V2a.5.5 0 0 1 .5-.5h2V0H2Zm2 10.5H2a.5.5 0 0 1-.5-.5V8H0v2a2 2 0 0 0 2 2h2v-1.5ZM8 12v-1.5h2a.5.5 0 0 0 .5-.5V8H12v2a2 2 0 0 1-2 2H8Zm2-12a2 2 0 0 1 2 2v2h-1.5V2a.5.5 0 0 0-.5-.5H8V0h2Z\" \/>\n\t\t\t<\/svg>\n\t\t<\/button><\/figure>\n\n\n\n<figure data-wp-context=\"{&quot;imageId&quot;:&quot;69f26597ec4e6&quot;}\" data-wp-interactive=\"core\/image\" class=\"wp-block-image size-large wp-lightbox-container\"><img decoding=\"async\" width=\"1024\" height=\"717\" data-wp-class--hide=\"state.isContentHidden\" data-wp-class--show=\"state.isContentVisible\" data-wp-init=\"callbacks.setButtonStyles\" data-wp-on-async--click=\"actions.showLightbox\" data-wp-on-async--load=\"callbacks.setButtonStyles\" data-wp-on-async-window--resize=\"callbacks.setButtonStyles\" data-id=\"19086\" src=\"https:\/\/fundacionincipe.com\/wp-content\/uploads\/2024\/11\/DSC_0293-1024x717.jpg\" alt=\"\" class=\"wp-image-19086\" srcset=\"https:\/\/fundacionincipe.com\/wp-content\/uploads\/2024\/11\/DSC_0293-1024x717.jpg 1024w, https:\/\/fundacionincipe.com\/wp-content\/uploads\/2024\/11\/DSC_0293-300x210.jpg 300w, https:\/\/fundacionincipe.com\/wp-content\/uploads\/2024\/11\/DSC_0293-768x538.jpg 768w, https:\/\/fundacionincipe.com\/wp-content\/uploads\/2024\/11\/DSC_0293.jpg 1181w\" sizes=\"(max-width: 1024px) 100vw, 1024px\" \/><button\n\t\t\tclass=\"lightbox-trigger\"\n\t\t\ttype=\"button\"\n\t\t\taria-haspopup=\"dialog\"\n\t\t\taria-label=\"Ampliar la imagen\"\n\t\t\tdata-wp-init=\"callbacks.initTriggerButton\"\n\t\t\tdata-wp-on-async--click=\"actions.showLightbox\"\n\t\t\tdata-wp-style--right=\"state.imageButtonRight\"\n\t\t\tdata-wp-style--top=\"state.imageButtonTop\"\n\t\t>\n\t\t\t<svg xmlns=\"http:\/\/www.w3.org\/2000\/svg\" width=\"12\" height=\"12\" fill=\"none\" viewBox=\"0 0 12 12\">\n\t\t\t\t<path fill=\"#fff\" d=\"M2 0a2 2 0 0 0-2 2v2h1.5V2a.5.5 0 0 1 .5-.5h2V0H2Zm2 10.5H2a.5.5 0 0 1-.5-.5V8H0v2a2 2 0 0 0 2 2h2v-1.5ZM8 12v-1.5h2a.5.5 0 0 0 .5-.5V8H12v2a2 2 0 0 1-2 2H8Zm2-12a2 2 0 0 1 2 2v2h-1.5V2a.5.5 0 0 0-.5-.5H8V0h2Z\" \/>\n\t\t\t<\/svg>\n\t\t<\/button><\/figure>\n\n\n\n<figure data-wp-context=\"{&quot;imageId&quot;:&quot;69f26597ec90a&quot;}\" data-wp-interactive=\"core\/image\" class=\"wp-block-image size-large wp-lightbox-container\"><img decoding=\"async\" width=\"1024\" height=\"666\" data-wp-class--hide=\"state.isContentHidden\" data-wp-class--show=\"state.isContentVisible\" data-wp-init=\"callbacks.setButtonStyles\" data-wp-on-async--click=\"actions.showLightbox\" data-wp-on-async--load=\"callbacks.setButtonStyles\" data-wp-on-async-window--resize=\"callbacks.setButtonStyles\" data-id=\"19088\" src=\"https:\/\/fundacionincipe.com\/wp-content\/uploads\/2024\/11\/DSC_0312-1024x666.jpg\" alt=\"\" class=\"wp-image-19088\" srcset=\"https:\/\/fundacionincipe.com\/wp-content\/uploads\/2024\/11\/DSC_0312-1024x666.jpg 1024w, https:\/\/fundacionincipe.com\/wp-content\/uploads\/2024\/11\/DSC_0312-300x195.jpg 300w, https:\/\/fundacionincipe.com\/wp-content\/uploads\/2024\/11\/DSC_0312-768x499.jpg 768w, https:\/\/fundacionincipe.com\/wp-content\/uploads\/2024\/11\/DSC_0312.jpg 1181w\" sizes=\"(max-width: 1024px) 100vw, 1024px\" \/><button\n\t\t\tclass=\"lightbox-trigger\"\n\t\t\ttype=\"button\"\n\t\t\taria-haspopup=\"dialog\"\n\t\t\taria-label=\"Ampliar la imagen\"\n\t\t\tdata-wp-init=\"callbacks.initTriggerButton\"\n\t\t\tdata-wp-on-async--click=\"actions.showLightbox\"\n\t\t\tdata-wp-style--right=\"state.imageButtonRight\"\n\t\t\tdata-wp-style--top=\"state.imageButtonTop\"\n\t\t>\n\t\t\t<svg xmlns=\"http:\/\/www.w3.org\/2000\/svg\" width=\"12\" height=\"12\" fill=\"none\" viewBox=\"0 0 12 12\">\n\t\t\t\t<path fill=\"#fff\" d=\"M2 0a2 2 0 0 0-2 2v2h1.5V2a.5.5 0 0 1 .5-.5h2V0H2Zm2 10.5H2a.5.5 0 0 1-.5-.5V8H0v2a2 2 0 0 0 2 2h2v-1.5ZM8 12v-1.5h2a.5.5 0 0 0 .5-.5V8H12v2a2 2 0 0 1-2 2H8Zm2-12a2 2 0 0 1 2 2v2h-1.5V2a.5.5 0 0 0-.5-.5H8V0h2Z\" \/>\n\t\t\t<\/svg>\n\t\t<\/button><\/figure>\n<\/figure>\n","protected":false},"excerpt":{"rendered":"<p>Per\u00fa ha oscilado hist\u00f3ricamente entre periodos econ\u00f3micos dirigistas y periodos econ\u00f3micos m\u00e1s libres y orientados al libre comercio. Durante los a\u00f1os setenta el pa\u00eds se embarc\u00f3 en un proceso de [&hellip;]<\/p>\n","protected":false},"author":3,"featured_media":19086,"comment_status":"open","ping_status":"closed","sticky":false,"template":"","format":"standard","meta":{"_acf_changed":false,"footnotes":""},"categories":[8],"tags":[],"class_list":["post-19085","post","type-post","status-publish","format-standard","has-post-thumbnail","hentry","category-conferencias-y-seminarios"],"acf":[],"_links":{"self":[{"href":"https:\/\/fundacionincipe.com\/index.php\/wp-json\/wp\/v2\/posts\/19085","targetHints":{"allow":["GET"]}}],"collection":[{"href":"https:\/\/fundacionincipe.com\/index.php\/wp-json\/wp\/v2\/posts"}],"about":[{"href":"https:\/\/fundacionincipe.com\/index.php\/wp-json\/wp\/v2\/types\/post"}],"author":[{"embeddable":true,"href":"https:\/\/fundacionincipe.com\/index.php\/wp-json\/wp\/v2\/users\/3"}],"replies":[{"embeddable":true,"href":"https:\/\/fundacionincipe.com\/index.php\/wp-json\/wp\/v2\/comments?post=19085"}],"version-history":[{"count":1,"href":"https:\/\/fundacionincipe.com\/index.php\/wp-json\/wp\/v2\/posts\/19085\/revisions"}],"predecessor-version":[{"id":19089,"href":"https:\/\/fundacionincipe.com\/index.php\/wp-json\/wp\/v2\/posts\/19085\/revisions\/19089"}],"wp:featuredmedia":[{"embeddable":true,"href":"https:\/\/fundacionincipe.com\/index.php\/wp-json\/wp\/v2\/media\/19086"}],"wp:attachment":[{"href":"https:\/\/fundacionincipe.com\/index.php\/wp-json\/wp\/v2\/media?parent=19085"}],"wp:term":[{"taxonomy":"category","embeddable":true,"href":"https:\/\/fundacionincipe.com\/index.php\/wp-json\/wp\/v2\/categories?post=19085"},{"taxonomy":"post_tag","embeddable":true,"href":"https:\/\/fundacionincipe.com\/index.php\/wp-json\/wp\/v2\/tags?post=19085"}],"curies":[{"name":"wp","href":"https:\/\/api.w.org\/{rel}","templated":true}]}}