{"id":19074,"date":"2017-03-22T12:36:00","date_gmt":"2017-03-22T12:36:00","guid":{"rendered":"https:\/\/fundacionincipe.com\/?p=19074"},"modified":"2024-11-20T12:37:52","modified_gmt":"2024-11-20T12:37:52","slug":"the-future-of-the-eu-if-any-2","status":"publish","type":"post","link":"https:\/\/fundacionincipe.com\/index.php\/2017\/03\/22\/the-future-of-the-eu-if-any-2\/","title":{"rendered":"The Future of the EU (if any)?"},"content":{"rendered":"\n<p>La Uni\u00f3n Europea ha experimentado en las \u00faltimas d\u00e9cadas un crecimiento econ\u00f3mico muy grande, especialmente en los pa\u00edses que se encontraban bajo el \u00e1rea de influencia sovi\u00e9tica antes de la ca\u00edda del muro de Berl\u00edn. Para estos pa\u00edses, entre los cuales se incluye la Rep\u00fablica Checa y Eslovaquia, la Uni\u00f3n Europea ha representado un papel clave en el desarrollo de la regi\u00f3n, que se encontraba en un estado preocupante en el momento de la disoluci\u00f3n de la URSS.<\/p>\n\n\n\n<p>La UE no debe entenderse solo como una mera uni\u00f3n econ\u00f3mica. Jean Monnet, Robert Schumann y los dem\u00e1s padres fundadores siempre tuvieron en cuenta que se trataba de un <strong>proyecto pol\u00edtico en constante y permanente proceso de expansi\u00f3n y desarrollo<\/strong>. Por lo tanto, el camino m\u00e1s prudente a seguir, sin duda alguna, ser\u00e1 siempre el de fortalecer los lazos entre las distintas naciones europeas y fortalecer as\u00ed las posibilidades de futuro y de \u00e9xito de la Uni\u00f3n Europea.<\/p>\n\n\n\n<p>Otra de las caracter\u00edsticas de la Uni\u00f3n Europea es que est\u00e1 comprendida casi en su totalidad por pa\u00edses de <strong>car\u00e1cter continental y profundamente interconectado e interdependiente<\/strong>. Este es uno de los puntos en los que los brit\u00e1nicos son diferentes al encontrarse m\u00e1s aislados de la Europa continental. Este hecho es otro de los motivos de fuerza para arg\u00fcir que lo mejor para todos los pa\u00edses continentales es profundizar en su uni\u00f3n.<\/p>\n\n\n\n<p>Uno de los grandes desaf\u00edos que deber\u00e1 afrontar la Uni\u00f3n en un futuro cercano es el proyecto europeo de defensa. La defensa es una pol\u00edtica clave y en estos momentos en la UE no se dispone de una pol\u00edtica real de defensa com\u00fan y tampoco de una pol\u00edtica exterior com\u00fan. En este sentido, se deber\u00e1 reformar la Uni\u00f3n para afrontar con garant\u00eda los desaf\u00edos futuros que pudieran surgir en este \u00e1mbito tan importante para el conjunto de las naciones y ciudadanos europeos. La pol\u00edtica de defensa no debe considerarse desde el prisma del miedo a pa\u00edses extranjeros, sino desde la perspectiva de convertirse en un actor de importancia dentro de la pol\u00edtica internacional.<\/p>\n\n\n\n<p>En t\u00e9rminos de defensa, los pa\u00edses europeos han ido reduciendo de forma progresiva durante las \u00faltimas d\u00e9cadas sus presupuestos de defensa, amparados por la protecci\u00f3n de la OTAN, sin embargo tras el giro estadounidense hacia Asia, los pa\u00edses europeos deber\u00edan incrementar de forma efectiva sus defensas.<br>En definitiva, el problema principal de Europa es que se trata de una Uni\u00f3n burocratizada en la que nadie se ha atrevido a tomar ning\u00fan tipo de decisi\u00f3n importante en los \u00faltimos diez a\u00f1os.<\/p>\n\n\n\n<p>Para finalizar el encuentro se dio paso a un turno de intervenciones entre los asistentes donde se debatieron temas como el surgimiento de la extrema derecha populista en Europa y el futuro del proyecto Europeo, el Brexit y sus posibles consecuencias, las prioridades de los distintos pa\u00edses Europeos, la Europa de dos velocidades o problemas relacionados con los presupuestos hacia pol\u00edticas de defensa.<\/p>\n\n\n\n<p>Carlos Farr\u00e9<\/p>\n","protected":false},"excerpt":{"rendered":"<p>La Uni\u00f3n Europea ha experimentado en las \u00faltimas d\u00e9cadas un crecimiento econ\u00f3mico muy grande, especialmente en los pa\u00edses que se encontraban bajo el \u00e1rea de influencia sovi\u00e9tica antes de la [&hellip;]<\/p>\n","protected":false},"author":3,"featured_media":19075,"comment_status":"open","ping_status":"closed","sticky":false,"template":"","format":"standard","meta":{"_acf_changed":false,"footnotes":""},"categories":[8],"tags":[],"class_list":["post-19074","post","type-post","status-publish","format-standard","has-post-thumbnail","hentry","category-conferencias-y-seminarios"],"acf":[],"_links":{"self":[{"href":"https:\/\/fundacionincipe.com\/index.php\/wp-json\/wp\/v2\/posts\/19074","targetHints":{"allow":["GET"]}}],"collection":[{"href":"https:\/\/fundacionincipe.com\/index.php\/wp-json\/wp\/v2\/posts"}],"about":[{"href":"https:\/\/fundacionincipe.com\/index.php\/wp-json\/wp\/v2\/types\/post"}],"author":[{"embeddable":true,"href":"https:\/\/fundacionincipe.com\/index.php\/wp-json\/wp\/v2\/users\/3"}],"replies":[{"embeddable":true,"href":"https:\/\/fundacionincipe.com\/index.php\/wp-json\/wp\/v2\/comments?post=19074"}],"version-history":[{"count":1,"href":"https:\/\/fundacionincipe.com\/index.php\/wp-json\/wp\/v2\/posts\/19074\/revisions"}],"predecessor-version":[{"id":19076,"href":"https:\/\/fundacionincipe.com\/index.php\/wp-json\/wp\/v2\/posts\/19074\/revisions\/19076"}],"wp:featuredmedia":[{"embeddable":true,"href":"https:\/\/fundacionincipe.com\/index.php\/wp-json\/wp\/v2\/media\/19075"}],"wp:attachment":[{"href":"https:\/\/fundacionincipe.com\/index.php\/wp-json\/wp\/v2\/media?parent=19074"}],"wp:term":[{"taxonomy":"category","embeddable":true,"href":"https:\/\/fundacionincipe.com\/index.php\/wp-json\/wp\/v2\/categories?post=19074"},{"taxonomy":"post_tag","embeddable":true,"href":"https:\/\/fundacionincipe.com\/index.php\/wp-json\/wp\/v2\/tags?post=19074"}],"curies":[{"name":"wp","href":"https:\/\/api.w.org\/{rel}","templated":true}]}}