{"id":19071,"date":"2017-04-21T12:35:00","date_gmt":"2017-04-21T12:35:00","guid":{"rendered":"https:\/\/fundacionincipe.com\/?p=19071"},"modified":"2024-11-20T12:36:19","modified_gmt":"2024-11-20T12:36:19","slug":"la-perspectiva-de-genero-en-el-consejo-de-seguridad-de-las-naciones-unidas-2","status":"publish","type":"post","link":"https:\/\/fundacionincipe.com\/index.php\/2017\/04\/21\/la-perspectiva-de-genero-en-el-consejo-de-seguridad-de-las-naciones-unidas-2\/","title":{"rendered":"La perspectiva de g\u00e9nero en el Consejo de Seguridad de las Naciones Unidas"},"content":{"rendered":"\n<p>El encuentro tuvo como tema principal la aplicaci\u00f3n de las resoluciones del Consejo de Seguridad de Naciones Unidas en referencia a la agenda Mujeres Paz y Seguridad, y m\u00e1s concretamente la adopci\u00f3n de la \u00faltima Resoluci\u00f3n 2242 bajo la Presidencia espa\u00f1ola del Consejo de Seguridad.<\/p>\n\n\n\n<p>En <strong>2015 se celebr\u00f3 el 15\u00ba aniversario de la adopci\u00f3n de la Resoluci\u00f3n 1325 <\/strong>(2000) en la cu\u00e1l se integraban por primera vez las cuestiones fundamentales sobre la integraci\u00f3n de la mujeres en los procesos de construcci\u00f3n y consolidaci\u00f3n de la paz y su protecci\u00f3n frente a la violencia sexual ejercida en zonas de conflicto. En ese marco, en 2015 el Consejo de Seguridad abr\u00eda el debate sobre la necesidad de una actualizaci\u00f3n de la norma. Si bien se reconoc\u00eda un completo marco normativo realizado por el Consejo, se evidenciaba la <strong>necesidad de una mejor aplicaci\u00f3n pr\u00e1ctica del mismo<\/strong>, en el que se reflejase el impacto de la eficacia y la sostenibilidad de los esfuerzos realizados en ello.<\/p>\n\n\n\n<p>Bajo la Presidencia de Espa\u00f1a del Consejo de Seguridad la agenda Mujeres Paz y Seguridad fue fijada como uno de los objetivos prioritarios a seguir. En sus esfuerzos por lograr un mayor impacto en lo que a la participaci\u00f3n de la mujer en los procesos de mediaci\u00f3n y en la erradicaci\u00f3n de la violencia sexual se refiere, Espa\u00f1a asumi\u00f3 dos compromisos o l\u00edneas de acci\u00f3n a seguir:<\/p>\n\n\n\n<p>Se comprometi\u00f3 por un lado a <strong>actualizar el Plan de Acci\u00f3n Nacional elaborado en 2007<\/strong>, en el que se revisaban los indicadores necesarios para la cuantificaci\u00f3n de los resultados y se le otorgaba una mayor integraci\u00f3n de la sociedad civil, actor fundamental en la lucha por el empoderamiento de la mujer. En la actualidad, el nuevo Plan de Acci\u00f3n se encuentra en la \u00faltima fase de redacci\u00f3n.<\/p>\n\n\n\n<p>Otras de las acciones se han centrado en la promoci\u00f3n del <strong>establecimiento de una red de puntos de contacto<\/strong>. Mediante este proyecto se le da asistencia tanto a los Estados como a las organizaciones regionales en la aplicaci\u00f3n de la norma, creando un marco informal que facilita el intercambio de buenas pr\u00e1cticas. Resulta necesario facilitar la labor de las organizaciones regionales, actor con una fuerte influencia en la puesta en pr\u00e1ctica de dichas acciones.<\/p>\n\n\n\n<p>Para finalizar el acto, se dio paso a un turno de preguntas en donde los asistentes debatieron temas como la aplicaci\u00f3n de dichas medidas en pa\u00edses en los que no se ha elaborado todav\u00eda un Plan de Acci\u00f3n Nacional, la calidad de dichos planes la posibilidad de aplicar dichas pr\u00e1cticas al \u00e1mbito interno de los pa\u00edses o la necesidad de elaborar una regulaci\u00f3n que elimine la impunidad con la que se ejerce la violencia sexual en zonas en conflicto.<\/p>\n\n\n\n<p>Helena Arrizabalaga<\/p>\n","protected":false},"excerpt":{"rendered":"<p>El encuentro tuvo como tema principal la aplicaci\u00f3n de las resoluciones del Consejo de Seguridad de Naciones Unidas en referencia a la agenda Mujeres Paz y Seguridad, y m\u00e1s concretamente [&hellip;]<\/p>\n","protected":false},"author":3,"featured_media":19072,"comment_status":"open","ping_status":"closed","sticky":false,"template":"","format":"standard","meta":{"_acf_changed":false,"footnotes":""},"categories":[8],"tags":[],"class_list":["post-19071","post","type-post","status-publish","format-standard","has-post-thumbnail","hentry","category-conferencias-y-seminarios"],"acf":[],"_links":{"self":[{"href":"https:\/\/fundacionincipe.com\/index.php\/wp-json\/wp\/v2\/posts\/19071","targetHints":{"allow":["GET"]}}],"collection":[{"href":"https:\/\/fundacionincipe.com\/index.php\/wp-json\/wp\/v2\/posts"}],"about":[{"href":"https:\/\/fundacionincipe.com\/index.php\/wp-json\/wp\/v2\/types\/post"}],"author":[{"embeddable":true,"href":"https:\/\/fundacionincipe.com\/index.php\/wp-json\/wp\/v2\/users\/3"}],"replies":[{"embeddable":true,"href":"https:\/\/fundacionincipe.com\/index.php\/wp-json\/wp\/v2\/comments?post=19071"}],"version-history":[{"count":1,"href":"https:\/\/fundacionincipe.com\/index.php\/wp-json\/wp\/v2\/posts\/19071\/revisions"}],"predecessor-version":[{"id":19073,"href":"https:\/\/fundacionincipe.com\/index.php\/wp-json\/wp\/v2\/posts\/19071\/revisions\/19073"}],"wp:featuredmedia":[{"embeddable":true,"href":"https:\/\/fundacionincipe.com\/index.php\/wp-json\/wp\/v2\/media\/19072"}],"wp:attachment":[{"href":"https:\/\/fundacionincipe.com\/index.php\/wp-json\/wp\/v2\/media?parent=19071"}],"wp:term":[{"taxonomy":"category","embeddable":true,"href":"https:\/\/fundacionincipe.com\/index.php\/wp-json\/wp\/v2\/categories?post=19071"},{"taxonomy":"post_tag","embeddable":true,"href":"https:\/\/fundacionincipe.com\/index.php\/wp-json\/wp\/v2\/tags?post=19071"}],"curies":[{"name":"wp","href":"https:\/\/api.w.org\/{rel}","templated":true}]}}