{"id":19065,"date":"2017-05-24T12:30:00","date_gmt":"2017-05-24T12:30:00","guid":{"rendered":"https:\/\/fundacionincipe.com\/?p=19065"},"modified":"2024-11-20T12:32:42","modified_gmt":"2024-11-20T12:32:42","slug":"u-s-and-european-public-opinion-toward-globalization-political-change-and-transatlantic-relations-2","status":"publish","type":"post","link":"https:\/\/fundacionincipe.com\/index.php\/2017\/05\/24\/u-s-and-european-public-opinion-toward-globalization-political-change-and-transatlantic-relations-2\/","title":{"rendered":"U.S. and European Public Opinion toward Globalization, Political Change and Transatlantic Relations"},"content":{"rendered":"\n<p>El encuentro tuvo como tema principal el an\u00e1lisis de la opini\u00f3n p\u00fablica de Estados Unidos y la Uni\u00f3n Europea sobre temas de gran relevancia&nbsp; como los efectos de la globalizaci\u00f3n o los cambios pol\u00edticos que se est\u00e1n producido en el mundo actual.<\/p>\n\n\n\n<p>Si bien la opini\u00f3n p\u00fablica no tiene la capacidad de tomar decisiones pol\u00edticas es evidente la influencia que \u00e9sta tiene a la hora de provocar cambios en los responsables de las mismas. Puede decirse que hoy en d\u00eda, gracias a la rapidez con la que se difunden los mensajes por los medios de comunicaci\u00f3n, \u00e9sta es m\u00e1s influyente que nunca. Por ello, los estudios realizados por el Pew Reseach Center han intentado dar con los factores que m\u00e1s preocupan a la poblaci\u00f3n estadounidense y europea actual.<\/p>\n\n\n\n<p>Uno de los elementos m\u00e1s destacables es el miedo a sufrir un da\u00f1o f\u00edsico, es decir, \u00a0<strong>el miedo al terrorismo yihadista es uno de las cuestiones que m\u00e1s preocupa a la sociedad occidenta<\/strong>l.\u00a0 Si bien la percepci\u00f3n de poder sufrir un ataque supera a la amenaza real, \u00e9sta afecta en la forma en la que dichos ciudadanos valoran cuestiones como la llegada de refugiados o inmigrante, ampliando su escepticismo a aspectos como el posible impacto negativo en sus econom\u00edas. \u00a0Tanto en Europa como en Estados Unidos, los partidos de la derecha se han mostrado mucho m\u00e1s preocupados por este tema, como se ha podido ver en los procesos electorales de diversos pa\u00edses como Reino Unido, Francia, Holanda o Estados Unidos. Esta es una de las cuestiones que han provocado que\u00a0 la sociedad occidental tenga una visi\u00f3n muy negativa del futuro, como queda reflejado en diferentes encuestas, en las que \u00a06 de cada 10 ciudadanos consideran que las nuevas generaciones\u00a0 tendr\u00e1n que vivir una vida peor que sus antecesores.<\/p>\n\n\n\n<p>Otro de los factores a tener en cuenta es la falta de confianza en las instituciones y en el propio gobierno. Si en la d\u00e9cada de 1990 dos tercios de la poblaci\u00f3n americana mostraba amplia confianza para con sus dirigentes, en la actualidad <strong>tan s\u00f3lo un tercio afirma sentir confianza en el gobierno<\/strong>. Las divisiones pol\u00edticas reflejan divisiones culturales y finalmente, todo queda resumido en una mayor polarizaci\u00f3n de la sociedad, convirti\u00e9ndose \u00e9ste, en uno de los problemas de mayor envergadura en la sociedad estadounidense actual. Del mismo modo, si bien los estudios realizados por Pew Research Center no muestran que Europa padezca el mismo fen\u00f3meno, si tiene evidencias de lo esc\u00e9ptica que se ha vuelto su ciudadan\u00eda frente a temas como el control de fronteras o las pol\u00edticas de asilo.<\/p>\n\n\n\n<p>En definitiva, la sociedad occidental en general, comienza a cerrar puertas y&nbsp; mirar hacia dentro, convirtiendo el <em>America first<\/em> en cosa de todos.<\/p>\n\n\n\n<p>El acto finaliz\u00f3 con un turno de preguntas donde los asistentes trataron temas como los riesgos en seguridad que acarrea el desarrollo de la tecnolog\u00eda, las causas por las que las segundas generaciones de inmigrantes cometen actos de terrorismo, la visi\u00f3n de los j\u00f3venes estadounidenses sobre la Uni\u00f3n Europea o la posibilidad de una mayor polarizaci\u00f3n de la sociedad estadounidense.<\/p>\n\n\n\n<p>Helena Arrizabalaga<\/p>\n","protected":false},"excerpt":{"rendered":"<p>El encuentro tuvo como tema principal el an\u00e1lisis de la opini\u00f3n p\u00fablica de Estados Unidos y la Uni\u00f3n Europea sobre temas de gran relevancia&nbsp; como los efectos de la globalizaci\u00f3n [&hellip;]<\/p>\n","protected":false},"author":3,"featured_media":19066,"comment_status":"open","ping_status":"closed","sticky":false,"template":"","format":"standard","meta":{"_acf_changed":false,"footnotes":""},"categories":[8],"tags":[],"class_list":["post-19065","post","type-post","status-publish","format-standard","has-post-thumbnail","hentry","category-conferencias-y-seminarios"],"acf":[],"_links":{"self":[{"href":"https:\/\/fundacionincipe.com\/index.php\/wp-json\/wp\/v2\/posts\/19065","targetHints":{"allow":["GET"]}}],"collection":[{"href":"https:\/\/fundacionincipe.com\/index.php\/wp-json\/wp\/v2\/posts"}],"about":[{"href":"https:\/\/fundacionincipe.com\/index.php\/wp-json\/wp\/v2\/types\/post"}],"author":[{"embeddable":true,"href":"https:\/\/fundacionincipe.com\/index.php\/wp-json\/wp\/v2\/users\/3"}],"replies":[{"embeddable":true,"href":"https:\/\/fundacionincipe.com\/index.php\/wp-json\/wp\/v2\/comments?post=19065"}],"version-history":[{"count":1,"href":"https:\/\/fundacionincipe.com\/index.php\/wp-json\/wp\/v2\/posts\/19065\/revisions"}],"predecessor-version":[{"id":19067,"href":"https:\/\/fundacionincipe.com\/index.php\/wp-json\/wp\/v2\/posts\/19065\/revisions\/19067"}],"wp:featuredmedia":[{"embeddable":true,"href":"https:\/\/fundacionincipe.com\/index.php\/wp-json\/wp\/v2\/media\/19066"}],"wp:attachment":[{"href":"https:\/\/fundacionincipe.com\/index.php\/wp-json\/wp\/v2\/media?parent=19065"}],"wp:term":[{"taxonomy":"category","embeddable":true,"href":"https:\/\/fundacionincipe.com\/index.php\/wp-json\/wp\/v2\/categories?post=19065"},{"taxonomy":"post_tag","embeddable":true,"href":"https:\/\/fundacionincipe.com\/index.php\/wp-json\/wp\/v2\/tags?post=19065"}],"curies":[{"name":"wp","href":"https:\/\/api.w.org\/{rel}","templated":true}]}}