{"id":19059,"date":"2017-06-08T12:26:00","date_gmt":"2017-06-08T12:26:00","guid":{"rendered":"https:\/\/fundacionincipe.com\/?p=19059"},"modified":"2024-11-20T12:27:51","modified_gmt":"2024-11-20T12:27:51","slug":"the-sahel-today-challenges-and-opportunities-2","status":"publish","type":"post","link":"https:\/\/fundacionincipe.com\/index.php\/2017\/06\/08\/the-sahel-today-challenges-and-opportunities-2\/","title":{"rendered":"The Sahel today: challenges and opportunities"},"content":{"rendered":"\n<p>Durante el encuentro se trataron los principales problemas que afronta el Sahel, as\u00ed como se abordaron sus posibles soluciones. El prop\u00f3sito central era enfatizar en los resultados positivos, sin dejar de reconocer aquellos aspectos negativos que afectan a la regi\u00f3n.<\/p>\n\n\n\n<p>Las estad\u00edsticas indican que Burkina Faso, Mal\u00ed y N\u00edger se situan entre los veinte actores agr\u00edcolas m\u00e1s importantes del mundo, pese a que gran parte de la poblaci\u00f3n desconoce este hecho. La OECD ofrece estad\u00edsticas que cambian la arraigada percepci\u00f3n de que \u00c1frica Occidental es una regi\u00f3n inestable, <strong>hay que tener tambi\u00e9n en cuenta sus oportunidades de crecimiento en lugar de solamente percivir sus defectos<\/strong>. Para promover este crecimiento, hay que abordar los principales&nbsp;desaf\u00edos para el desarrollo que incluyen: demograf\u00eda, urbanizaci\u00f3n, migraci\u00f3n y cambio clim\u00e1tico y conflictos.<\/p>\n\n\n\n<p>El desaf\u00edo demogr\u00e1fico en \u00c1frica Occidental est\u00e1 relacionado intr\u00ednsecamente con el alto \u00edndice de natalidad. En los pa\u00edses donde se han favorecido reformas, como en Argelia, el mapa demogr\u00e1fico muestra una fuerte disminuci\u00f3n del n\u00famero de hijos por madre en los \u00faltimos a\u00f1os. Por otra parte, en los pa\u00edses donde no se han implementado reformas demogr\u00e1ficas, como Mal\u00ed y N\u00edger, la proporci\u00f3n de hijos por madre no ha disminuido. En los pa\u00edses donde no hay reformas, las estad\u00edsticas muestran una correlaci\u00f3n entre madres con gran cantidad de ni\u00f1os y una baja tasa de alfabetizaci\u00f3n, como resultado de matrimonios. Estos datos indican que en gran medida<strong> la pobreza en la regi\u00f3n puede verse disminuida si se implementan reformas demogr\u00e1ficas<\/strong>, siguiendo de nuevo el ejemplo argelino. Los pa\u00edses con menor \u00edndice de natalidad cuentan con mayor tasa de alfabetizaci\u00f3n y m\u00e1s oportunidades de \u00e9xito.<\/p>\n\n\n\n<p>Otra importante cuesti\u00f3n a la que enfrenta el Sahel es la\u00a0 urbanizaci\u00f3n. En los \u00faltimos 50 a\u00f1os, el n\u00famero de ciudades con al menos 10.000 habitantes ha aumentado enormemente. Cuanta m\u00e1s poblaci\u00f3n se traslada a la ciudad m\u00e1s mercados de alimentos se crean dentro de estas para abastecerlas, pero con los productores tan lejanos, es dif\u00edcil para ellos acceder al mercado y abastecer a los consumidores. Una inversi\u00f3n en infraestructuras, como nuevas carreteras que conectasen zonas rurales con la ciudad, les permitir\u00edan acceder a los n\u00facleos de poblaci\u00f3n de forma m\u00e1s eficiente y proveer m\u00e1s estabilidad alimentaria en la regi\u00f3n.<\/p>\n\n\n\n<p>Respecto a la cuesti\u00f3n migratoria, las estad\u00edsticas se\u00f1alan que los africanos occidentales emigran m\u00e1s frecuentemente a otros pa\u00edses del Sahel que a Europa. Por lo tanto, <strong>la movilidad transfronteriza es clave para el desarrollo y la estabilidad<\/strong>. Facilitar la libre circulaci\u00f3n dentro de los estados de \u00c1frica Occidental podr\u00eda ayudar a promover el desarrollo econ\u00f3mico y mejorar las relaciones dentro de las naciones.<\/p>\n\n\n\n<p>Respecto a los desaf\u00edos del cambio clim\u00e1tico y los conflictos armados giran en torno a la inestabilidad de la regi\u00f3n. El Sahel est\u00e1 ubicado en una zona clim\u00e1tica relativamente impredecible. Esto hace complicado predecir la cantidad de lluvia que caer\u00e1 en los pr\u00f3ximos a\u00f1os, afectando a las cosechas y a la ganader\u00eda. Es fundamental que los estados trabajen juntos y planifiquen las consecuencias. Por \u00faltimo, las organizaciones terroristas representan una amenaza constante para los pa\u00edses de \u00c1frica Occidental. Las estad\u00edsticas muestran una <strong>correlaci\u00f3n entre las regiones con falta de seguridad y aquellas\u00a0 que sufren crisis alimentaria<\/strong>. Adem\u00e1s, muchos de los que se han unido a organizaciones terroristas se\u00f1alan que su principal motivaci\u00f3n es garantizar su seguridad. Si los gobiernos estatales son capaces de recuperar su poder y proporcionar m\u00e1s protecci\u00f3n a su pueblo, tanto la seguridad como la inestabilidad alimentaria podr\u00edan mejorarse en gran medida.<\/p>\n\n\n\n<p>Sophia Scearce<\/p>\n\n\n\n<p><\/p>\n","protected":false},"excerpt":{"rendered":"<p>Durante el encuentro se trataron los principales problemas que afronta el Sahel, as\u00ed como se abordaron sus posibles soluciones. El prop\u00f3sito central era enfatizar en los resultados positivos, sin dejar [&hellip;]<\/p>\n","protected":false},"author":3,"featured_media":19060,"comment_status":"open","ping_status":"closed","sticky":false,"template":"","format":"standard","meta":{"_acf_changed":false,"footnotes":""},"categories":[8],"tags":[],"class_list":["post-19059","post","type-post","status-publish","format-standard","has-post-thumbnail","hentry","category-conferencias-y-seminarios"],"acf":[],"_links":{"self":[{"href":"https:\/\/fundacionincipe.com\/index.php\/wp-json\/wp\/v2\/posts\/19059","targetHints":{"allow":["GET"]}}],"collection":[{"href":"https:\/\/fundacionincipe.com\/index.php\/wp-json\/wp\/v2\/posts"}],"about":[{"href":"https:\/\/fundacionincipe.com\/index.php\/wp-json\/wp\/v2\/types\/post"}],"author":[{"embeddable":true,"href":"https:\/\/fundacionincipe.com\/index.php\/wp-json\/wp\/v2\/users\/3"}],"replies":[{"embeddable":true,"href":"https:\/\/fundacionincipe.com\/index.php\/wp-json\/wp\/v2\/comments?post=19059"}],"version-history":[{"count":1,"href":"https:\/\/fundacionincipe.com\/index.php\/wp-json\/wp\/v2\/posts\/19059\/revisions"}],"predecessor-version":[{"id":19061,"href":"https:\/\/fundacionincipe.com\/index.php\/wp-json\/wp\/v2\/posts\/19059\/revisions\/19061"}],"wp:featuredmedia":[{"embeddable":true,"href":"https:\/\/fundacionincipe.com\/index.php\/wp-json\/wp\/v2\/media\/19060"}],"wp:attachment":[{"href":"https:\/\/fundacionincipe.com\/index.php\/wp-json\/wp\/v2\/media?parent=19059"}],"wp:term":[{"taxonomy":"category","embeddable":true,"href":"https:\/\/fundacionincipe.com\/index.php\/wp-json\/wp\/v2\/categories?post=19059"},{"taxonomy":"post_tag","embeddable":true,"href":"https:\/\/fundacionincipe.com\/index.php\/wp-json\/wp\/v2\/tags?post=19059"}],"curies":[{"name":"wp","href":"https:\/\/api.w.org\/{rel}","templated":true}]}}