{"id":19050,"date":"2017-06-13T12:21:00","date_gmt":"2017-06-13T12:21:00","guid":{"rendered":"https:\/\/fundacionincipe.com\/?p=19050"},"modified":"2024-11-20T12:23:30","modified_gmt":"2024-11-20T12:23:30","slug":"la-ue-y-el-reto-de-la-seguridad-2","status":"publish","type":"post","link":"https:\/\/fundacionincipe.com\/index.php\/2017\/06\/13\/la-ue-y-el-reto-de-la-seguridad-2\/","title":{"rendered":"La UE y el reto de la Seguridad"},"content":{"rendered":"\n<p><div id=\"container\"><div id=\"content\"><div class=\"article\"><div class=\"post-5263 post type-post status-publish format-standard has-post-thumbnail hentry category-desayunos-de-trabajo\" id=\"post-5263\"><p>La Uni\u00f3n Europea ha puesto en pr\u00e1ctica una amplia cantidad de  acciones para resolver la crisis de seguridad que incurren fuera de sus  fronteras. Se ha creado legislaci\u00f3n para apoyar a a dichos pa\u00edses y  adem\u00e1s, se han implementado pol\u00edticas destinadas a catalizar las  situaciones de inseguridad en estos pa\u00edses. A su vez, la UE ha  identificado e implementado proyectos y materia de seguridad. Se  diferencian de otras organizaciones por su <em>lema personal<\/em>, fruto  de intentar acciones m\u00e1s all\u00e1 del resolver el problema de seguridad,  pretendiendo aprender, adem\u00e1s de proporcionar ayuda.<\/p><p>Para identificar y crear legislaci\u00f3n y proyectos desarrollo es necesario a <strong>entender la interdependencia entre el desarrollo y la seguridad<\/strong>.  Grupos radicales, gobiernos corruptos, conflictos \u00e9tnicos, etc. son  fuentes de desestabilizaci\u00f3n para los estados e impide el desarrollo y  la mejora del pa\u00eds. La falta de gobierno es la raz\u00f3n de la falta de  seguridad. Por esa raz\u00f3n, la UE trabaja activamente en algunos pa\u00edses  para contrarrestar un gobierno inestable.<\/p><p>Como ejemplo, cabe destacar que en Afganist\u00e1n, se ha invertido m\u00e1s  all\u00e1 de 1.600 millones euros para ayudar, entre otras, en las campa\u00f1as  contra el terrorismo. Su meta es crear <strong>oportunidades pac\u00edficas para la seguridad<\/strong>.  Sin embargo, resulta fundamental trabajar conjuntamente con las fuerzas  armadas de estos pa\u00edses con el objetivo de crear un ambiente seguro  para los ciudadanos. Adem\u00e1s de en Afganist\u00e1n, la UE ha colaborado con  oficiales de \u00c1frica Occidental para asegurar las fronteras y crear  pol\u00edtica que apoya el desarrollo progresivo en los pa\u00edses del Sahel. <\/p><\/div><\/div><\/div><\/div> Sophia Scearce<\/p>\n\n\n\n<p><\/p>\n","protected":false},"excerpt":{"rendered":"<p>La Uni\u00f3n Europea ha puesto en pr\u00e1ctica una amplia cantidad de acciones para resolver la crisis de seguridad que incurren fuera de sus fronteras. Se ha creado legislaci\u00f3n para apoyar [&hellip;]<\/p>\n","protected":false},"author":3,"featured_media":19051,"comment_status":"open","ping_status":"closed","sticky":false,"template":"","format":"standard","meta":{"_acf_changed":false,"footnotes":""},"categories":[8],"tags":[],"class_list":["post-19050","post","type-post","status-publish","format-standard","has-post-thumbnail","hentry","category-conferencias-y-seminarios"],"acf":[],"_links":{"self":[{"href":"https:\/\/fundacionincipe.com\/index.php\/wp-json\/wp\/v2\/posts\/19050","targetHints":{"allow":["GET"]}}],"collection":[{"href":"https:\/\/fundacionincipe.com\/index.php\/wp-json\/wp\/v2\/posts"}],"about":[{"href":"https:\/\/fundacionincipe.com\/index.php\/wp-json\/wp\/v2\/types\/post"}],"author":[{"embeddable":true,"href":"https:\/\/fundacionincipe.com\/index.php\/wp-json\/wp\/v2\/users\/3"}],"replies":[{"embeddable":true,"href":"https:\/\/fundacionincipe.com\/index.php\/wp-json\/wp\/v2\/comments?post=19050"}],"version-history":[{"count":1,"href":"https:\/\/fundacionincipe.com\/index.php\/wp-json\/wp\/v2\/posts\/19050\/revisions"}],"predecessor-version":[{"id":19052,"href":"https:\/\/fundacionincipe.com\/index.php\/wp-json\/wp\/v2\/posts\/19050\/revisions\/19052"}],"wp:featuredmedia":[{"embeddable":true,"href":"https:\/\/fundacionincipe.com\/index.php\/wp-json\/wp\/v2\/media\/19051"}],"wp:attachment":[{"href":"https:\/\/fundacionincipe.com\/index.php\/wp-json\/wp\/v2\/media?parent=19050"}],"wp:term":[{"taxonomy":"category","embeddable":true,"href":"https:\/\/fundacionincipe.com\/index.php\/wp-json\/wp\/v2\/categories?post=19050"},{"taxonomy":"post_tag","embeddable":true,"href":"https:\/\/fundacionincipe.com\/index.php\/wp-json\/wp\/v2\/tags?post=19050"}],"curies":[{"name":"wp","href":"https:\/\/api.w.org\/{rel}","templated":true}]}}