{"id":19045,"date":"2017-06-23T12:17:00","date_gmt":"2017-06-23T12:17:00","guid":{"rendered":"https:\/\/fundacionincipe.com\/?p=19045"},"modified":"2024-11-20T12:20:57","modified_gmt":"2024-11-20T12:20:57","slug":"politica-de-la-ue-hacia-el-sahel-2","status":"publish","type":"post","link":"https:\/\/fundacionincipe.com\/index.php\/2017\/06\/23\/politica-de-la-ue-hacia-el-sahel-2\/","title":{"rendered":"Pol\u00edtica de la UE hacia el Sahel"},"content":{"rendered":"\n<p><p>Comprender la situaci\u00f3n actual del Sahel requiere, en primer lugar, un conocimiento profundo de la regi\u00f3n. Este territorio abarca doce pa\u00edses con caracter\u00edsticas geogr\u00e1ficas similares que enfrentan m\u00faltiples crisis, especialmente en Libia, Mal\u00ed y el norte de Nigeria. Estas problem\u00e1ticas subrayan que el principal desaf\u00edo en la regi\u00f3n es, sin duda, la seguridad.<\/p><p>Diversos factores contribuyen a la inseguridad en el Sahel: gobiernos d\u00e9biles o corruptos, tr\u00e1fico il\u00edcito, grupos radicales armados y desaf\u00edos relacionados con el desarrollo y el cambio clim\u00e1tico. En particular, el aumento de las temperaturas ha provocado graves consecuencias para la vegetaci\u00f3n y los cultivos, amenazando la subsistencia de miles de familias. La falta de preparaci\u00f3n frente al cambio clim\u00e1tico podr\u00eda exacerbar a\u00fan m\u00e1s la inestabilidad, el hambre y la pobreza en la regi\u00f3n.<\/p><p>Otro aspecto crucial son los retos demogr\u00e1ficos y las crisis humanitarias. En pa\u00edses como N\u00edger, donde la tasa de natalidad supera los 8 hijos por mujer, resulta insostenible mantener un estado de bienestar que responda a las necesidades de la poblaci\u00f3n creciente. Este desaf\u00edo se suma a una ya compleja situaci\u00f3n socioecon\u00f3mica y pol\u00edtica.<\/p><p>Para abordar estas crisis es indispensable entender la interrelaci\u00f3n entre desarrollo y seguridad. Ning\u00fan pa\u00eds puede avanzar sin un entorno seguro garantizado por el Estado. En este sentido, la Uni\u00f3n Europea desempe\u00f1a un papel esencial proporcionando apoyo financiero y fortaleciendo las capacidades locales. Entre 2014 y 2020, la UE habr\u00e1 destinado cerca de 3.500 millones de euros para iniciativas en la regi\u00f3n, como el refuerzo de infraestructuras y la formaci\u00f3n de personal militar. Sumado al apoyo individual de los pa\u00edses miembros, esta cifra alcanza los 8.000 millones de euros, subrayando el compromiso europeo con la estabilidad del Sahel.<\/p><p>Adem\u00e1s, la gesti\u00f3n de las fronteras es un componente clave para enfrentar los desaf\u00edos del Sahel. La mayor parte de la migraci\u00f3n en la regi\u00f3n ocurre entre los propios pa\u00edses, y entender estos flujos resulta fundamental. Tres fronteras cr\u00edticas demandan especial atenci\u00f3n: la occidental, entre Mal\u00ed y Mauritania; la central, entre Mal\u00ed, N\u00edger y Burkina Faso; y la oriental, entre N\u00edger y Chad. Garantizar el control y la seguridad en estas \u00e1reas es un paso esencial para estabilizar la regi\u00f3n y afrontar las crisis actuales.<\/p><p>La seguridad, el desarrollo y la cooperaci\u00f3n internacional son pilares imprescindibles para abordar los retos del Sahel y avanzar hacia un futuro m\u00e1s estable y pr\u00f3spero.<\/p><\/p>\n\n\n\n<p>Sophia Scearce<\/p>\n\n\n\n<figure class=\"wp-block-gallery has-nested-images columns-default is-cropped wp-block-gallery-1 is-layout-flex wp-block-gallery-is-layout-flex\">\n<figure data-wp-context=\"{&quot;imageId&quot;:&quot;69f27d9b92267&quot;}\" data-wp-interactive=\"core\/image\" class=\"wp-block-image size-large wp-lightbox-container\"><img fetchpriority=\"high\" decoding=\"async\" width=\"1024\" height=\"768\" data-wp-class--hide=\"state.isContentHidden\" data-wp-class--show=\"state.isContentVisible\" data-wp-init=\"callbacks.setButtonStyles\" data-wp-on-async--click=\"actions.showLightbox\" data-wp-on-async--load=\"callbacks.setButtonStyles\" data-wp-on-async-window--resize=\"callbacks.setButtonStyles\" data-id=\"19046\" src=\"https:\/\/fundacionincipe.com\/wp-content\/uploads\/2024\/11\/DSC_2695-1024x768.jpg\" alt=\"\" class=\"wp-image-19046\" srcset=\"https:\/\/fundacionincipe.com\/wp-content\/uploads\/2024\/11\/DSC_2695-1024x768.jpg 1024w, https:\/\/fundacionincipe.com\/wp-content\/uploads\/2024\/11\/DSC_2695-300x225.jpg 300w, https:\/\/fundacionincipe.com\/wp-content\/uploads\/2024\/11\/DSC_2695-768x576.jpg 768w, https:\/\/fundacionincipe.com\/wp-content\/uploads\/2024\/11\/DSC_2695.jpg 1104w\" sizes=\"(max-width: 1024px) 100vw, 1024px\" \/><button\n\t\t\tclass=\"lightbox-trigger\"\n\t\t\ttype=\"button\"\n\t\t\taria-haspopup=\"dialog\"\n\t\t\taria-label=\"Ampliar la imagen\"\n\t\t\tdata-wp-init=\"callbacks.initTriggerButton\"\n\t\t\tdata-wp-on-async--click=\"actions.showLightbox\"\n\t\t\tdata-wp-style--right=\"state.imageButtonRight\"\n\t\t\tdata-wp-style--top=\"state.imageButtonTop\"\n\t\t>\n\t\t\t<svg xmlns=\"http:\/\/www.w3.org\/2000\/svg\" width=\"12\" height=\"12\" fill=\"none\" viewBox=\"0 0 12 12\">\n\t\t\t\t<path fill=\"#fff\" d=\"M2 0a2 2 0 0 0-2 2v2h1.5V2a.5.5 0 0 1 .5-.5h2V0H2Zm2 10.5H2a.5.5 0 0 1-.5-.5V8H0v2a2 2 0 0 0 2 2h2v-1.5ZM8 12v-1.5h2a.5.5 0 0 0 .5-.5V8H12v2a2 2 0 0 1-2 2H8Zm2-12a2 2 0 0 1 2 2v2h-1.5V2a.5.5 0 0 0-.5-.5H8V0h2Z\" \/>\n\t\t\t<\/svg>\n\t\t<\/button><\/figure>\n\n\n\n<figure data-wp-context=\"{&quot;imageId&quot;:&quot;69f27d9b92722&quot;}\" data-wp-interactive=\"core\/image\" class=\"wp-block-image size-large wp-lightbox-container\"><img decoding=\"async\" width=\"1024\" height=\"768\" data-wp-class--hide=\"state.isContentHidden\" data-wp-class--show=\"state.isContentVisible\" data-wp-init=\"callbacks.setButtonStyles\" data-wp-on-async--click=\"actions.showLightbox\" data-wp-on-async--load=\"callbacks.setButtonStyles\" data-wp-on-async-window--resize=\"callbacks.setButtonStyles\" data-id=\"19048\" src=\"https:\/\/fundacionincipe.com\/wp-content\/uploads\/2024\/11\/DSC_2690-1024x768.jpg\" alt=\"\" class=\"wp-image-19048\" srcset=\"https:\/\/fundacionincipe.com\/wp-content\/uploads\/2024\/11\/DSC_2690-1024x768.jpg 1024w, https:\/\/fundacionincipe.com\/wp-content\/uploads\/2024\/11\/DSC_2690-300x225.jpg 300w, https:\/\/fundacionincipe.com\/wp-content\/uploads\/2024\/11\/DSC_2690-768x576.jpg 768w, https:\/\/fundacionincipe.com\/wp-content\/uploads\/2024\/11\/DSC_2690.jpg 1104w\" sizes=\"(max-width: 1024px) 100vw, 1024px\" \/><button\n\t\t\tclass=\"lightbox-trigger\"\n\t\t\ttype=\"button\"\n\t\t\taria-haspopup=\"dialog\"\n\t\t\taria-label=\"Ampliar la imagen\"\n\t\t\tdata-wp-init=\"callbacks.initTriggerButton\"\n\t\t\tdata-wp-on-async--click=\"actions.showLightbox\"\n\t\t\tdata-wp-style--right=\"state.imageButtonRight\"\n\t\t\tdata-wp-style--top=\"state.imageButtonTop\"\n\t\t>\n\t\t\t<svg xmlns=\"http:\/\/www.w3.org\/2000\/svg\" width=\"12\" height=\"12\" fill=\"none\" viewBox=\"0 0 12 12\">\n\t\t\t\t<path fill=\"#fff\" d=\"M2 0a2 2 0 0 0-2 2v2h1.5V2a.5.5 0 0 1 .5-.5h2V0H2Zm2 10.5H2a.5.5 0 0 1-.5-.5V8H0v2a2 2 0 0 0 2 2h2v-1.5ZM8 12v-1.5h2a.5.5 0 0 0 .5-.5V8H12v2a2 2 0 0 1-2 2H8Zm2-12a2 2 0 0 1 2 2v2h-1.5V2a.5.5 0 0 0-.5-.5H8V0h2Z\" \/>\n\t\t\t<\/svg>\n\t\t<\/button><\/figure>\n\n\n\n<figure data-wp-context=\"{&quot;imageId&quot;:&quot;69f27d9b92b3e&quot;}\" data-wp-interactive=\"core\/image\" class=\"wp-block-image size-large wp-lightbox-container\"><img decoding=\"async\" width=\"1024\" height=\"768\" data-wp-class--hide=\"state.isContentHidden\" data-wp-class--show=\"state.isContentVisible\" data-wp-init=\"callbacks.setButtonStyles\" data-wp-on-async--click=\"actions.showLightbox\" data-wp-on-async--load=\"callbacks.setButtonStyles\" data-wp-on-async-window--resize=\"callbacks.setButtonStyles\" data-id=\"19047\" src=\"https:\/\/fundacionincipe.com\/wp-content\/uploads\/2024\/11\/DSC_2707-1024x768.jpg\" alt=\"\" class=\"wp-image-19047\" srcset=\"https:\/\/fundacionincipe.com\/wp-content\/uploads\/2024\/11\/DSC_2707-1024x768.jpg 1024w, https:\/\/fundacionincipe.com\/wp-content\/uploads\/2024\/11\/DSC_2707-300x225.jpg 300w, https:\/\/fundacionincipe.com\/wp-content\/uploads\/2024\/11\/DSC_2707-768x576.jpg 768w, https:\/\/fundacionincipe.com\/wp-content\/uploads\/2024\/11\/DSC_2707.jpg 1104w\" sizes=\"(max-width: 1024px) 100vw, 1024px\" \/><button\n\t\t\tclass=\"lightbox-trigger\"\n\t\t\ttype=\"button\"\n\t\t\taria-haspopup=\"dialog\"\n\t\t\taria-label=\"Ampliar la imagen\"\n\t\t\tdata-wp-init=\"callbacks.initTriggerButton\"\n\t\t\tdata-wp-on-async--click=\"actions.showLightbox\"\n\t\t\tdata-wp-style--right=\"state.imageButtonRight\"\n\t\t\tdata-wp-style--top=\"state.imageButtonTop\"\n\t\t>\n\t\t\t<svg xmlns=\"http:\/\/www.w3.org\/2000\/svg\" width=\"12\" height=\"12\" fill=\"none\" viewBox=\"0 0 12 12\">\n\t\t\t\t<path fill=\"#fff\" d=\"M2 0a2 2 0 0 0-2 2v2h1.5V2a.5.5 0 0 1 .5-.5h2V0H2Zm2 10.5H2a.5.5 0 0 1-.5-.5V8H0v2a2 2 0 0 0 2 2h2v-1.5ZM8 12v-1.5h2a.5.5 0 0 0 .5-.5V8H12v2a2 2 0 0 1-2 2H8Zm2-12a2 2 0 0 1 2 2v2h-1.5V2a.5.5 0 0 0-.5-.5H8V0h2Z\" \/>\n\t\t\t<\/svg>\n\t\t<\/button><\/figure>\n<\/figure>\n","protected":false},"excerpt":{"rendered":"<p>Comprender la situaci\u00f3n actual del Sahel requiere, en primer lugar, un conocimiento profundo de la regi\u00f3n. Este territorio abarca doce pa\u00edses con caracter\u00edsticas geogr\u00e1ficas similares que enfrentan m\u00faltiples crisis, especialmente [&hellip;]<\/p>\n","protected":false},"author":3,"featured_media":19046,"comment_status":"open","ping_status":"closed","sticky":false,"template":"","format":"standard","meta":{"_acf_changed":false,"footnotes":""},"categories":[8],"tags":[],"class_list":["post-19045","post","type-post","status-publish","format-standard","has-post-thumbnail","hentry","category-conferencias-y-seminarios"],"acf":[],"_links":{"self":[{"href":"https:\/\/fundacionincipe.com\/index.php\/wp-json\/wp\/v2\/posts\/19045","targetHints":{"allow":["GET"]}}],"collection":[{"href":"https:\/\/fundacionincipe.com\/index.php\/wp-json\/wp\/v2\/posts"}],"about":[{"href":"https:\/\/fundacionincipe.com\/index.php\/wp-json\/wp\/v2\/types\/post"}],"author":[{"embeddable":true,"href":"https:\/\/fundacionincipe.com\/index.php\/wp-json\/wp\/v2\/users\/3"}],"replies":[{"embeddable":true,"href":"https:\/\/fundacionincipe.com\/index.php\/wp-json\/wp\/v2\/comments?post=19045"}],"version-history":[{"count":1,"href":"https:\/\/fundacionincipe.com\/index.php\/wp-json\/wp\/v2\/posts\/19045\/revisions"}],"predecessor-version":[{"id":19049,"href":"https:\/\/fundacionincipe.com\/index.php\/wp-json\/wp\/v2\/posts\/19045\/revisions\/19049"}],"wp:featuredmedia":[{"embeddable":true,"href":"https:\/\/fundacionincipe.com\/index.php\/wp-json\/wp\/v2\/media\/19046"}],"wp:attachment":[{"href":"https:\/\/fundacionincipe.com\/index.php\/wp-json\/wp\/v2\/media?parent=19045"}],"wp:term":[{"taxonomy":"category","embeddable":true,"href":"https:\/\/fundacionincipe.com\/index.php\/wp-json\/wp\/v2\/categories?post=19045"},{"taxonomy":"post_tag","embeddable":true,"href":"https:\/\/fundacionincipe.com\/index.php\/wp-json\/wp\/v2\/tags?post=19045"}],"curies":[{"name":"wp","href":"https:\/\/api.w.org\/{rel}","templated":true}]}}