{"id":19037,"date":"2017-07-12T12:06:00","date_gmt":"2017-07-12T12:06:00","guid":{"rendered":"https:\/\/fundacionincipe.com\/?p=19037"},"modified":"2024-11-20T12:10:24","modified_gmt":"2024-11-20T12:10:24","slug":"criminalidad-transnacional-y-terrorismo-internacional-covergencias-y-sinergias-2","status":"publish","type":"post","link":"https:\/\/fundacionincipe.com\/index.php\/2017\/07\/12\/criminalidad-transnacional-y-terrorismo-internacional-covergencias-y-sinergias-2\/","title":{"rendered":"Criminalidad transnacional y terrorismo internacional. Covergencias y sinergias"},"content":{"rendered":"\n<p>El crimen organizado y el terrorismo internacional comparten numerosos puntos de convergencia, entre los que destacan su estructura jer\u00e1rquica, la distribuci\u00f3n sistem\u00e1tica de tareas y su car\u00e1cter atemporal. Ambos representan una grave amenaza para la seguridad ciudadana, al tratarse de actividades criminales de alta complejidad y alcance global.<\/p>\n\n\n\n<p>Tras el fin de la Segunda Guerra Mundial y los acuerdos de paz, surgieron grupos armados vinculados a las principales esferas de poder. Sin embargo, <strong>el final de la Guerra Fr\u00eda marc\u00f3 un cambio radical: la ruptura de los bloques geopol\u00edticos<\/strong> redujo el apoyo financiero a estos grupos, que se vieron forzados a diversificar sus fuentes de financiaci\u00f3n mediante actividades il\u00edcitas como la extorsi\u00f3n, el tr\u00e1fico de drogas y de armas. Es en este contexto donde terrorismo y crimen organizado comienzan a entrelazarse, compartiendo t\u00e1cticas y objetivos comunes en algunos casos.<\/p>\n\n\n\n<p>A pesar de estas similitudes, tambi\u00e9n existen diferencias notables. Entre ellas, destaca la estrategia de comunicaci\u00f3n: mientras el crimen organizado opera desde la discreci\u00f3n para proteger sus operaciones, el terrorismo internacional prioriza la difusi\u00f3n y la propaganda para captar adeptos y amplificar el impacto de sus acciones. Ejemplo de ello es Daesh, que ha demostrado una capacidad sofisticada para usar redes sociales y controlar medios propagand\u00edsticos como la revista <em>Dabiq<\/em>, empleando el factor medi\u00e1tico como una herramienta fundamental.<\/p>\n\n\n\n<p>En este escenario, es imperativo que los cuerpos y fuerzas de seguridad del Estado desarrollen estrategias robustas y adaptadas a estas amenazas. Tanto el crimen organizado como el terrorismo emplean infraestructuras avanzadas y t\u00e9cnicas innovadoras que desaf\u00edan continuamente las capacidades de los Estados. <strong>La mejora de la legislaci\u00f3n nacional, ajust\u00e1ndola a los <em>modus operandi<\/em> actuales<\/strong>, as\u00ed como una cooperaci\u00f3n estrecha a nivel c\u00edvico-militar e interestatal, son esenciales para identificar individuos clave y controlar sus movimientos.<\/p>\n\n\n\n<p>El encuentro concluy\u00f3 con un turno de preguntas que abord\u00f3 temas cruciales como el papel de la seguridad privada, la labor de Europol y los desaf\u00edos que plantea el control de los movimientos de personas por razones humanitarias, abriendo el debate sobre c\u00f3mo equilibrar seguridad y derechos fundamentales.<\/p>\n\n\n\n<p>Aranzazu \u00c1lvarez<\/p>\n","protected":false},"excerpt":{"rendered":"<p>El crimen organizado y el terrorismo internacional comparten numerosos puntos de convergencia, entre los que destacan su estructura jer\u00e1rquica, la distribuci\u00f3n sistem\u00e1tica de tareas y su car\u00e1cter atemporal. Ambos representan [&hellip;]<\/p>\n","protected":false},"author":3,"featured_media":19038,"comment_status":"open","ping_status":"closed","sticky":false,"template":"","format":"standard","meta":{"_acf_changed":false,"footnotes":""},"categories":[8],"tags":[],"class_list":["post-19037","post","type-post","status-publish","format-standard","has-post-thumbnail","hentry","category-conferencias-y-seminarios"],"acf":[],"_links":{"self":[{"href":"https:\/\/fundacionincipe.com\/index.php\/wp-json\/wp\/v2\/posts\/19037","targetHints":{"allow":["GET"]}}],"collection":[{"href":"https:\/\/fundacionincipe.com\/index.php\/wp-json\/wp\/v2\/posts"}],"about":[{"href":"https:\/\/fundacionincipe.com\/index.php\/wp-json\/wp\/v2\/types\/post"}],"author":[{"embeddable":true,"href":"https:\/\/fundacionincipe.com\/index.php\/wp-json\/wp\/v2\/users\/3"}],"replies":[{"embeddable":true,"href":"https:\/\/fundacionincipe.com\/index.php\/wp-json\/wp\/v2\/comments?post=19037"}],"version-history":[{"count":1,"href":"https:\/\/fundacionincipe.com\/index.php\/wp-json\/wp\/v2\/posts\/19037\/revisions"}],"predecessor-version":[{"id":19039,"href":"https:\/\/fundacionincipe.com\/index.php\/wp-json\/wp\/v2\/posts\/19037\/revisions\/19039"}],"wp:featuredmedia":[{"embeddable":true,"href":"https:\/\/fundacionincipe.com\/index.php\/wp-json\/wp\/v2\/media\/19038"}],"wp:attachment":[{"href":"https:\/\/fundacionincipe.com\/index.php\/wp-json\/wp\/v2\/media?parent=19037"}],"wp:term":[{"taxonomy":"category","embeddable":true,"href":"https:\/\/fundacionincipe.com\/index.php\/wp-json\/wp\/v2\/categories?post=19037"},{"taxonomy":"post_tag","embeddable":true,"href":"https:\/\/fundacionincipe.com\/index.php\/wp-json\/wp\/v2\/tags?post=19037"}],"curies":[{"name":"wp","href":"https:\/\/api.w.org\/{rel}","templated":true}]}}