{"id":19034,"date":"2017-09-14T12:03:00","date_gmt":"2017-09-14T12:03:00","guid":{"rendered":"https:\/\/fundacionincipe.com\/?p=19034"},"modified":"2024-11-20T12:06:09","modified_gmt":"2024-11-20T12:06:09","slug":"que-europa-quieren-construir-los-paises-de-visegrado-2","status":"publish","type":"post","link":"https:\/\/fundacionincipe.com\/index.php\/2017\/09\/14\/que-europa-quieren-construir-los-paises-de-visegrado-2\/","title":{"rendered":"\u00bfQu\u00e9 Europa quieren construir los pa\u00edses de Visegrado?"},"content":{"rendered":"\n<p>El <strong>Grupo de Visegrado<\/strong> se fund\u00f3 en febrero de 1991 durante una reuni\u00f3n celebrada en la ciudad h\u00fangara de Visegrado, que reuni\u00f3 al Presidente de Checoslovaquia, el Presidente de Polonia y el Primer Ministro de Hungr\u00eda. Este encuentro marc\u00f3 el inicio de una alianza centrada en reforzar la cooperaci\u00f3n y la amistad entre los pa\u00edses de Europa Central, tomando su nombre de esta hist\u00f3rica ciudad. El evento tiene un v\u00ednculo simb\u00f3lico con otro celebrado en el mismo lugar en 1335, donde Juan de Luxemburgo, Rey de Bohemia, Carlos I de Anjou, Rey de Hungr\u00eda, y Casimiro III, Rey de Polonia, sentaron las bases para intensificar las relaciones en la regi\u00f3n. En ambos casos, la vocaci\u00f3n ha sido la misma: promover la unidad y la colaboraci\u00f3n entre estos Estados.<\/p>\n\n\n\n<p>Entre julio de 2017 y junio de 2018, Hungr\u00eda asumi\u00f3 la Presidencia rotativa del Grupo de Visegrado (V4). Durante sus 26 a\u00f1os de existencia, el V4 ha representado los intereses de Europa Central, especialmente desde su adhesi\u00f3n a la Uni\u00f3n Europea en 2004. Ha desempe\u00f1ado un papel crucial en la prosperidad y estabilidad del continente, fomentando el desarrollo econ\u00f3mico, el apoyo a los pa\u00edses vecinos de los Balcanes Occidentales y abordando cuestiones globales, como la gesti\u00f3n de la crisis migratoria. Los pa\u00edses que integran el V4 se han consolidado como motores de estabilidad y crecimiento dentro de la UE, con una firme voluntad de contribuir al di\u00e1logo sobre el futuro de Europa.<\/p>\n\n\n\n<p>La Presidencia h\u00fangara, bajo el lema <strong>&#8220;Connects&#8221;<\/strong>, refuerza los logros de sus predecesoras y destaca el impacto positivo de la cooperaci\u00f3n en el marco de Visegrado. Este lema subraya el compromiso con la conectividad en \u00e1reas clave como la energ\u00eda, las redes de transporte y la transici\u00f3n digital. Adem\u00e1s, refleja el esp\u00edritu inclusivo y abierto del Grupo, que busca conectar pa\u00edses, gobiernos, personas, ideas y valores para afrontar de manera conjunta los desaf\u00edos que afectan no solo al V4, sino tambi\u00e9n al resto de Europa y la comunidad internacional.<\/p>\n\n\n\n<p>Aranzazu \u00c1lvarez<\/p>\n","protected":false},"excerpt":{"rendered":"<p>El Grupo de Visegrado se fund\u00f3 en febrero de 1991 durante una reuni\u00f3n celebrada en la ciudad h\u00fangara de Visegrado, que reuni\u00f3 al Presidente de Checoslovaquia, el Presidente de Polonia [&hellip;]<\/p>\n","protected":false},"author":3,"featured_media":19035,"comment_status":"open","ping_status":"closed","sticky":false,"template":"","format":"standard","meta":{"_acf_changed":false,"footnotes":""},"categories":[8],"tags":[],"class_list":["post-19034","post","type-post","status-publish","format-standard","has-post-thumbnail","hentry","category-conferencias-y-seminarios"],"acf":[],"_links":{"self":[{"href":"https:\/\/fundacionincipe.com\/index.php\/wp-json\/wp\/v2\/posts\/19034","targetHints":{"allow":["GET"]}}],"collection":[{"href":"https:\/\/fundacionincipe.com\/index.php\/wp-json\/wp\/v2\/posts"}],"about":[{"href":"https:\/\/fundacionincipe.com\/index.php\/wp-json\/wp\/v2\/types\/post"}],"author":[{"embeddable":true,"href":"https:\/\/fundacionincipe.com\/index.php\/wp-json\/wp\/v2\/users\/3"}],"replies":[{"embeddable":true,"href":"https:\/\/fundacionincipe.com\/index.php\/wp-json\/wp\/v2\/comments?post=19034"}],"version-history":[{"count":1,"href":"https:\/\/fundacionincipe.com\/index.php\/wp-json\/wp\/v2\/posts\/19034\/revisions"}],"predecessor-version":[{"id":19036,"href":"https:\/\/fundacionincipe.com\/index.php\/wp-json\/wp\/v2\/posts\/19034\/revisions\/19036"}],"wp:featuredmedia":[{"embeddable":true,"href":"https:\/\/fundacionincipe.com\/index.php\/wp-json\/wp\/v2\/media\/19035"}],"wp:attachment":[{"href":"https:\/\/fundacionincipe.com\/index.php\/wp-json\/wp\/v2\/media?parent=19034"}],"wp:term":[{"taxonomy":"category","embeddable":true,"href":"https:\/\/fundacionincipe.com\/index.php\/wp-json\/wp\/v2\/categories?post=19034"},{"taxonomy":"post_tag","embeddable":true,"href":"https:\/\/fundacionincipe.com\/index.php\/wp-json\/wp\/v2\/tags?post=19034"}],"curies":[{"name":"wp","href":"https:\/\/api.w.org\/{rel}","templated":true}]}}