{"id":19025,"date":"2017-10-04T11:47:00","date_gmt":"2017-10-04T11:47:00","guid":{"rendered":"https:\/\/fundacionincipe.com\/?p=19025"},"modified":"2024-11-20T11:49:59","modified_gmt":"2024-11-20T11:49:59","slug":"whither-the-eu-us-asia-triangle-the-politics-of-norm-in-the-age-of-developed-countries-risk-2","status":"publish","type":"post","link":"https:\/\/fundacionincipe.com\/index.php\/2017\/10\/04\/whither-the-eu-us-asia-triangle-the-politics-of-norm-in-the-age-of-developed-countries-risk-2\/","title":{"rendered":"Whither the EU-US-Asia Triangle? The politics of norm in the age of developed countries\u2019 risk"},"content":{"rendered":"\n<p>Para comenzar, se trat\u00f3 la cuesti\u00f3n de c\u00f3mo la globalizaci\u00f3n lleva el concepto de nacionalismo a un pa\u00eds y supone un veh\u00edculo para el asentamiento del extremismo violento. Esto ocurre porque, tras incorporar una poblaci\u00f3n al proceso de interacciones globales, siempre hay colectivos que se sienten marginados. \u00c9stos normalmente proceden de la clase media, que no puede beneficiarse de la participaci\u00f3n de su pa\u00eds en la econom\u00eda y pol\u00edtica mundiales. As\u00ed mismo, junto al colectivo perteneciente a clases sociales m\u00e1s bajas, pueden sentirse un poco olvidados por su gobierno, al cual consideran distra\u00eddo por las cuestiones exteriores en lugar de tratar de mejorar la situaci\u00f3n interna de su propio pa\u00eds.<\/p>\n\n\n\n<p>Ante estos fuerte poderes autoritarios, ser\u00eda beneficioso continuar desarrollando y promoviendo la cooperaci\u00f3n entre entidades como la Uni\u00f3n Europea y pa\u00edses como Jap\u00f3n (que acaban de introducir nuevos pasos para lograr una econom\u00eda m\u00e1s integrada) y la armonizaci\u00f3n, a fin de alcanzar un progreso en relaci\u00f3n a las cuestiones que requieren soluciones multilaterales (como el medioambiente, entre ellas). Adem\u00e1s, y a fin de evitar el populismo perjudicial en lugares de hiper-globalizaci\u00f3n, resulta necesario involucrar a la poblaci\u00f3n que se siente marginada. Por ejemplo, el gobierno deber\u00eda tomar medidas para incrementar el salario m\u00ednimo. Esta se trata de la \u00fanica forma de continuar globalizando y manteniendo la democracia intacta.<\/p>\n\n\n\n<p>Finalmente, y para cerrar el Desayuno de Trabajo, se contemplaron las cuestiones de la crisis de Corea del Norte y el rol de China, Estados Unidos y Rusia, as\u00ed como las implicaciones de la iniciativa de China \u201cUn Cintur\u00f3n, Una Ruta\u201d.<\/p>\n\n\n\n<p>Beatriz Mart\u00ednez-Falero Arrab\u00e9<\/p>\n","protected":false},"excerpt":{"rendered":"<p>Para comenzar, se trat\u00f3 la cuesti\u00f3n de c\u00f3mo la globalizaci\u00f3n lleva el concepto de nacionalismo a un pa\u00eds y supone un veh\u00edculo para el asentamiento del extremismo violento. Esto ocurre [&hellip;]<\/p>\n","protected":false},"author":3,"featured_media":19026,"comment_status":"open","ping_status":"closed","sticky":false,"template":"","format":"standard","meta":{"_acf_changed":false,"footnotes":""},"categories":[8],"tags":[],"class_list":["post-19025","post","type-post","status-publish","format-standard","has-post-thumbnail","hentry","category-conferencias-y-seminarios"],"acf":[],"_links":{"self":[{"href":"https:\/\/fundacionincipe.com\/index.php\/wp-json\/wp\/v2\/posts\/19025","targetHints":{"allow":["GET"]}}],"collection":[{"href":"https:\/\/fundacionincipe.com\/index.php\/wp-json\/wp\/v2\/posts"}],"about":[{"href":"https:\/\/fundacionincipe.com\/index.php\/wp-json\/wp\/v2\/types\/post"}],"author":[{"embeddable":true,"href":"https:\/\/fundacionincipe.com\/index.php\/wp-json\/wp\/v2\/users\/3"}],"replies":[{"embeddable":true,"href":"https:\/\/fundacionincipe.com\/index.php\/wp-json\/wp\/v2\/comments?post=19025"}],"version-history":[{"count":1,"href":"https:\/\/fundacionincipe.com\/index.php\/wp-json\/wp\/v2\/posts\/19025\/revisions"}],"predecessor-version":[{"id":19027,"href":"https:\/\/fundacionincipe.com\/index.php\/wp-json\/wp\/v2\/posts\/19025\/revisions\/19027"}],"wp:featuredmedia":[{"embeddable":true,"href":"https:\/\/fundacionincipe.com\/index.php\/wp-json\/wp\/v2\/media\/19026"}],"wp:attachment":[{"href":"https:\/\/fundacionincipe.com\/index.php\/wp-json\/wp\/v2\/media?parent=19025"}],"wp:term":[{"taxonomy":"category","embeddable":true,"href":"https:\/\/fundacionincipe.com\/index.php\/wp-json\/wp\/v2\/categories?post=19025"},{"taxonomy":"post_tag","embeddable":true,"href":"https:\/\/fundacionincipe.com\/index.php\/wp-json\/wp\/v2\/tags?post=19025"}],"curies":[{"name":"wp","href":"https:\/\/api.w.org\/{rel}","templated":true}]}}