{"id":19006,"date":"2018-01-23T11:35:00","date_gmt":"2018-01-23T11:35:00","guid":{"rendered":"https:\/\/fundacionincipe.com\/?p=19006"},"modified":"2024-11-20T11:36:51","modified_gmt":"2024-11-20T11:36:51","slug":"bosnia-and-herzegovina-integration-process-into-the-eu-and-nato-2","status":"publish","type":"post","link":"https:\/\/fundacionincipe.com\/index.php\/2018\/01\/23\/bosnia-and-herzegovina-integration-process-into-the-eu-and-nato-2\/","title":{"rendered":"Bosnia and Herzegovina: Integration process into the EU and NATO"},"content":{"rendered":"\n<p><div id=\"container\"><div id=\"content\"><div class=\"article\"><div class=\"post-5456 post type-post status-publish format-standard has-post-thumbnail hentry category-desayunos-de-trabajo\" id=\"post-5456\"><p>El Gobierno bosnio lleva ya un largo recorrido en la b\u00fasqueda de su  adhesi\u00f3n a la Uni\u00f3n Europea. En el a\u00f1o 2003, este estado \u2013 junto con el  resto de pa\u00edses de la antigua Yugoslavia \u2013 adquirieron el estatus de  \u201ccandidato potencial\u201d para su posible acceso a la Uni\u00f3n. Con el  transcurso de los a\u00f1os, Bosnia y Herzegovina reclama haberse quedado  atr\u00e1s en tal proceso, pues mientras sus pa\u00edses vecinos han dado el  siguiente paso y adquirido el estatus de \u201ccandidato\u201d, Bosnia continua  sin haber logrado este avance. <\/p><p>La opini\u00f3n Bosnia es clara, manteniendo que una Europa sin la  integraci\u00f3n de Bosnia podr\u00eda ser uno de los peores escenarios, poniendo  en riesgo la seguridad de toda la regi\u00f3n de los Balcanes. Recordemos que  en esta \u00e1rea habitan diversas etnias, y que ello fue motivo de una  sucesi\u00f3n de guerras yugoslavas desde 1992 hasta 2001. Este panorama, no  tan alejado en el tiempo, genera la necesidad de alcanzar progresiva  estabilidad y prosperidad regional a trav\u00e9s de  la integraci\u00f3n en la  Uni\u00f3n Europea.<\/p><p>Bosnia recalca haberse comprometido con los principios fundamentales  de la Uni\u00f3n y llevado a cabo las reformas requeridas, si bien considera  que \u00e9sta no est\u00e1 reconociendo tal esfuerzo. La UE, por su lado, cree  firmemente que a Bosnia le queda largo recorrido para alcanzar los  criterios m\u00ednimos. En definitiva, este proceso es lento: desde 2005,  ambas partes comenzaron la negociaci\u00f3n de un Acuerdo de Estabilizaci\u00f3n y  Asociaci\u00f3n, si bien no fue hasta 10 a\u00f1os despu\u00e9s cuando se firm\u00f3.  Asimismo, no fue <strong>hasta el a\u00f1o 2016 cuando Bosnia present\u00f3 oficialmente su solicitud de adhesi\u00f3n<\/strong>, actualmente en revisi\u00f3n por la Uni\u00f3n. <\/p><p>El af\u00e1n por acelerar el proceso de adhesi\u00f3n a la UE por parte de  Bosnia es evidente. No obstante, hemos de recordar que este proceso es  inevitablemente largo; <strong>Croacia tard\u00f3 13 a\u00f1os en acceder, as\u00ed como Espa\u00f1a <\/strong>\u2013  habiendo comenzado las negociaciones en 1964 \u2013 no accedi\u00f3 hasta 1984.  Esta urgencia, sin embargo, no es la misma en lo referente a su  integraci\u00f3n en la OTAN. Si bien el pa\u00eds apuesta por su integraci\u00f3n en la  Alianza Transatl\u00e1ntica, ya colabora en misiones de la organizaci\u00f3n as\u00ed  como promueve la modernizaci\u00f3n de sus fuerzas armadas. En este aspecto,  Bosnia mantiene unas altas expectativas respecto a la Conferencia de  Seguridad de la OTAN, que se celebrar\u00e1 en julio de 2018. <\/p><\/div><\/div><\/div><\/div> Silvia Prada<\/p>\n\n\n\n<figure class=\"wp-block-gallery has-nested-images columns-default is-cropped wp-block-gallery-1 is-layout-flex wp-block-gallery-is-layout-flex\">\n<figure data-wp-context=\"{&quot;imageId&quot;:&quot;69f27d9c98319&quot;}\" data-wp-interactive=\"core\/image\" class=\"wp-block-image size-large wp-lightbox-container\"><img fetchpriority=\"high\" decoding=\"async\" width=\"1024\" height=\"819\" data-wp-class--hide=\"state.isContentHidden\" data-wp-class--show=\"state.isContentVisible\" data-wp-init=\"callbacks.setButtonStyles\" data-wp-on-async--click=\"actions.showLightbox\" data-wp-on-async--load=\"callbacks.setButtonStyles\" data-wp-on-async-window--resize=\"callbacks.setButtonStyles\" data-id=\"19007\" src=\"https:\/\/fundacionincipe.com\/wp-content\/uploads\/2024\/11\/6734-007-1024x819.jpg\" alt=\"\" class=\"wp-image-19007\" srcset=\"https:\/\/fundacionincipe.com\/wp-content\/uploads\/2024\/11\/6734-007-1024x819.jpg 1024w, https:\/\/fundacionincipe.com\/wp-content\/uploads\/2024\/11\/6734-007-300x240.jpg 300w, https:\/\/fundacionincipe.com\/wp-content\/uploads\/2024\/11\/6734-007-768x614.jpg 768w, https:\/\/fundacionincipe.com\/wp-content\/uploads\/2024\/11\/6734-007-1536x1229.jpg 1536w, https:\/\/fundacionincipe.com\/wp-content\/uploads\/2024\/11\/6734-007-2048x1639.jpg 2048w\" sizes=\"(max-width: 1024px) 100vw, 1024px\" \/><button\n\t\t\tclass=\"lightbox-trigger\"\n\t\t\ttype=\"button\"\n\t\t\taria-haspopup=\"dialog\"\n\t\t\taria-label=\"Ampliar la imagen\"\n\t\t\tdata-wp-init=\"callbacks.initTriggerButton\"\n\t\t\tdata-wp-on-async--click=\"actions.showLightbox\"\n\t\t\tdata-wp-style--right=\"state.imageButtonRight\"\n\t\t\tdata-wp-style--top=\"state.imageButtonTop\"\n\t\t>\n\t\t\t<svg xmlns=\"http:\/\/www.w3.org\/2000\/svg\" width=\"12\" height=\"12\" fill=\"none\" viewBox=\"0 0 12 12\">\n\t\t\t\t<path fill=\"#fff\" d=\"M2 0a2 2 0 0 0-2 2v2h1.5V2a.5.5 0 0 1 .5-.5h2V0H2Zm2 10.5H2a.5.5 0 0 1-.5-.5V8H0v2a2 2 0 0 0 2 2h2v-1.5ZM8 12v-1.5h2a.5.5 0 0 0 .5-.5V8H12v2a2 2 0 0 1-2 2H8Zm2-12a2 2 0 0 1 2 2v2h-1.5V2a.5.5 0 0 0-.5-.5H8V0h2Z\" \/>\n\t\t\t<\/svg>\n\t\t<\/button><\/figure>\n\n\n\n<figure data-wp-context=\"{&quot;imageId&quot;:&quot;69f27d9c98794&quot;}\" data-wp-interactive=\"core\/image\" class=\"wp-block-image size-large wp-lightbox-container\"><img decoding=\"async\" width=\"1024\" height=\"819\" data-wp-class--hide=\"state.isContentHidden\" data-wp-class--show=\"state.isContentVisible\" data-wp-init=\"callbacks.setButtonStyles\" data-wp-on-async--click=\"actions.showLightbox\" data-wp-on-async--load=\"callbacks.setButtonStyles\" data-wp-on-async-window--resize=\"callbacks.setButtonStyles\" data-id=\"19008\" src=\"https:\/\/fundacionincipe.com\/wp-content\/uploads\/2024\/11\/6734-019-1024x819.jpg\" alt=\"\" class=\"wp-image-19008\" srcset=\"https:\/\/fundacionincipe.com\/wp-content\/uploads\/2024\/11\/6734-019-1024x819.jpg 1024w, https:\/\/fundacionincipe.com\/wp-content\/uploads\/2024\/11\/6734-019-300x240.jpg 300w, https:\/\/fundacionincipe.com\/wp-content\/uploads\/2024\/11\/6734-019-768x614.jpg 768w, https:\/\/fundacionincipe.com\/wp-content\/uploads\/2024\/11\/6734-019-1536x1229.jpg 1536w, https:\/\/fundacionincipe.com\/wp-content\/uploads\/2024\/11\/6734-019-2048x1638.jpg 2048w\" sizes=\"(max-width: 1024px) 100vw, 1024px\" \/><button\n\t\t\tclass=\"lightbox-trigger\"\n\t\t\ttype=\"button\"\n\t\t\taria-haspopup=\"dialog\"\n\t\t\taria-label=\"Ampliar la imagen\"\n\t\t\tdata-wp-init=\"callbacks.initTriggerButton\"\n\t\t\tdata-wp-on-async--click=\"actions.showLightbox\"\n\t\t\tdata-wp-style--right=\"state.imageButtonRight\"\n\t\t\tdata-wp-style--top=\"state.imageButtonTop\"\n\t\t>\n\t\t\t<svg xmlns=\"http:\/\/www.w3.org\/2000\/svg\" width=\"12\" height=\"12\" fill=\"none\" viewBox=\"0 0 12 12\">\n\t\t\t\t<path fill=\"#fff\" d=\"M2 0a2 2 0 0 0-2 2v2h1.5V2a.5.5 0 0 1 .5-.5h2V0H2Zm2 10.5H2a.5.5 0 0 1-.5-.5V8H0v2a2 2 0 0 0 2 2h2v-1.5ZM8 12v-1.5h2a.5.5 0 0 0 .5-.5V8H12v2a2 2 0 0 1-2 2H8Zm2-12a2 2 0 0 1 2 2v2h-1.5V2a.5.5 0 0 0-.5-.5H8V0h2Z\" \/>\n\t\t\t<\/svg>\n\t\t<\/button><\/figure>\n\n\n\n<figure data-wp-context=\"{&quot;imageId&quot;:&quot;69f27d9c98c56&quot;}\" data-wp-interactive=\"core\/image\" class=\"wp-block-image size-large wp-lightbox-container\"><img decoding=\"async\" width=\"1024\" height=\"819\" data-wp-class--hide=\"state.isContentHidden\" data-wp-class--show=\"state.isContentVisible\" data-wp-init=\"callbacks.setButtonStyles\" data-wp-on-async--click=\"actions.showLightbox\" data-wp-on-async--load=\"callbacks.setButtonStyles\" data-wp-on-async-window--resize=\"callbacks.setButtonStyles\" data-id=\"19009\" src=\"https:\/\/fundacionincipe.com\/wp-content\/uploads\/2024\/11\/6734-027-1024x819.jpg\" alt=\"\" class=\"wp-image-19009\" srcset=\"https:\/\/fundacionincipe.com\/wp-content\/uploads\/2024\/11\/6734-027-1024x819.jpg 1024w, https:\/\/fundacionincipe.com\/wp-content\/uploads\/2024\/11\/6734-027-300x240.jpg 300w, https:\/\/fundacionincipe.com\/wp-content\/uploads\/2024\/11\/6734-027-768x614.jpg 768w, https:\/\/fundacionincipe.com\/wp-content\/uploads\/2024\/11\/6734-027-1536x1229.jpg 1536w, https:\/\/fundacionincipe.com\/wp-content\/uploads\/2024\/11\/6734-027-2048x1638.jpg 2048w\" sizes=\"(max-width: 1024px) 100vw, 1024px\" \/><button\n\t\t\tclass=\"lightbox-trigger\"\n\t\t\ttype=\"button\"\n\t\t\taria-haspopup=\"dialog\"\n\t\t\taria-label=\"Ampliar la imagen\"\n\t\t\tdata-wp-init=\"callbacks.initTriggerButton\"\n\t\t\tdata-wp-on-async--click=\"actions.showLightbox\"\n\t\t\tdata-wp-style--right=\"state.imageButtonRight\"\n\t\t\tdata-wp-style--top=\"state.imageButtonTop\"\n\t\t>\n\t\t\t<svg xmlns=\"http:\/\/www.w3.org\/2000\/svg\" width=\"12\" height=\"12\" fill=\"none\" viewBox=\"0 0 12 12\">\n\t\t\t\t<path fill=\"#fff\" d=\"M2 0a2 2 0 0 0-2 2v2h1.5V2a.5.5 0 0 1 .5-.5h2V0H2Zm2 10.5H2a.5.5 0 0 1-.5-.5V8H0v2a2 2 0 0 0 2 2h2v-1.5ZM8 12v-1.5h2a.5.5 0 0 0 .5-.5V8H12v2a2 2 0 0 1-2 2H8Zm2-12a2 2 0 0 1 2 2v2h-1.5V2a.5.5 0 0 0-.5-.5H8V0h2Z\" \/>\n\t\t\t<\/svg>\n\t\t<\/button><\/figure>\n<\/figure>\n","protected":false},"excerpt":{"rendered":"<p>El Gobierno bosnio lleva ya un largo recorrido en la b\u00fasqueda de su adhesi\u00f3n a la Uni\u00f3n Europea. En el a\u00f1o 2003, este estado \u2013 junto con el resto de [&hellip;]<\/p>\n","protected":false},"author":3,"featured_media":19007,"comment_status":"open","ping_status":"closed","sticky":false,"template":"","format":"standard","meta":{"_acf_changed":false,"footnotes":""},"categories":[8],"tags":[],"class_list":["post-19006","post","type-post","status-publish","format-standard","has-post-thumbnail","hentry","category-conferencias-y-seminarios"],"acf":[],"_links":{"self":[{"href":"https:\/\/fundacionincipe.com\/index.php\/wp-json\/wp\/v2\/posts\/19006","targetHints":{"allow":["GET"]}}],"collection":[{"href":"https:\/\/fundacionincipe.com\/index.php\/wp-json\/wp\/v2\/posts"}],"about":[{"href":"https:\/\/fundacionincipe.com\/index.php\/wp-json\/wp\/v2\/types\/post"}],"author":[{"embeddable":true,"href":"https:\/\/fundacionincipe.com\/index.php\/wp-json\/wp\/v2\/users\/3"}],"replies":[{"embeddable":true,"href":"https:\/\/fundacionincipe.com\/index.php\/wp-json\/wp\/v2\/comments?post=19006"}],"version-history":[{"count":1,"href":"https:\/\/fundacionincipe.com\/index.php\/wp-json\/wp\/v2\/posts\/19006\/revisions"}],"predecessor-version":[{"id":19010,"href":"https:\/\/fundacionincipe.com\/index.php\/wp-json\/wp\/v2\/posts\/19006\/revisions\/19010"}],"wp:featuredmedia":[{"embeddable":true,"href":"https:\/\/fundacionincipe.com\/index.php\/wp-json\/wp\/v2\/media\/19007"}],"wp:attachment":[{"href":"https:\/\/fundacionincipe.com\/index.php\/wp-json\/wp\/v2\/media?parent=19006"}],"wp:term":[{"taxonomy":"category","embeddable":true,"href":"https:\/\/fundacionincipe.com\/index.php\/wp-json\/wp\/v2\/categories?post=19006"},{"taxonomy":"post_tag","embeddable":true,"href":"https:\/\/fundacionincipe.com\/index.php\/wp-json\/wp\/v2\/tags?post=19006"}],"curies":[{"name":"wp","href":"https:\/\/api.w.org\/{rel}","templated":true}]}}