{"id":18995,"date":"2018-03-06T11:28:00","date_gmt":"2018-03-06T11:28:00","guid":{"rendered":"https:\/\/fundacionincipe.com\/?p=18995"},"modified":"2024-11-20T11:30:41","modified_gmt":"2024-11-20T11:30:41","slug":"la-politica-europea-y-exterior-del-nuevo-gobierno-aleman-2","status":"publish","type":"post","link":"https:\/\/fundacionincipe.com\/index.php\/2018\/03\/06\/la-politica-europea-y-exterior-del-nuevo-gobierno-aleman-2\/","title":{"rendered":"La pol\u00edtica europea y exterior del nuevo gobierno alem\u00e1n"},"content":{"rendered":"\n<p>\u201cLo bueno se hace esperar\u201d (\u201cWas lange w\u00e4hrt, wird endlich gut\u201d) afirmaba el Embajador alem\u00e1n, refiri\u00e9ndose a la formaci\u00f3n de la nueva Gran Coalici\u00f3n alemana, tras m\u00e1s de cuatro meses de negociaciones entre partidos. El nuevo acuerdo gubernamental, compuesto por m\u00e1s de 100 p\u00e1ginas, da paso al cuarto mandato de Angela Merkel, si bien con la presencia de los socialdem\u00f3cratas. De marcado corte europe\u00edsta, y por ello muy bien recibido por el resto de pa\u00edses miembros, provee entre sus l\u00edneas un mayor acercamiento de Alemania a la Uni\u00f3n.<\/p>\n\n\n\n<p>En este sentido, el pa\u00eds articula su pol\u00edtica de actuaci\u00f3n europea en varios ejes: el primero remarca la <strong>necesidad de una Europa m\u00e1s democr\u00e1tica y solidaria<\/strong>, apoyando la integraci\u00f3n europea y sobre todo, acerc\u00e1ndola a sus ciudadanos, de forma que ganen confianza y sea m\u00e1s transparente. Adem\u00e1s, se remarca a Europa como competitiva y promotora de inversiones. El bienestar de Alemania est\u00e1 estrechamente relacionado con el de Europa, y es por ello que pol\u00edticas de fomento de empleo, innovaci\u00f3n, mercado digital o el mantenimiento de fondos estructurales se hace de vital importancia. Por \u00faltimo, Alemania reclama una Europa de \u201coportunidades y justicia\u201d, especialmente para los j\u00f3venes, as\u00ed como la lucha por la evasi\u00f3n fiscal y la tributaci\u00f3n justa de las grandes empresas.<\/p>\n\n\n\n<p>En definitiva, <strong>Alemania hace especial \u00e9nfasis en la solidaridad rec\u00edproca<\/strong>; y ello tambi\u00e9n se traduce a una mayor contribuci\u00f3n a los presupuestos de la Uni\u00f3n Europea. Esta visi\u00f3n, tambi\u00e9n compartida por Francia, har\u00e1 de las relaciones franco-alemanas un eje reforzado y una oportunidad para Europa. Asimismo, el documento contempla una serie de retos a nivel internacional igualmente prioritarios para Alemania. As\u00ed, el conflicto en Siria, la inestabilidad en Oriente Medio y Sahel, el conflicto de Rusia y Ucrania o el rearme de Corea del Norte, suponen retos que irremediablemente requieren de cooperaci\u00f3n, tanto a nivel europeo como internacional. Alemania, en este campo, apuesta por un mayor gasto en ayuda humanitaria y gesti\u00f3n de crisis. No obstante, tambi\u00e9n remarca que en seguridad y defensa \u201cel dinero no es suficiente\u201d; se debe abogar por la seguridad colectiva y la cooperaci\u00f3n.<\/p>\n\n\n\n<p>La postura de Alemania es dialogante y abierta, y ello se refleja en su manejo del Brexit; reconociendo que las negociaciones van a ser duras, no queda otra alternativa m\u00e1s que actuar en torno a una base com\u00fan. Tambi\u00e9n en la relaci\u00f3n con Estados Unidos, que a pesar del poco \u00e9xito de la \u00faltima visita de Merkel a Washington, el pa\u00eds sigue abogando por el refuerzo de sus relaciones.<\/p>\n\n\n\n<p>Silvia Prada<\/p>\n\n\n\n<figure class=\"wp-block-gallery has-nested-images columns-default is-cropped wp-block-gallery-1 is-layout-flex wp-block-gallery-is-layout-flex\">\n<figure data-wp-context=\"{&quot;imageId&quot;:&quot;69f27ff38023c&quot;}\" data-wp-interactive=\"core\/image\" class=\"wp-block-image size-large wp-lightbox-container\"><img fetchpriority=\"high\" decoding=\"async\" width=\"1024\" height=\"768\" data-wp-class--hide=\"state.isContentHidden\" data-wp-class--show=\"state.isContentVisible\" data-wp-init=\"callbacks.setButtonStyles\" data-wp-on-async--click=\"actions.showLightbox\" data-wp-on-async--load=\"callbacks.setButtonStyles\" data-wp-on-async-window--resize=\"callbacks.setButtonStyles\" data-id=\"18996\" src=\"https:\/\/fundacionincipe.com\/wp-content\/uploads\/2024\/11\/6745-005-1-1024x768.jpg\" alt=\"\" class=\"wp-image-18996\" srcset=\"https:\/\/fundacionincipe.com\/wp-content\/uploads\/2024\/11\/6745-005-1-1024x768.jpg 1024w, https:\/\/fundacionincipe.com\/wp-content\/uploads\/2024\/11\/6745-005-1-300x225.jpg 300w, https:\/\/fundacionincipe.com\/wp-content\/uploads\/2024\/11\/6745-005-1-768x576.jpg 768w, https:\/\/fundacionincipe.com\/wp-content\/uploads\/2024\/11\/6745-005-1-1536x1152.jpg 1536w, https:\/\/fundacionincipe.com\/wp-content\/uploads\/2024\/11\/6745-005-1.jpg 2008w\" sizes=\"(max-width: 1024px) 100vw, 1024px\" \/><button\n\t\t\tclass=\"lightbox-trigger\"\n\t\t\ttype=\"button\"\n\t\t\taria-haspopup=\"dialog\"\n\t\t\taria-label=\"Ampliar la imagen\"\n\t\t\tdata-wp-init=\"callbacks.initTriggerButton\"\n\t\t\tdata-wp-on-async--click=\"actions.showLightbox\"\n\t\t\tdata-wp-style--right=\"state.imageButtonRight\"\n\t\t\tdata-wp-style--top=\"state.imageButtonTop\"\n\t\t>\n\t\t\t<svg xmlns=\"http:\/\/www.w3.org\/2000\/svg\" width=\"12\" height=\"12\" fill=\"none\" viewBox=\"0 0 12 12\">\n\t\t\t\t<path fill=\"#fff\" d=\"M2 0a2 2 0 0 0-2 2v2h1.5V2a.5.5 0 0 1 .5-.5h2V0H2Zm2 10.5H2a.5.5 0 0 1-.5-.5V8H0v2a2 2 0 0 0 2 2h2v-1.5ZM8 12v-1.5h2a.5.5 0 0 0 .5-.5V8H12v2a2 2 0 0 1-2 2H8Zm2-12a2 2 0 0 1 2 2v2h-1.5V2a.5.5 0 0 0-.5-.5H8V0h2Z\" \/>\n\t\t\t<\/svg>\n\t\t<\/button><\/figure>\n\n\n\n<figure data-wp-context=\"{&quot;imageId&quot;:&quot;69f27ff3807d6&quot;}\" data-wp-interactive=\"core\/image\" class=\"wp-block-image size-large wp-lightbox-container\"><img decoding=\"async\" width=\"1024\" height=\"768\" data-wp-class--hide=\"state.isContentHidden\" data-wp-class--show=\"state.isContentVisible\" data-wp-init=\"callbacks.setButtonStyles\" data-wp-on-async--click=\"actions.showLightbox\" data-wp-on-async--load=\"callbacks.setButtonStyles\" data-wp-on-async-window--resize=\"callbacks.setButtonStyles\" data-id=\"18997\" src=\"https:\/\/fundacionincipe.com\/wp-content\/uploads\/2024\/11\/6745-025-1024x768.jpg\" alt=\"\" class=\"wp-image-18997\" srcset=\"https:\/\/fundacionincipe.com\/wp-content\/uploads\/2024\/11\/6745-025-1024x768.jpg 1024w, https:\/\/fundacionincipe.com\/wp-content\/uploads\/2024\/11\/6745-025-300x225.jpg 300w, https:\/\/fundacionincipe.com\/wp-content\/uploads\/2024\/11\/6745-025-768x576.jpg 768w, https:\/\/fundacionincipe.com\/wp-content\/uploads\/2024\/11\/6745-025-1536x1152.jpg 1536w, https:\/\/fundacionincipe.com\/wp-content\/uploads\/2024\/11\/6745-025.jpg 2008w\" sizes=\"(max-width: 1024px) 100vw, 1024px\" \/><button\n\t\t\tclass=\"lightbox-trigger\"\n\t\t\ttype=\"button\"\n\t\t\taria-haspopup=\"dialog\"\n\t\t\taria-label=\"Ampliar la imagen\"\n\t\t\tdata-wp-init=\"callbacks.initTriggerButton\"\n\t\t\tdata-wp-on-async--click=\"actions.showLightbox\"\n\t\t\tdata-wp-style--right=\"state.imageButtonRight\"\n\t\t\tdata-wp-style--top=\"state.imageButtonTop\"\n\t\t>\n\t\t\t<svg xmlns=\"http:\/\/www.w3.org\/2000\/svg\" width=\"12\" height=\"12\" fill=\"none\" viewBox=\"0 0 12 12\">\n\t\t\t\t<path fill=\"#fff\" d=\"M2 0a2 2 0 0 0-2 2v2h1.5V2a.5.5 0 0 1 .5-.5h2V0H2Zm2 10.5H2a.5.5 0 0 1-.5-.5V8H0v2a2 2 0 0 0 2 2h2v-1.5ZM8 12v-1.5h2a.5.5 0 0 0 .5-.5V8H12v2a2 2 0 0 1-2 2H8Zm2-12a2 2 0 0 1 2 2v2h-1.5V2a.5.5 0 0 0-.5-.5H8V0h2Z\" \/>\n\t\t\t<\/svg>\n\t\t<\/button><\/figure>\n\n\n\n<figure data-wp-context=\"{&quot;imageId&quot;:&quot;69f27ff380c5f&quot;}\" data-wp-interactive=\"core\/image\" class=\"wp-block-image size-large wp-lightbox-container\"><img decoding=\"async\" width=\"1024\" height=\"768\" data-wp-class--hide=\"state.isContentHidden\" data-wp-class--show=\"state.isContentVisible\" data-wp-init=\"callbacks.setButtonStyles\" data-wp-on-async--click=\"actions.showLightbox\" data-wp-on-async--load=\"callbacks.setButtonStyles\" data-wp-on-async-window--resize=\"callbacks.setButtonStyles\" data-id=\"18998\" src=\"https:\/\/fundacionincipe.com\/wp-content\/uploads\/2024\/11\/6745-040-1024x768.jpg\" alt=\"\" class=\"wp-image-18998\" srcset=\"https:\/\/fundacionincipe.com\/wp-content\/uploads\/2024\/11\/6745-040-1024x768.jpg 1024w, https:\/\/fundacionincipe.com\/wp-content\/uploads\/2024\/11\/6745-040-300x225.jpg 300w, https:\/\/fundacionincipe.com\/wp-content\/uploads\/2024\/11\/6745-040-768x576.jpg 768w, https:\/\/fundacionincipe.com\/wp-content\/uploads\/2024\/11\/6745-040-1536x1152.jpg 1536w, https:\/\/fundacionincipe.com\/wp-content\/uploads\/2024\/11\/6745-040.jpg 2008w\" sizes=\"(max-width: 1024px) 100vw, 1024px\" \/><button\n\t\t\tclass=\"lightbox-trigger\"\n\t\t\ttype=\"button\"\n\t\t\taria-haspopup=\"dialog\"\n\t\t\taria-label=\"Ampliar la imagen\"\n\t\t\tdata-wp-init=\"callbacks.initTriggerButton\"\n\t\t\tdata-wp-on-async--click=\"actions.showLightbox\"\n\t\t\tdata-wp-style--right=\"state.imageButtonRight\"\n\t\t\tdata-wp-style--top=\"state.imageButtonTop\"\n\t\t>\n\t\t\t<svg xmlns=\"http:\/\/www.w3.org\/2000\/svg\" width=\"12\" height=\"12\" fill=\"none\" viewBox=\"0 0 12 12\">\n\t\t\t\t<path fill=\"#fff\" d=\"M2 0a2 2 0 0 0-2 2v2h1.5V2a.5.5 0 0 1 .5-.5h2V0H2Zm2 10.5H2a.5.5 0 0 1-.5-.5V8H0v2a2 2 0 0 0 2 2h2v-1.5ZM8 12v-1.5h2a.5.5 0 0 0 .5-.5V8H12v2a2 2 0 0 1-2 2H8Zm2-12a2 2 0 0 1 2 2v2h-1.5V2a.5.5 0 0 0-.5-.5H8V0h2Z\" \/>\n\t\t\t<\/svg>\n\t\t<\/button><\/figure>\n<\/figure>\n","protected":false},"excerpt":{"rendered":"<p>\u201cLo bueno se hace esperar\u201d (\u201cWas lange w\u00e4hrt, wird endlich gut\u201d) afirmaba el Embajador alem\u00e1n, refiri\u00e9ndose a la formaci\u00f3n de la nueva Gran Coalici\u00f3n alemana, tras m\u00e1s de cuatro meses [&hellip;]<\/p>\n","protected":false},"author":3,"featured_media":18996,"comment_status":"open","ping_status":"closed","sticky":false,"template":"","format":"standard","meta":{"_acf_changed":false,"footnotes":""},"categories":[8],"tags":[],"class_list":["post-18995","post","type-post","status-publish","format-standard","has-post-thumbnail","hentry","category-conferencias-y-seminarios"],"acf":[],"_links":{"self":[{"href":"https:\/\/fundacionincipe.com\/index.php\/wp-json\/wp\/v2\/posts\/18995","targetHints":{"allow":["GET"]}}],"collection":[{"href":"https:\/\/fundacionincipe.com\/index.php\/wp-json\/wp\/v2\/posts"}],"about":[{"href":"https:\/\/fundacionincipe.com\/index.php\/wp-json\/wp\/v2\/types\/post"}],"author":[{"embeddable":true,"href":"https:\/\/fundacionincipe.com\/index.php\/wp-json\/wp\/v2\/users\/3"}],"replies":[{"embeddable":true,"href":"https:\/\/fundacionincipe.com\/index.php\/wp-json\/wp\/v2\/comments?post=18995"}],"version-history":[{"count":1,"href":"https:\/\/fundacionincipe.com\/index.php\/wp-json\/wp\/v2\/posts\/18995\/revisions"}],"predecessor-version":[{"id":18999,"href":"https:\/\/fundacionincipe.com\/index.php\/wp-json\/wp\/v2\/posts\/18995\/revisions\/18999"}],"wp:featuredmedia":[{"embeddable":true,"href":"https:\/\/fundacionincipe.com\/index.php\/wp-json\/wp\/v2\/media\/18996"}],"wp:attachment":[{"href":"https:\/\/fundacionincipe.com\/index.php\/wp-json\/wp\/v2\/media?parent=18995"}],"wp:term":[{"taxonomy":"category","embeddable":true,"href":"https:\/\/fundacionincipe.com\/index.php\/wp-json\/wp\/v2\/categories?post=18995"},{"taxonomy":"post_tag","embeddable":true,"href":"https:\/\/fundacionincipe.com\/index.php\/wp-json\/wp\/v2\/tags?post=18995"}],"curies":[{"name":"wp","href":"https:\/\/api.w.org\/{rel}","templated":true}]}}