{"id":18976,"date":"2018-04-12T11:17:00","date_gmt":"2018-04-12T11:17:00","guid":{"rendered":"https:\/\/fundacionincipe.com\/?p=18976"},"modified":"2024-11-20T11:20:07","modified_gmt":"2024-11-20T11:20:07","slug":"developments-in-and-around-turkey-2","status":"publish","type":"post","link":"https:\/\/fundacionincipe.com\/index.php\/2018\/04\/12\/developments-in-and-around-turkey-2\/","title":{"rendered":"Developments in and around Turkey"},"content":{"rendered":"\n<p><div id=\"container\"><div id=\"content\"><div class=\"article\"><div class=\"post-5607 post type-post status-publish format-standard has-post-thumbnail hentry category-desayunos-de-trabajo\" id=\"post-5607\"><p>El rol de Turqu\u00eda en la comunidad internacional viene fuertemente  marcado por su ubicaci\u00f3n geogr\u00e1fica como intersecci\u00f3n entre distintas  regiones; el pa\u00eds otomano se encuentra en el cruce entre Asia, Oriente  Medio y Europa. Es un pa\u00eds que, adem\u00e1s, destaca por ser la 17\u00aa econom\u00eda  mundial y por tener una poblaci\u00f3n de casi 80 millones de habitantes. En  la actualidad, <strong>Turqu\u00eda se enfrenta, como muchos otros de su pa\u00edses vecinos, a complejos retos en materia de seguridad y defensa<\/strong>.  La primavera \u00e1rabe \u2013si as\u00ed puede denominarse- afect\u00f3 de forma muy  directa al pa\u00eds, causando efectos que a d\u00eda de hoy perduran. En este  contexto, el pa\u00eds euroasi\u00e1tico remarca la especial dificultad que  plantea su ubicaci\u00f3n y la necesidad de adoptar medidas reales y en  cooperaci\u00f3n con la comunidad internacional.<\/p><p>Entre los desaf\u00edos que Turqu\u00eda considera prioritarios para su  seguridad podemos encontrar, en primer lugar, el terrorismo, desde, al  menos, tres frentes: el DAESH, que si bien est\u00e1n luchando en la buena  direcci\u00f3n, todav\u00eda est\u00e1n lejos de ser eliminados por completo; el PKK  (Partido de los Trabajadores del Kurdist\u00e1n); y el movimiento liderado  por Fetul\u00e1 G\u00fclen, autor del fallido golpe de Estado llevado a cabo el  pasado julio de 2016. El <strong>flujo de refugiados de Siria tambi\u00e9n supone un reto para Turqu\u00eda<\/strong>.  El pa\u00eds reivindica haber gestionado esta crisis con dinero de \u201csus  propios impuestos\u201d y haber recibido poca ayuda internacional en  comparaci\u00f3n. En tercer lugar, el radicalismo, y en especial, el abuso de  la religi\u00f3n es extremadamente preocupante para el estado, as\u00ed como el  afloramiento de sentimientos islam\u00f3fobos, xen\u00f3fobos, anti-semitistas y  racistas. En \u00faltimo lugar, tambi\u00e9n se mencion\u00f3 la proliferaci\u00f3n de armas  de destrucci\u00f3n masiva y el uso reciente de armas qu\u00edmicas, as\u00ed como la  necesidad de darle una soluci\u00f3n conjunta a estos temas.<\/p><p>Con respecto a las relaciones de Turqu\u00eda con la Uni\u00f3n Europea, este  primero remarca su persistencia en conseguir la adhesi\u00f3n a la Uni\u00f3n, si  bien alega que \u00e9sta hace esfuerzos por frenar este objetivo y no juzga a  Turqu\u00eda con el mismo criterio que al resto de candidatos. Por otro  lado, <strong>Turqu\u00eda reafirma su compromiso leal con la OTAN as\u00ed como con todas las organizaciones de las que es miembro<\/strong>,  rechazando el argumento de que la pol\u00edtica exterior del pa\u00eds est\u00e9 dando  un giro hacia Rusia. En efecto, las relaciones turco-rusas est\u00e1n en un  momento \u00e1lgido. No obstante, ello no debe interpretarse como una  renuncia a sus responsabilidades con la Alianza Atl\u00e1ntica. Finalmente,  cabe resaltar la incipiente relaci\u00f3n entre Turqu\u00eda y pa\u00edses africanos.  Hasta ahora, hay 40 embajadas turcas abiertas en el continente, y aunque  en la actualidad la mayor parte de la relaci\u00f3n es en forma de ayuda  humanitaria, se espera que se sigan expandiendo las relaciones. Entre  otras cosas, Turqu\u00eda prioriza el cierre de las escuelas afines a Fetul\u00e1  G\u00fclen.<\/p><\/div><\/div><\/div><\/div> Silvia Prada<\/p>\n\n\n\n<figure class=\"wp-block-gallery has-nested-images columns-default is-cropped wp-block-gallery-1 is-layout-flex wp-block-gallery-is-layout-flex\">\n<figure data-wp-context=\"{&quot;imageId&quot;:&quot;69f27a7ece9bc&quot;}\" data-wp-interactive=\"core\/image\" class=\"wp-block-image size-large wp-lightbox-container\"><img fetchpriority=\"high\" decoding=\"async\" width=\"1024\" height=\"819\" data-wp-class--hide=\"state.isContentHidden\" data-wp-class--show=\"state.isContentVisible\" data-wp-init=\"callbacks.setButtonStyles\" data-wp-on-async--click=\"actions.showLightbox\" data-wp-on-async--load=\"callbacks.setButtonStyles\" data-wp-on-async-window--resize=\"callbacks.setButtonStyles\" data-id=\"18978\" src=\"https:\/\/fundacionincipe.com\/wp-content\/uploads\/2024\/11\/6756-017-1024x819.jpg\" alt=\"\" class=\"wp-image-18978\" srcset=\"https:\/\/fundacionincipe.com\/wp-content\/uploads\/2024\/11\/6756-017-1024x819.jpg 1024w, https:\/\/fundacionincipe.com\/wp-content\/uploads\/2024\/11\/6756-017-300x240.jpg 300w, https:\/\/fundacionincipe.com\/wp-content\/uploads\/2024\/11\/6756-017-768x614.jpg 768w, https:\/\/fundacionincipe.com\/wp-content\/uploads\/2024\/11\/6756-017-1536x1229.jpg 1536w, https:\/\/fundacionincipe.com\/wp-content\/uploads\/2024\/11\/6756-017-2048x1638.jpg 2048w\" sizes=\"(max-width: 1024px) 100vw, 1024px\" \/><button\n\t\t\tclass=\"lightbox-trigger\"\n\t\t\ttype=\"button\"\n\t\t\taria-haspopup=\"dialog\"\n\t\t\taria-label=\"Ampliar la imagen\"\n\t\t\tdata-wp-init=\"callbacks.initTriggerButton\"\n\t\t\tdata-wp-on-async--click=\"actions.showLightbox\"\n\t\t\tdata-wp-style--right=\"state.imageButtonRight\"\n\t\t\tdata-wp-style--top=\"state.imageButtonTop\"\n\t\t>\n\t\t\t<svg xmlns=\"http:\/\/www.w3.org\/2000\/svg\" width=\"12\" height=\"12\" fill=\"none\" viewBox=\"0 0 12 12\">\n\t\t\t\t<path fill=\"#fff\" d=\"M2 0a2 2 0 0 0-2 2v2h1.5V2a.5.5 0 0 1 .5-.5h2V0H2Zm2 10.5H2a.5.5 0 0 1-.5-.5V8H0v2a2 2 0 0 0 2 2h2v-1.5ZM8 12v-1.5h2a.5.5 0 0 0 .5-.5V8H12v2a2 2 0 0 1-2 2H8Zm2-12a2 2 0 0 1 2 2v2h-1.5V2a.5.5 0 0 0-.5-.5H8V0h2Z\" \/>\n\t\t\t<\/svg>\n\t\t<\/button><\/figure>\n\n\n\n<figure data-wp-context=\"{&quot;imageId&quot;:&quot;69f27a7ecef84&quot;}\" data-wp-interactive=\"core\/image\" class=\"wp-block-image size-large wp-lightbox-container\"><img decoding=\"async\" width=\"1024\" height=\"819\" data-wp-class--hide=\"state.isContentHidden\" data-wp-class--show=\"state.isContentVisible\" data-wp-init=\"callbacks.setButtonStyles\" data-wp-on-async--click=\"actions.showLightbox\" data-wp-on-async--load=\"callbacks.setButtonStyles\" data-wp-on-async-window--resize=\"callbacks.setButtonStyles\" data-id=\"18977\" src=\"https:\/\/fundacionincipe.com\/wp-content\/uploads\/2024\/11\/6756-023-1-1024x819.jpg\" alt=\"\" class=\"wp-image-18977\" srcset=\"https:\/\/fundacionincipe.com\/wp-content\/uploads\/2024\/11\/6756-023-1-1024x819.jpg 1024w, https:\/\/fundacionincipe.com\/wp-content\/uploads\/2024\/11\/6756-023-1-300x240.jpg 300w, https:\/\/fundacionincipe.com\/wp-content\/uploads\/2024\/11\/6756-023-1-768x614.jpg 768w, https:\/\/fundacionincipe.com\/wp-content\/uploads\/2024\/11\/6756-023-1-1536x1229.jpg 1536w, https:\/\/fundacionincipe.com\/wp-content\/uploads\/2024\/11\/6756-023-1-2048x1639.jpg 2048w\" sizes=\"(max-width: 1024px) 100vw, 1024px\" \/><button\n\t\t\tclass=\"lightbox-trigger\"\n\t\t\ttype=\"button\"\n\t\t\taria-haspopup=\"dialog\"\n\t\t\taria-label=\"Ampliar la imagen\"\n\t\t\tdata-wp-init=\"callbacks.initTriggerButton\"\n\t\t\tdata-wp-on-async--click=\"actions.showLightbox\"\n\t\t\tdata-wp-style--right=\"state.imageButtonRight\"\n\t\t\tdata-wp-style--top=\"state.imageButtonTop\"\n\t\t>\n\t\t\t<svg xmlns=\"http:\/\/www.w3.org\/2000\/svg\" width=\"12\" height=\"12\" fill=\"none\" viewBox=\"0 0 12 12\">\n\t\t\t\t<path fill=\"#fff\" d=\"M2 0a2 2 0 0 0-2 2v2h1.5V2a.5.5 0 0 1 .5-.5h2V0H2Zm2 10.5H2a.5.5 0 0 1-.5-.5V8H0v2a2 2 0 0 0 2 2h2v-1.5ZM8 12v-1.5h2a.5.5 0 0 0 .5-.5V8H12v2a2 2 0 0 1-2 2H8Zm2-12a2 2 0 0 1 2 2v2h-1.5V2a.5.5 0 0 0-.5-.5H8V0h2Z\" \/>\n\t\t\t<\/svg>\n\t\t<\/button><\/figure>\n\n\n\n<figure data-wp-context=\"{&quot;imageId&quot;:&quot;69f27a7ecf401&quot;}\" data-wp-interactive=\"core\/image\" class=\"wp-block-image size-large wp-lightbox-container\"><img decoding=\"async\" width=\"1024\" height=\"819\" data-wp-class--hide=\"state.isContentHidden\" data-wp-class--show=\"state.isContentVisible\" data-wp-init=\"callbacks.setButtonStyles\" data-wp-on-async--click=\"actions.showLightbox\" data-wp-on-async--load=\"callbacks.setButtonStyles\" data-wp-on-async-window--resize=\"callbacks.setButtonStyles\" data-id=\"18979\" src=\"https:\/\/fundacionincipe.com\/wp-content\/uploads\/2024\/11\/6756-010-1024x819.jpg\" alt=\"\" class=\"wp-image-18979\" srcset=\"https:\/\/fundacionincipe.com\/wp-content\/uploads\/2024\/11\/6756-010-1024x819.jpg 1024w, https:\/\/fundacionincipe.com\/wp-content\/uploads\/2024\/11\/6756-010-300x240.jpg 300w, https:\/\/fundacionincipe.com\/wp-content\/uploads\/2024\/11\/6756-010-768x614.jpg 768w, https:\/\/fundacionincipe.com\/wp-content\/uploads\/2024\/11\/6756-010-1536x1229.jpg 1536w, https:\/\/fundacionincipe.com\/wp-content\/uploads\/2024\/11\/6756-010-2048x1638.jpg 2048w\" sizes=\"(max-width: 1024px) 100vw, 1024px\" \/><button\n\t\t\tclass=\"lightbox-trigger\"\n\t\t\ttype=\"button\"\n\t\t\taria-haspopup=\"dialog\"\n\t\t\taria-label=\"Ampliar la imagen\"\n\t\t\tdata-wp-init=\"callbacks.initTriggerButton\"\n\t\t\tdata-wp-on-async--click=\"actions.showLightbox\"\n\t\t\tdata-wp-style--right=\"state.imageButtonRight\"\n\t\t\tdata-wp-style--top=\"state.imageButtonTop\"\n\t\t>\n\t\t\t<svg xmlns=\"http:\/\/www.w3.org\/2000\/svg\" width=\"12\" height=\"12\" fill=\"none\" viewBox=\"0 0 12 12\">\n\t\t\t\t<path fill=\"#fff\" d=\"M2 0a2 2 0 0 0-2 2v2h1.5V2a.5.5 0 0 1 .5-.5h2V0H2Zm2 10.5H2a.5.5 0 0 1-.5-.5V8H0v2a2 2 0 0 0 2 2h2v-1.5ZM8 12v-1.5h2a.5.5 0 0 0 .5-.5V8H12v2a2 2 0 0 1-2 2H8Zm2-12a2 2 0 0 1 2 2v2h-1.5V2a.5.5 0 0 0-.5-.5H8V0h2Z\" \/>\n\t\t\t<\/svg>\n\t\t<\/button><\/figure>\n<\/figure>\n","protected":false},"excerpt":{"rendered":"<p>El rol de Turqu\u00eda en la comunidad internacional viene fuertemente marcado por su ubicaci\u00f3n geogr\u00e1fica como intersecci\u00f3n entre distintas regiones; el pa\u00eds otomano se encuentra en el cruce entre Asia, [&hellip;]<\/p>\n","protected":false},"author":3,"featured_media":18977,"comment_status":"open","ping_status":"closed","sticky":false,"template":"","format":"standard","meta":{"_acf_changed":false,"footnotes":""},"categories":[8],"tags":[],"class_list":["post-18976","post","type-post","status-publish","format-standard","has-post-thumbnail","hentry","category-conferencias-y-seminarios"],"acf":[],"_links":{"self":[{"href":"https:\/\/fundacionincipe.com\/index.php\/wp-json\/wp\/v2\/posts\/18976","targetHints":{"allow":["GET"]}}],"collection":[{"href":"https:\/\/fundacionincipe.com\/index.php\/wp-json\/wp\/v2\/posts"}],"about":[{"href":"https:\/\/fundacionincipe.com\/index.php\/wp-json\/wp\/v2\/types\/post"}],"author":[{"embeddable":true,"href":"https:\/\/fundacionincipe.com\/index.php\/wp-json\/wp\/v2\/users\/3"}],"replies":[{"embeddable":true,"href":"https:\/\/fundacionincipe.com\/index.php\/wp-json\/wp\/v2\/comments?post=18976"}],"version-history":[{"count":1,"href":"https:\/\/fundacionincipe.com\/index.php\/wp-json\/wp\/v2\/posts\/18976\/revisions"}],"predecessor-version":[{"id":18980,"href":"https:\/\/fundacionincipe.com\/index.php\/wp-json\/wp\/v2\/posts\/18976\/revisions\/18980"}],"wp:featuredmedia":[{"embeddable":true,"href":"https:\/\/fundacionincipe.com\/index.php\/wp-json\/wp\/v2\/media\/18977"}],"wp:attachment":[{"href":"https:\/\/fundacionincipe.com\/index.php\/wp-json\/wp\/v2\/media?parent=18976"}],"wp:term":[{"taxonomy":"category","embeddable":true,"href":"https:\/\/fundacionincipe.com\/index.php\/wp-json\/wp\/v2\/categories?post=18976"},{"taxonomy":"post_tag","embeddable":true,"href":"https:\/\/fundacionincipe.com\/index.php\/wp-json\/wp\/v2\/tags?post=18976"}],"curies":[{"name":"wp","href":"https:\/\/api.w.org\/{rel}","templated":true}]}}