{"id":18921,"date":"2018-06-29T13:38:00","date_gmt":"2018-06-29T13:38:00","guid":{"rendered":"https:\/\/fundacionincipe.com\/?p=18921"},"modified":"2024-11-19T13:39:57","modified_gmt":"2024-11-19T13:39:57","slug":"espana-en-el-consejo-de-derechos-humanos-de-las-naciones-unidas-2","status":"publish","type":"post","link":"https:\/\/fundacionincipe.com\/index.php\/2018\/06\/29\/espana-en-el-consejo-de-derechos-humanos-de-las-naciones-unidas-2\/","title":{"rendered":"Espa\u00f1a en el Consejo de Derechos Humanos de las Naciones Unidas"},"content":{"rendered":"\n<p>La defensa de los Derechos Humanos es un tema inabarcable, pero se basan en el principio de que la persona es sagrada y su protecci\u00f3n debe moverse en una dimensi\u00f3n pol\u00edtico \u2013 institucional que se apoya en la Carta de las Naciones Unidas (que tiene por objetivo promover la paz, la cooperaci\u00f3n internacionales y los Derechos Humanos) y en el Estado de Derecho, que se caracteriza por la separaci\u00f3n de poderes, Imperio de la Ley y protecci\u00f3n de los DD.HH..<\/p>\n\n\n\n<p>En la actualidad, la ONU tiene varias herramientas para la defensa de los Derechos Humanos: en primer lugar, la Declaraci\u00f3n Universal de los Derechos Humanos, as\u00ed como los 9 tratados y\/o comit\u00e9s (sobre temas de raza, mujer, tortura, protecci\u00f3n de la infancia); pero tambi\u00e9n la Oficina del Alto Comisionado y, sobre todo, el <strong>Consejo de Derechos Humanos<\/strong>. Este Consejo fue <strong>creado en 2006 y sus 47 miembros se eligen de acuerdo a un reparto geogr\u00e1fico<\/strong> en el que los pa\u00edses asi\u00e1ticos, africanos y latinoamericanos tienen 13 asientos cada uno, 7 los pa\u00edses occidentales y 6 los Estados de Europa Oriental.<\/p>\n\n\n\n<p>La principal funci\u00f3n del Consejo es elaborar el <strong>Examen peri\u00f3dico Universal (EPU) en el que los 193 Estados miembros de las Naciones Unidas se someten a un escrutinio<\/strong> sobre la situaci\u00f3n de los DD.HH. dentro de sus fronteras. Aunque el Consejo no tiene poder ejecutivo, la presi\u00f3n de someterse a este examen redunda en un mayor respeto a los DD.HH.. Adem\u00e1s, el Consejo tambi\u00e9n cuenta con la opci\u00f3n de activar Procedimientos Especiales para abordar situaciones espec\u00edficas de violaciones de DD.HH., bien en \u00e1reas tem\u00e1ticas o en un pa\u00eds en concreto.<\/p>\n\n\n\n<p>Espa\u00f1a forma parte del Consejo hasta 2020 y su actuaci\u00f3n se centrar\u00e1 hasta entonces en 3 \u00e1reas tem\u00e1ticas para las que se consignan 6 objetivos mayores. As\u00ed, Espa\u00f1a apuesta por la defensa de la dignidad humana y los derechos humanos, el apoyo a la democracia y al Estado de Derecho, as\u00ed como el Desarrollo Sostenible. Estas prioridades se concretan en seis prop\u00f3sitos: luchar contra la pena de muerte, a trav\u00e9s de un avance gradual hasta llegar a su derogaci\u00f3n, eliminar la discriminaci\u00f3n por razones de g\u00e9nero y orientaci\u00f3n sexual, defender los DD.HH. de las personas con discapacidad, fomentar el derecho de acceso al agua potable y al saneamiento, proteger a los defensores de los Derechos Humanos y asegurarse de que las empresas respetan escrupulosamente estos derechos.<\/p>\n\n\n\n<p>El compromiso de Espa\u00f1a con los DD.HH. bebe de su absoluto respeto dentro de las fronteras del pa\u00eds, como as\u00ed lo reconocen los 180 miembros de la Asamblea General de la ONU que votaron a favor del ingreso de Espa\u00f1a en el Consejo de Derechos Humanos.<\/p>\n\n\n\n<p>Pablo Blanco<\/p>\n\n\n\n<figure class=\"wp-block-gallery has-nested-images columns-default is-cropped wp-block-gallery-1 is-layout-flex wp-block-gallery-is-layout-flex\">\n<figure data-wp-context=\"{&quot;imageId&quot;:&quot;69f27fba4c948&quot;}\" data-wp-interactive=\"core\/image\" class=\"wp-block-image size-large wp-lightbox-container\"><img fetchpriority=\"high\" decoding=\"async\" width=\"1024\" height=\"768\" data-wp-class--hide=\"state.isContentHidden\" data-wp-class--show=\"state.isContentVisible\" data-wp-init=\"callbacks.setButtonStyles\" data-wp-on-async--click=\"actions.showLightbox\" data-wp-on-async--load=\"callbacks.setButtonStyles\" data-wp-on-async-window--resize=\"callbacks.setButtonStyles\" data-id=\"18922\" src=\"https:\/\/fundacionincipe.com\/wp-content\/uploads\/2024\/11\/6793-007-1024x768.jpg\" alt=\"\" class=\"wp-image-18922\" srcset=\"https:\/\/fundacionincipe.com\/wp-content\/uploads\/2024\/11\/6793-007-1024x768.jpg 1024w, https:\/\/fundacionincipe.com\/wp-content\/uploads\/2024\/11\/6793-007-300x225.jpg 300w, https:\/\/fundacionincipe.com\/wp-content\/uploads\/2024\/11\/6793-007-768x576.jpg 768w, https:\/\/fundacionincipe.com\/wp-content\/uploads\/2024\/11\/6793-007-1536x1152.jpg 1536w, https:\/\/fundacionincipe.com\/wp-content\/uploads\/2024\/11\/6793-007.jpg 2008w\" sizes=\"(max-width: 1024px) 100vw, 1024px\" \/><button\n\t\t\tclass=\"lightbox-trigger\"\n\t\t\ttype=\"button\"\n\t\t\taria-haspopup=\"dialog\"\n\t\t\taria-label=\"Ampliar la imagen\"\n\t\t\tdata-wp-init=\"callbacks.initTriggerButton\"\n\t\t\tdata-wp-on-async--click=\"actions.showLightbox\"\n\t\t\tdata-wp-style--right=\"state.imageButtonRight\"\n\t\t\tdata-wp-style--top=\"state.imageButtonTop\"\n\t\t>\n\t\t\t<svg xmlns=\"http:\/\/www.w3.org\/2000\/svg\" width=\"12\" height=\"12\" fill=\"none\" viewBox=\"0 0 12 12\">\n\t\t\t\t<path fill=\"#fff\" d=\"M2 0a2 2 0 0 0-2 2v2h1.5V2a.5.5 0 0 1 .5-.5h2V0H2Zm2 10.5H2a.5.5 0 0 1-.5-.5V8H0v2a2 2 0 0 0 2 2h2v-1.5ZM8 12v-1.5h2a.5.5 0 0 0 .5-.5V8H12v2a2 2 0 0 1-2 2H8Zm2-12a2 2 0 0 1 2 2v2h-1.5V2a.5.5 0 0 0-.5-.5H8V0h2Z\" \/>\n\t\t\t<\/svg>\n\t\t<\/button><\/figure>\n\n\n\n<figure data-wp-context=\"{&quot;imageId&quot;:&quot;69f27fba4d023&quot;}\" data-wp-interactive=\"core\/image\" class=\"wp-block-image size-large wp-lightbox-container\"><img decoding=\"async\" width=\"1024\" height=\"768\" data-wp-class--hide=\"state.isContentHidden\" data-wp-class--show=\"state.isContentVisible\" data-wp-init=\"callbacks.setButtonStyles\" data-wp-on-async--click=\"actions.showLightbox\" data-wp-on-async--load=\"callbacks.setButtonStyles\" data-wp-on-async-window--resize=\"callbacks.setButtonStyles\" data-id=\"18923\" src=\"https:\/\/fundacionincipe.com\/wp-content\/uploads\/2024\/11\/6793-016-1024x768.jpg\" alt=\"\" class=\"wp-image-18923\" srcset=\"https:\/\/fundacionincipe.com\/wp-content\/uploads\/2024\/11\/6793-016-1024x768.jpg 1024w, https:\/\/fundacionincipe.com\/wp-content\/uploads\/2024\/11\/6793-016-300x225.jpg 300w, https:\/\/fundacionincipe.com\/wp-content\/uploads\/2024\/11\/6793-016-768x576.jpg 768w, https:\/\/fundacionincipe.com\/wp-content\/uploads\/2024\/11\/6793-016-1536x1152.jpg 1536w, https:\/\/fundacionincipe.com\/wp-content\/uploads\/2024\/11\/6793-016.jpg 2008w\" sizes=\"(max-width: 1024px) 100vw, 1024px\" \/><button\n\t\t\tclass=\"lightbox-trigger\"\n\t\t\ttype=\"button\"\n\t\t\taria-haspopup=\"dialog\"\n\t\t\taria-label=\"Ampliar la imagen\"\n\t\t\tdata-wp-init=\"callbacks.initTriggerButton\"\n\t\t\tdata-wp-on-async--click=\"actions.showLightbox\"\n\t\t\tdata-wp-style--right=\"state.imageButtonRight\"\n\t\t\tdata-wp-style--top=\"state.imageButtonTop\"\n\t\t>\n\t\t\t<svg xmlns=\"http:\/\/www.w3.org\/2000\/svg\" width=\"12\" height=\"12\" fill=\"none\" viewBox=\"0 0 12 12\">\n\t\t\t\t<path fill=\"#fff\" d=\"M2 0a2 2 0 0 0-2 2v2h1.5V2a.5.5 0 0 1 .5-.5h2V0H2Zm2 10.5H2a.5.5 0 0 1-.5-.5V8H0v2a2 2 0 0 0 2 2h2v-1.5ZM8 12v-1.5h2a.5.5 0 0 0 .5-.5V8H12v2a2 2 0 0 1-2 2H8Zm2-12a2 2 0 0 1 2 2v2h-1.5V2a.5.5 0 0 0-.5-.5H8V0h2Z\" \/>\n\t\t\t<\/svg>\n\t\t<\/button><\/figure>\n\n\n\n<figure data-wp-context=\"{&quot;imageId&quot;:&quot;69f27fba4d5fc&quot;}\" data-wp-interactive=\"core\/image\" class=\"wp-block-image size-large wp-lightbox-container\"><img decoding=\"async\" width=\"1024\" height=\"768\" data-wp-class--hide=\"state.isContentHidden\" data-wp-class--show=\"state.isContentVisible\" data-wp-init=\"callbacks.setButtonStyles\" data-wp-on-async--click=\"actions.showLightbox\" data-wp-on-async--load=\"callbacks.setButtonStyles\" data-wp-on-async-window--resize=\"callbacks.setButtonStyles\" data-id=\"18924\" src=\"https:\/\/fundacionincipe.com\/wp-content\/uploads\/2024\/11\/6793-022-1024x768.jpg\" alt=\"\" class=\"wp-image-18924\" srcset=\"https:\/\/fundacionincipe.com\/wp-content\/uploads\/2024\/11\/6793-022-1024x768.jpg 1024w, https:\/\/fundacionincipe.com\/wp-content\/uploads\/2024\/11\/6793-022-300x225.jpg 300w, https:\/\/fundacionincipe.com\/wp-content\/uploads\/2024\/11\/6793-022-768x576.jpg 768w, https:\/\/fundacionincipe.com\/wp-content\/uploads\/2024\/11\/6793-022-1536x1152.jpg 1536w, https:\/\/fundacionincipe.com\/wp-content\/uploads\/2024\/11\/6793-022.jpg 2008w\" sizes=\"(max-width: 1024px) 100vw, 1024px\" \/><button\n\t\t\tclass=\"lightbox-trigger\"\n\t\t\ttype=\"button\"\n\t\t\taria-haspopup=\"dialog\"\n\t\t\taria-label=\"Ampliar la imagen\"\n\t\t\tdata-wp-init=\"callbacks.initTriggerButton\"\n\t\t\tdata-wp-on-async--click=\"actions.showLightbox\"\n\t\t\tdata-wp-style--right=\"state.imageButtonRight\"\n\t\t\tdata-wp-style--top=\"state.imageButtonTop\"\n\t\t>\n\t\t\t<svg xmlns=\"http:\/\/www.w3.org\/2000\/svg\" width=\"12\" height=\"12\" fill=\"none\" viewBox=\"0 0 12 12\">\n\t\t\t\t<path fill=\"#fff\" d=\"M2 0a2 2 0 0 0-2 2v2h1.5V2a.5.5 0 0 1 .5-.5h2V0H2Zm2 10.5H2a.5.5 0 0 1-.5-.5V8H0v2a2 2 0 0 0 2 2h2v-1.5ZM8 12v-1.5h2a.5.5 0 0 0 .5-.5V8H12v2a2 2 0 0 1-2 2H8Zm2-12a2 2 0 0 1 2 2v2h-1.5V2a.5.5 0 0 0-.5-.5H8V0h2Z\" \/>\n\t\t\t<\/svg>\n\t\t<\/button><\/figure>\n<\/figure>\n","protected":false},"excerpt":{"rendered":"<p>La defensa de los Derechos Humanos es un tema inabarcable, pero se basan en el principio de que la persona es sagrada y su protecci\u00f3n debe moverse en una dimensi\u00f3n [&hellip;]<\/p>\n","protected":false},"author":3,"featured_media":18922,"comment_status":"open","ping_status":"closed","sticky":false,"template":"","format":"standard","meta":{"_acf_changed":false,"footnotes":""},"categories":[8],"tags":[],"class_list":["post-18921","post","type-post","status-publish","format-standard","has-post-thumbnail","hentry","category-conferencias-y-seminarios"],"acf":[],"_links":{"self":[{"href":"https:\/\/fundacionincipe.com\/index.php\/wp-json\/wp\/v2\/posts\/18921","targetHints":{"allow":["GET"]}}],"collection":[{"href":"https:\/\/fundacionincipe.com\/index.php\/wp-json\/wp\/v2\/posts"}],"about":[{"href":"https:\/\/fundacionincipe.com\/index.php\/wp-json\/wp\/v2\/types\/post"}],"author":[{"embeddable":true,"href":"https:\/\/fundacionincipe.com\/index.php\/wp-json\/wp\/v2\/users\/3"}],"replies":[{"embeddable":true,"href":"https:\/\/fundacionincipe.com\/index.php\/wp-json\/wp\/v2\/comments?post=18921"}],"version-history":[{"count":1,"href":"https:\/\/fundacionincipe.com\/index.php\/wp-json\/wp\/v2\/posts\/18921\/revisions"}],"predecessor-version":[{"id":18925,"href":"https:\/\/fundacionincipe.com\/index.php\/wp-json\/wp\/v2\/posts\/18921\/revisions\/18925"}],"wp:featuredmedia":[{"embeddable":true,"href":"https:\/\/fundacionincipe.com\/index.php\/wp-json\/wp\/v2\/media\/18922"}],"wp:attachment":[{"href":"https:\/\/fundacionincipe.com\/index.php\/wp-json\/wp\/v2\/media?parent=18921"}],"wp:term":[{"taxonomy":"category","embeddable":true,"href":"https:\/\/fundacionincipe.com\/index.php\/wp-json\/wp\/v2\/categories?post=18921"},{"taxonomy":"post_tag","embeddable":true,"href":"https:\/\/fundacionincipe.com\/index.php\/wp-json\/wp\/v2\/tags?post=18921"}],"curies":[{"name":"wp","href":"https:\/\/api.w.org\/{rel}","templated":true}]}}