{"id":18868,"date":"2018-11-06T12:45:00","date_gmt":"2018-11-06T12:45:00","guid":{"rendered":"https:\/\/fundacionincipe.com\/?p=18868"},"modified":"2024-11-19T12:49:55","modified_gmt":"2024-11-19T12:49:55","slug":"los-retos-de-la-logistica-de-emergencias-claves-desde-el-programa-mundial-de-alimentos-de-las-naciones-unidas","status":"publish","type":"post","link":"https:\/\/fundacionincipe.com\/index.php\/2018\/11\/06\/los-retos-de-la-logistica-de-emergencias-claves-desde-el-programa-mundial-de-alimentos-de-las-naciones-unidas\/","title":{"rendered":"Los retos de la log\u00edstica de emergencias: claves desde el Programa Mundial de Alimentos de las Naciones Unidas"},"content":{"rendered":"\n<p>Siguiendo la colaboraci\u00f3n con el Programa Mundial de Alimentos (<em>World Food Program<\/em>), la <strong>organizaci\u00f3n humanitaria l\u00edder en la lucha contra el hambre<\/strong> en todo el mundo, este segundo Desayuno de Trabajo sobre este tema tan trascendental ha puesto el foco en el <strong>plano m\u00e1s operacional y log\u00edstico<\/strong> que el WFP lleva a cabo para poder desarrollar su importante misi\u00f3n a escala global.<\/p>\n\n\n\n<p>Como ya se ven\u00eda advirtiendo, aunque las cifras arrojan una mejora general en la erradicaci\u00f3n del hambre y en proporcionar seguridad alimentaria, lo cierto es que estamos ante la <strong>primera ocasi\u00f3n en la que el hambre ha aumentado desde el a\u00f1o 1990<\/strong>, por lo que los desaf\u00edos a los que nos enfrentamos son muchos y cada vez m\u00e1s complejos. Por ello, es necesario llevar a cabo un profundo ejercicio de sensibilizaci\u00f3n y de integraci\u00f3n de estas acciones en las distintas pol\u00edticas p\u00fablicas de todos los gobiernos.<\/p>\n\n\n\n<p>En <strong>t\u00e9rminos cuantitativos<\/strong>, las cifras de las que el WFP dispone parecen cada vez m\u00e1s alentadoras, aunque siguen siendo insuficientes: unos <strong>7.000 millones de d\u00f3lares al a\u00f1o para la consecuci\u00f3n de todos sus objetivos<\/strong> (adem\u00e1s de las distintas donaciones que recibe); m\u00e1s de 16.000 personas, 92 aviones, 40 barcos y alrededor de 5.000 camiones que ayudan diariamente a desarrollar el <em>trabajo de campo <\/em>que el Programa realiza para hacer llegar alimentos y otros recursos a las personas m\u00e1s necesitadas, utilizando como motor principal la <strong>Red Global de las Naciones Unidas.<\/strong><\/p>\n\n\n\n<p>Los principales problemas a los que se enfrenta en cuanto a su cadena de suministro radican en la <strong>dificultad de acceso<\/strong> a muchas \u00e1reas, ya sea por la acci\u00f3n de cat\u00e1strofes naturales, la existencia de zonas de guerra y grupos terroristas (como el ISIS o Boko Haram) o la simple negaci\u00f3n de algunos gobiernos a recibir ayuda por diversas cuestiones pol\u00edticas. Esto conlleva a que la entrega de alimentos sea extremadamente costosa o complicada; Sud\u00e1n del Sur, Yemen, Siria o la Rep\u00fablica Centroafricana son solo algunos ejemplos en los que estos obst\u00e1culos se traducen en unas <strong>emergencias continuadas<\/strong> donde la actuaci\u00f3n del WFP es vital cada a\u00f1o, pero es tambi\u00e9n cada vez m\u00e1s dif\u00edcil. Asimismo, <strong>las emergencias son cada vez m\u00e1s complejas<\/strong>, y el tiempo general de actuaci\u00f3n (de 24 a 72 horas) a veces se convierte en mucho m\u00e1s de lo debido. El tiempo de respuesta est\u00e1 condicionado al tipo de acceso que se tenga, la cantidad de personas afectadas y las necesidades que sobrepasan a los gobiernos de cada regi\u00f3n.<\/p>\n\n\n\n<p>Es por todo ello por lo que se insiste en la importancia del <strong>posicionamiento preventivo y de la anticipaci\u00f3n<\/strong> a todas estas situaciones: alimentos, medicinas, tiendas, refugios\u2026 Toda la preparaci\u00f3n que se pueda perfeccionar crear\u00e1 un marco mucho m\u00e1s capaz de hacer frente a estos problemas. El objetivo es <strong>crear resiliencia<\/strong> para reducir las emergencias e incrementar los proyectos de desarrollo. Para ello, es imprescindible una <strong>integraci\u00f3n plena<\/strong> de los poderes p\u00fablicos con la sociedad civil y una <strong>coordinaci\u00f3n eficaz<\/strong> con otras organizaciones, ONGs y sector privado. Es importante reconocer el valor y los grandes logros que ha supuesto la labor del WFP, pero mucho m\u00e1s importante es adaptarse y asumir todos los retos que quedan por delante.<\/p>\n\n\n\n<p><br>Andrei Rosca<\/p>\n\n\n\n<figure class=\"wp-block-gallery has-nested-images columns-default is-cropped wp-block-gallery-1 is-layout-flex wp-block-gallery-is-layout-flex\">\n<figure data-wp-context=\"{&quot;imageId&quot;:&quot;69f27db761938&quot;}\" data-wp-interactive=\"core\/image\" class=\"wp-block-image size-large wp-lightbox-container\"><img fetchpriority=\"high\" decoding=\"async\" width=\"1024\" height=\"768\" data-wp-class--hide=\"state.isContentHidden\" data-wp-class--show=\"state.isContentVisible\" data-wp-init=\"callbacks.setButtonStyles\" data-wp-on-async--click=\"actions.showLightbox\" data-wp-on-async--load=\"callbacks.setButtonStyles\" data-wp-on-async-window--resize=\"callbacks.setButtonStyles\" data-id=\"18869\" src=\"https:\/\/fundacionincipe.com\/wp-content\/uploads\/2024\/11\/6818-037-1024x768.jpg\" alt=\"\" class=\"wp-image-18869\" srcset=\"https:\/\/fundacionincipe.com\/wp-content\/uploads\/2024\/11\/6818-037-1024x768.jpg 1024w, https:\/\/fundacionincipe.com\/wp-content\/uploads\/2024\/11\/6818-037-300x225.jpg 300w, https:\/\/fundacionincipe.com\/wp-content\/uploads\/2024\/11\/6818-037-768x576.jpg 768w, https:\/\/fundacionincipe.com\/wp-content\/uploads\/2024\/11\/6818-037-1536x1152.jpg 1536w, https:\/\/fundacionincipe.com\/wp-content\/uploads\/2024\/11\/6818-037.jpg 2008w\" sizes=\"(max-width: 1024px) 100vw, 1024px\" \/><button\n\t\t\tclass=\"lightbox-trigger\"\n\t\t\ttype=\"button\"\n\t\t\taria-haspopup=\"dialog\"\n\t\t\taria-label=\"Ampliar la imagen\"\n\t\t\tdata-wp-init=\"callbacks.initTriggerButton\"\n\t\t\tdata-wp-on-async--click=\"actions.showLightbox\"\n\t\t\tdata-wp-style--right=\"state.imageButtonRight\"\n\t\t\tdata-wp-style--top=\"state.imageButtonTop\"\n\t\t>\n\t\t\t<svg xmlns=\"http:\/\/www.w3.org\/2000\/svg\" width=\"12\" height=\"12\" fill=\"none\" viewBox=\"0 0 12 12\">\n\t\t\t\t<path fill=\"#fff\" d=\"M2 0a2 2 0 0 0-2 2v2h1.5V2a.5.5 0 0 1 .5-.5h2V0H2Zm2 10.5H2a.5.5 0 0 1-.5-.5V8H0v2a2 2 0 0 0 2 2h2v-1.5ZM8 12v-1.5h2a.5.5 0 0 0 .5-.5V8H12v2a2 2 0 0 1-2 2H8Zm2-12a2 2 0 0 1 2 2v2h-1.5V2a.5.5 0 0 0-.5-.5H8V0h2Z\" \/>\n\t\t\t<\/svg>\n\t\t<\/button><\/figure>\n\n\n\n<figure data-wp-context=\"{&quot;imageId&quot;:&quot;69f27db761f05&quot;}\" data-wp-interactive=\"core\/image\" class=\"wp-block-image size-large wp-lightbox-container\"><img decoding=\"async\" width=\"1024\" height=\"768\" data-wp-class--hide=\"state.isContentHidden\" data-wp-class--show=\"state.isContentVisible\" data-wp-init=\"callbacks.setButtonStyles\" data-wp-on-async--click=\"actions.showLightbox\" data-wp-on-async--load=\"callbacks.setButtonStyles\" data-wp-on-async-window--resize=\"callbacks.setButtonStyles\" data-id=\"18870\" src=\"https:\/\/fundacionincipe.com\/wp-content\/uploads\/2024\/11\/6818-025-1024x768.jpg\" alt=\"\" class=\"wp-image-18870\" srcset=\"https:\/\/fundacionincipe.com\/wp-content\/uploads\/2024\/11\/6818-025-1024x768.jpg 1024w, https:\/\/fundacionincipe.com\/wp-content\/uploads\/2024\/11\/6818-025-300x225.jpg 300w, https:\/\/fundacionincipe.com\/wp-content\/uploads\/2024\/11\/6818-025-768x576.jpg 768w, https:\/\/fundacionincipe.com\/wp-content\/uploads\/2024\/11\/6818-025-1536x1152.jpg 1536w, https:\/\/fundacionincipe.com\/wp-content\/uploads\/2024\/11\/6818-025.jpg 2008w\" sizes=\"(max-width: 1024px) 100vw, 1024px\" \/><button\n\t\t\tclass=\"lightbox-trigger\"\n\t\t\ttype=\"button\"\n\t\t\taria-haspopup=\"dialog\"\n\t\t\taria-label=\"Ampliar la imagen\"\n\t\t\tdata-wp-init=\"callbacks.initTriggerButton\"\n\t\t\tdata-wp-on-async--click=\"actions.showLightbox\"\n\t\t\tdata-wp-style--right=\"state.imageButtonRight\"\n\t\t\tdata-wp-style--top=\"state.imageButtonTop\"\n\t\t>\n\t\t\t<svg xmlns=\"http:\/\/www.w3.org\/2000\/svg\" width=\"12\" height=\"12\" fill=\"none\" viewBox=\"0 0 12 12\">\n\t\t\t\t<path fill=\"#fff\" d=\"M2 0a2 2 0 0 0-2 2v2h1.5V2a.5.5 0 0 1 .5-.5h2V0H2Zm2 10.5H2a.5.5 0 0 1-.5-.5V8H0v2a2 2 0 0 0 2 2h2v-1.5ZM8 12v-1.5h2a.5.5 0 0 0 .5-.5V8H12v2a2 2 0 0 1-2 2H8Zm2-12a2 2 0 0 1 2 2v2h-1.5V2a.5.5 0 0 0-.5-.5H8V0h2Z\" \/>\n\t\t\t<\/svg>\n\t\t<\/button><\/figure>\n\n\n\n<figure data-wp-context=\"{&quot;imageId&quot;:&quot;69f27db762368&quot;}\" data-wp-interactive=\"core\/image\" class=\"wp-block-image size-large wp-lightbox-container\"><img decoding=\"async\" width=\"1024\" height=\"768\" data-wp-class--hide=\"state.isContentHidden\" data-wp-class--show=\"state.isContentVisible\" data-wp-init=\"callbacks.setButtonStyles\" data-wp-on-async--click=\"actions.showLightbox\" data-wp-on-async--load=\"callbacks.setButtonStyles\" data-wp-on-async-window--resize=\"callbacks.setButtonStyles\" data-id=\"18871\" src=\"https:\/\/fundacionincipe.com\/wp-content\/uploads\/2024\/11\/6818-021-1024x768.jpg\" alt=\"\" class=\"wp-image-18871\" srcset=\"https:\/\/fundacionincipe.com\/wp-content\/uploads\/2024\/11\/6818-021-1024x768.jpg 1024w, https:\/\/fundacionincipe.com\/wp-content\/uploads\/2024\/11\/6818-021-300x225.jpg 300w, https:\/\/fundacionincipe.com\/wp-content\/uploads\/2024\/11\/6818-021-768x576.jpg 768w, https:\/\/fundacionincipe.com\/wp-content\/uploads\/2024\/11\/6818-021-1536x1152.jpg 1536w, https:\/\/fundacionincipe.com\/wp-content\/uploads\/2024\/11\/6818-021.jpg 2008w\" sizes=\"(max-width: 1024px) 100vw, 1024px\" \/><button\n\t\t\tclass=\"lightbox-trigger\"\n\t\t\ttype=\"button\"\n\t\t\taria-haspopup=\"dialog\"\n\t\t\taria-label=\"Ampliar la imagen\"\n\t\t\tdata-wp-init=\"callbacks.initTriggerButton\"\n\t\t\tdata-wp-on-async--click=\"actions.showLightbox\"\n\t\t\tdata-wp-style--right=\"state.imageButtonRight\"\n\t\t\tdata-wp-style--top=\"state.imageButtonTop\"\n\t\t>\n\t\t\t<svg xmlns=\"http:\/\/www.w3.org\/2000\/svg\" width=\"12\" height=\"12\" fill=\"none\" viewBox=\"0 0 12 12\">\n\t\t\t\t<path fill=\"#fff\" d=\"M2 0a2 2 0 0 0-2 2v2h1.5V2a.5.5 0 0 1 .5-.5h2V0H2Zm2 10.5H2a.5.5 0 0 1-.5-.5V8H0v2a2 2 0 0 0 2 2h2v-1.5ZM8 12v-1.5h2a.5.5 0 0 0 .5-.5V8H12v2a2 2 0 0 1-2 2H8Zm2-12a2 2 0 0 1 2 2v2h-1.5V2a.5.5 0 0 0-.5-.5H8V0h2Z\" \/>\n\t\t\t<\/svg>\n\t\t<\/button><\/figure>\n<\/figure>\n","protected":false},"excerpt":{"rendered":"<p>Siguiendo la colaboraci\u00f3n con el Programa Mundial de Alimentos (World Food Program), la organizaci\u00f3n humanitaria l\u00edder en la lucha contra el hambre en todo el mundo, este segundo Desayuno de [&hellip;]<\/p>\n","protected":false},"author":3,"featured_media":18869,"comment_status":"open","ping_status":"closed","sticky":false,"template":"","format":"standard","meta":{"_acf_changed":false,"footnotes":""},"categories":[8],"tags":[],"class_list":["post-18868","post","type-post","status-publish","format-standard","has-post-thumbnail","hentry","category-conferencias-y-seminarios"],"acf":[],"_links":{"self":[{"href":"https:\/\/fundacionincipe.com\/index.php\/wp-json\/wp\/v2\/posts\/18868","targetHints":{"allow":["GET"]}}],"collection":[{"href":"https:\/\/fundacionincipe.com\/index.php\/wp-json\/wp\/v2\/posts"}],"about":[{"href":"https:\/\/fundacionincipe.com\/index.php\/wp-json\/wp\/v2\/types\/post"}],"author":[{"embeddable":true,"href":"https:\/\/fundacionincipe.com\/index.php\/wp-json\/wp\/v2\/users\/3"}],"replies":[{"embeddable":true,"href":"https:\/\/fundacionincipe.com\/index.php\/wp-json\/wp\/v2\/comments?post=18868"}],"version-history":[{"count":1,"href":"https:\/\/fundacionincipe.com\/index.php\/wp-json\/wp\/v2\/posts\/18868\/revisions"}],"predecessor-version":[{"id":18872,"href":"https:\/\/fundacionincipe.com\/index.php\/wp-json\/wp\/v2\/posts\/18868\/revisions\/18872"}],"wp:featuredmedia":[{"embeddable":true,"href":"https:\/\/fundacionincipe.com\/index.php\/wp-json\/wp\/v2\/media\/18869"}],"wp:attachment":[{"href":"https:\/\/fundacionincipe.com\/index.php\/wp-json\/wp\/v2\/media?parent=18868"}],"wp:term":[{"taxonomy":"category","embeddable":true,"href":"https:\/\/fundacionincipe.com\/index.php\/wp-json\/wp\/v2\/categories?post=18868"},{"taxonomy":"post_tag","embeddable":true,"href":"https:\/\/fundacionincipe.com\/index.php\/wp-json\/wp\/v2\/tags?post=18868"}],"curies":[{"name":"wp","href":"https:\/\/api.w.org\/{rel}","templated":true}]}}