{"id":18863,"date":"2018-11-27T12:39:00","date_gmt":"2018-11-27T12:39:00","guid":{"rendered":"https:\/\/fundacionincipe.com\/?p=18863"},"modified":"2024-11-19T12:44:14","modified_gmt":"2024-11-19T12:44:14","slug":"the-birth-of-czechoslovakia-the-central-european-exception","status":"publish","type":"post","link":"https:\/\/fundacionincipe.com\/index.php\/2018\/11\/27\/the-birth-of-czechoslovakia-the-central-european-exception\/","title":{"rendered":"The birth of Czechoslovakia \u2013 the Central European exception"},"content":{"rendered":"\n<p>Con ocasi\u00f3n del centenario que cumple la fundaci\u00f3n de la Rep\u00fablica de Checoslovaquia, este Desayuno ha brindado la oportunidad de analizar desde un punto de vista hist\u00f3rico la integraci\u00f3n de dos pueblos con historias distintas, aunque compartidas en gran medida, y que <strong>tras 25 a\u00f1os tras su pac\u00edfica separaci\u00f3n<\/strong> en la Rep\u00fablica Checa y la Rep\u00fablica Eslovaca, <strong>siguen conviviendo en una estrecha colaboraci\u00f3n<\/strong>.<\/p>\n\n\n\n<p>Los fuertes lazos que un\u00edan a los checos con los alemanes y el fuerte colonialismo que experimentaron por parte de los pueblos germ\u00e1nicos han marcado de manera definitiva la motivaci\u00f3n por alcanzar su independencia a lo largo de los Siglos XIX y XX. Sin tener pr\u00e1cticamente alternativa a la anexi\u00f3n al Imperio Austroh\u00fangaro, el pueblo checo empez\u00f3 a experimentar un cambio pol\u00edtico y social hacia el autogobierno. Con el <strong>nacimiento de Checoslovaquia en 1918<\/strong>, se inici\u00f3 un camino de lucha y reivindicaci\u00f3n por esa independencia tan ansiada, y tras la Primera Guerra Mundial, el pa\u00eds vivi\u00f3 una fuerte etapa de transici\u00f3n nacionalista que supuso una mejora sustancial en el \u00e1mbito econ\u00f3mico, de la educaci\u00f3n o de la ciencia.<\/p>\n\n\n\n<p>Por otro lado, la perspectiva eslovaca siempre ha sido bastante diferente. La <em>i<strong>dentidad eslovaca<\/strong><\/em><strong> y los deseos nacionalistas nunca han estado presentes como en el caso checo<\/strong> a lo largo del proceso de integraci\u00f3n de ambas naciones. De hecho, la inmensa de la ciudadan\u00eda eslovaca no fue consciente del fen\u00f3meno por el que estaban pasando a ser integrados en la construcci\u00f3n de un nuevo pa\u00eds. El largo y tedioso proceso de integraci\u00f3n se alarg\u00f3 durante dos a\u00f1os y la administraci\u00f3n fue mucho m\u00e1s complicada que en las regiones de sus vecinos checos. <strong>El final de la Primera Guerra Mundial no supuso una \u00e9poca de paz<\/strong>, pues la regi\u00f3n se convirti\u00f3 en un campo de batalla interno; la fuerte presencia e influencia h\u00fangara, la posterior Segunda Guerra Mundial y el escaso desarrollo econ\u00f3mico de muchas de sus regiones avivaron poco a poco los deseos de separaci\u00f3n.<\/p>\n\n\n\n<p>Sin embargo, y a pesar de las divergencias en el proceso de integraci\u00f3n de ambos pueblos, el desarrollo general de Checoslovaquia y la cooperaci\u00f3n presente desde incluso antes de la Gran Guerra, ha conducido a las dos Rep\u00fablicas actuales a mantener una <em>actitud emocional<\/em> muy similar que a\u00fan sigue suponiendo un rol significativo en los intereses comunes y marcan las relaciones entre ambos pa\u00edses. Asimismo, la nostalgia por el pasado que mantuvieron ha sido poco a poco diluida en la nueva perspectiva europea adoptada tras la entrada en la Uni\u00f3n, la cual ha fortalecido en gran medida el papel que juegan estos dos pa\u00edses en el centro del Viejo Continente.<\/p>\n\n\n\n<p>Andrei Rosca<\/p>\n\n\n\n<figure class=\"wp-block-gallery has-nested-images columns-default is-cropped wp-block-gallery-1 is-layout-flex wp-block-gallery-is-layout-flex\">\n<figure data-wp-context=\"{&quot;imageId&quot;:&quot;69f27da30a755&quot;}\" data-wp-interactive=\"core\/image\" class=\"wp-block-image size-large wp-lightbox-container\"><img fetchpriority=\"high\" decoding=\"async\" width=\"1024\" height=\"768\" data-wp-class--hide=\"state.isContentHidden\" data-wp-class--show=\"state.isContentVisible\" data-wp-init=\"callbacks.setButtonStyles\" data-wp-on-async--click=\"actions.showLightbox\" data-wp-on-async--load=\"callbacks.setButtonStyles\" data-wp-on-async-window--resize=\"callbacks.setButtonStyles\" data-id=\"18864\" src=\"https:\/\/fundacionincipe.com\/wp-content\/uploads\/2024\/11\/IMG_94631-1-1024x768.jpg\" alt=\"\" class=\"wp-image-18864\" srcset=\"https:\/\/fundacionincipe.com\/wp-content\/uploads\/2024\/11\/IMG_94631-1-1024x768.jpg 1024w, https:\/\/fundacionincipe.com\/wp-content\/uploads\/2024\/11\/IMG_94631-1-300x225.jpg 300w, https:\/\/fundacionincipe.com\/wp-content\/uploads\/2024\/11\/IMG_94631-1-768x576.jpg 768w, https:\/\/fundacionincipe.com\/wp-content\/uploads\/2024\/11\/IMG_94631-1-1536x1151.jpg 1536w, https:\/\/fundacionincipe.com\/wp-content\/uploads\/2024\/11\/IMG_94631-1.jpg 1969w\" sizes=\"(max-width: 1024px) 100vw, 1024px\" \/><button\n\t\t\tclass=\"lightbox-trigger\"\n\t\t\ttype=\"button\"\n\t\t\taria-haspopup=\"dialog\"\n\t\t\taria-label=\"Ampliar la imagen\"\n\t\t\tdata-wp-init=\"callbacks.initTriggerButton\"\n\t\t\tdata-wp-on-async--click=\"actions.showLightbox\"\n\t\t\tdata-wp-style--right=\"state.imageButtonRight\"\n\t\t\tdata-wp-style--top=\"state.imageButtonTop\"\n\t\t>\n\t\t\t<svg xmlns=\"http:\/\/www.w3.org\/2000\/svg\" width=\"12\" height=\"12\" fill=\"none\" viewBox=\"0 0 12 12\">\n\t\t\t\t<path fill=\"#fff\" d=\"M2 0a2 2 0 0 0-2 2v2h1.5V2a.5.5 0 0 1 .5-.5h2V0H2Zm2 10.5H2a.5.5 0 0 1-.5-.5V8H0v2a2 2 0 0 0 2 2h2v-1.5ZM8 12v-1.5h2a.5.5 0 0 0 .5-.5V8H12v2a2 2 0 0 1-2 2H8Zm2-12a2 2 0 0 1 2 2v2h-1.5V2a.5.5 0 0 0-.5-.5H8V0h2Z\" \/>\n\t\t\t<\/svg>\n\t\t<\/button><\/figure>\n\n\n\n<figure data-wp-context=\"{&quot;imageId&quot;:&quot;69f27da30abdb&quot;}\" data-wp-interactive=\"core\/image\" class=\"wp-block-image size-large wp-lightbox-container\"><img decoding=\"async\" width=\"1024\" height=\"768\" data-wp-class--hide=\"state.isContentHidden\" data-wp-class--show=\"state.isContentVisible\" data-wp-init=\"callbacks.setButtonStyles\" data-wp-on-async--click=\"actions.showLightbox\" data-wp-on-async--load=\"callbacks.setButtonStyles\" data-wp-on-async-window--resize=\"callbacks.setButtonStyles\" data-id=\"18866\" src=\"https:\/\/fundacionincipe.com\/wp-content\/uploads\/2024\/11\/IMG_9473-1024x768.jpg\" alt=\"\" class=\"wp-image-18866\" srcset=\"https:\/\/fundacionincipe.com\/wp-content\/uploads\/2024\/11\/IMG_9473-1024x768.jpg 1024w, https:\/\/fundacionincipe.com\/wp-content\/uploads\/2024\/11\/IMG_9473-300x225.jpg 300w, https:\/\/fundacionincipe.com\/wp-content\/uploads\/2024\/11\/IMG_9473-768x576.jpg 768w, https:\/\/fundacionincipe.com\/wp-content\/uploads\/2024\/11\/IMG_9473-1536x1151.jpg 1536w, https:\/\/fundacionincipe.com\/wp-content\/uploads\/2024\/11\/IMG_9473.jpg 1969w\" sizes=\"(max-width: 1024px) 100vw, 1024px\" \/><button\n\t\t\tclass=\"lightbox-trigger\"\n\t\t\ttype=\"button\"\n\t\t\taria-haspopup=\"dialog\"\n\t\t\taria-label=\"Ampliar la imagen\"\n\t\t\tdata-wp-init=\"callbacks.initTriggerButton\"\n\t\t\tdata-wp-on-async--click=\"actions.showLightbox\"\n\t\t\tdata-wp-style--right=\"state.imageButtonRight\"\n\t\t\tdata-wp-style--top=\"state.imageButtonTop\"\n\t\t>\n\t\t\t<svg xmlns=\"http:\/\/www.w3.org\/2000\/svg\" width=\"12\" height=\"12\" fill=\"none\" viewBox=\"0 0 12 12\">\n\t\t\t\t<path fill=\"#fff\" d=\"M2 0a2 2 0 0 0-2 2v2h1.5V2a.5.5 0 0 1 .5-.5h2V0H2Zm2 10.5H2a.5.5 0 0 1-.5-.5V8H0v2a2 2 0 0 0 2 2h2v-1.5ZM8 12v-1.5h2a.5.5 0 0 0 .5-.5V8H12v2a2 2 0 0 1-2 2H8Zm2-12a2 2 0 0 1 2 2v2h-1.5V2a.5.5 0 0 0-.5-.5H8V0h2Z\" \/>\n\t\t\t<\/svg>\n\t\t<\/button><\/figure>\n\n\n\n<figure data-wp-context=\"{&quot;imageId&quot;:&quot;69f27da30afd1&quot;}\" data-wp-interactive=\"core\/image\" class=\"wp-block-image size-large wp-lightbox-container\"><img decoding=\"async\" width=\"1024\" height=\"768\" data-wp-class--hide=\"state.isContentHidden\" data-wp-class--show=\"state.isContentVisible\" data-wp-init=\"callbacks.setButtonStyles\" data-wp-on-async--click=\"actions.showLightbox\" data-wp-on-async--load=\"callbacks.setButtonStyles\" data-wp-on-async-window--resize=\"callbacks.setButtonStyles\" data-id=\"18865\" src=\"https:\/\/fundacionincipe.com\/wp-content\/uploads\/2024\/11\/IMG_9547-1024x768.jpg\" alt=\"\" class=\"wp-image-18865\" srcset=\"https:\/\/fundacionincipe.com\/wp-content\/uploads\/2024\/11\/IMG_9547-1024x768.jpg 1024w, https:\/\/fundacionincipe.com\/wp-content\/uploads\/2024\/11\/IMG_9547-300x225.jpg 300w, https:\/\/fundacionincipe.com\/wp-content\/uploads\/2024\/11\/IMG_9547-768x576.jpg 768w, https:\/\/fundacionincipe.com\/wp-content\/uploads\/2024\/11\/IMG_9547-1536x1151.jpg 1536w, https:\/\/fundacionincipe.com\/wp-content\/uploads\/2024\/11\/IMG_9547.jpg 1969w\" sizes=\"(max-width: 1024px) 100vw, 1024px\" \/><button\n\t\t\tclass=\"lightbox-trigger\"\n\t\t\ttype=\"button\"\n\t\t\taria-haspopup=\"dialog\"\n\t\t\taria-label=\"Ampliar la imagen\"\n\t\t\tdata-wp-init=\"callbacks.initTriggerButton\"\n\t\t\tdata-wp-on-async--click=\"actions.showLightbox\"\n\t\t\tdata-wp-style--right=\"state.imageButtonRight\"\n\t\t\tdata-wp-style--top=\"state.imageButtonTop\"\n\t\t>\n\t\t\t<svg xmlns=\"http:\/\/www.w3.org\/2000\/svg\" width=\"12\" height=\"12\" fill=\"none\" viewBox=\"0 0 12 12\">\n\t\t\t\t<path fill=\"#fff\" d=\"M2 0a2 2 0 0 0-2 2v2h1.5V2a.5.5 0 0 1 .5-.5h2V0H2Zm2 10.5H2a.5.5 0 0 1-.5-.5V8H0v2a2 2 0 0 0 2 2h2v-1.5ZM8 12v-1.5h2a.5.5 0 0 0 .5-.5V8H12v2a2 2 0 0 1-2 2H8Zm2-12a2 2 0 0 1 2 2v2h-1.5V2a.5.5 0 0 0-.5-.5H8V0h2Z\" \/>\n\t\t\t<\/svg>\n\t\t<\/button><\/figure>\n<\/figure>\n","protected":false},"excerpt":{"rendered":"<p>Con ocasi\u00f3n del centenario que cumple la fundaci\u00f3n de la Rep\u00fablica de Checoslovaquia, este Desayuno ha brindado la oportunidad de analizar desde un punto de vista hist\u00f3rico la integraci\u00f3n de [&hellip;]<\/p>\n","protected":false},"author":3,"featured_media":18864,"comment_status":"open","ping_status":"closed","sticky":false,"template":"","format":"standard","meta":{"_acf_changed":false,"footnotes":""},"categories":[8],"tags":[],"class_list":["post-18863","post","type-post","status-publish","format-standard","has-post-thumbnail","hentry","category-conferencias-y-seminarios"],"acf":[],"_links":{"self":[{"href":"https:\/\/fundacionincipe.com\/index.php\/wp-json\/wp\/v2\/posts\/18863","targetHints":{"allow":["GET"]}}],"collection":[{"href":"https:\/\/fundacionincipe.com\/index.php\/wp-json\/wp\/v2\/posts"}],"about":[{"href":"https:\/\/fundacionincipe.com\/index.php\/wp-json\/wp\/v2\/types\/post"}],"author":[{"embeddable":true,"href":"https:\/\/fundacionincipe.com\/index.php\/wp-json\/wp\/v2\/users\/3"}],"replies":[{"embeddable":true,"href":"https:\/\/fundacionincipe.com\/index.php\/wp-json\/wp\/v2\/comments?post=18863"}],"version-history":[{"count":1,"href":"https:\/\/fundacionincipe.com\/index.php\/wp-json\/wp\/v2\/posts\/18863\/revisions"}],"predecessor-version":[{"id":18867,"href":"https:\/\/fundacionincipe.com\/index.php\/wp-json\/wp\/v2\/posts\/18863\/revisions\/18867"}],"wp:featuredmedia":[{"embeddable":true,"href":"https:\/\/fundacionincipe.com\/index.php\/wp-json\/wp\/v2\/media\/18864"}],"wp:attachment":[{"href":"https:\/\/fundacionincipe.com\/index.php\/wp-json\/wp\/v2\/media?parent=18863"}],"wp:term":[{"taxonomy":"category","embeddable":true,"href":"https:\/\/fundacionincipe.com\/index.php\/wp-json\/wp\/v2\/categories?post=18863"},{"taxonomy":"post_tag","embeddable":true,"href":"https:\/\/fundacionincipe.com\/index.php\/wp-json\/wp\/v2\/tags?post=18863"}],"curies":[{"name":"wp","href":"https:\/\/api.w.org\/{rel}","templated":true}]}}