{"id":18761,"date":"2019-04-26T12:53:00","date_gmt":"2019-04-26T12:53:00","guid":{"rendered":"https:\/\/fundacionincipe.com\/?p=18761"},"modified":"2024-11-18T12:54:44","modified_gmt":"2024-11-18T12:54:44","slug":"comunidades-autonomas-espanolas-y-federalismo-aleman-dos-modelos-de-descentralizacion","status":"publish","type":"post","link":"https:\/\/fundacionincipe.com\/index.php\/2019\/04\/26\/comunidades-autonomas-espanolas-y-federalismo-aleman-dos-modelos-de-descentralizacion\/","title":{"rendered":"Comunidades aut\u00f3nomas espa\u00f1olas y federalismo alem\u00e1n. Dos modelos de descentralizaci\u00f3n"},"content":{"rendered":"\n<p><div id=\"container\"><div id=\"content\"><div class=\"article\"><div class=\"post-6197 post type-post status-publish format-standard has-post-thumbnail hentry category-desayunos-de-trabajo\" id=\"post-6197\"><p>La cuesti\u00f3n sobre la forma del Estado en los Estados de Derecho y  democr\u00e1ticos no es simple. Tampoco podemos decir que el modelo  federalista alem\u00e1n sea el ideal, sino que cada pa\u00eds tiene una manera m\u00e1s  adecuada de organizarse en funci\u00f3n de diversas cuestiones como son la  cultura, la historia, la geograf\u00eda, etc. Sin embargo, y pese a su  dificultad, se trata de un tema clave en el buen funcionamiento de los  gobiernos, y que es a su vez muy importante en una Europa cuya fuerza  reside precisamente en la diversidad. <strong>Las fronteras no son muros  y una visi\u00f3n simplista, como la que mantienen nacionalismos y  movimientos identitarios, perjudica gravemente al sistema<\/strong>. <\/p><p>Los XL y LXX aniversarios de las cartas fundacionales del estado  espa\u00f1ol y alem\u00e1n, respectivamente, son una ocasi\u00f3n para abordar los  principios b\u00e1sicos del orden Estatal. Los principios del federalismo  alem\u00e1n pueden alinearse con los que rigen la Uni\u00f3n Europea, por lo que  podemos aprender mucho de observarlos. Cuestiones como la subsidiariedad, la participaci\u00f3n regional en procesos legislativos,  implementaci\u00f3n de leyes federales, la redistribuci\u00f3n financiera o la  protecci\u00f3n de las minor\u00edas nacionales son principios que rigen tanto el  sistema pol\u00edtico alem\u00e1n como el de la Uni\u00f3n. Por lo tanto, y en una  forma similar al federalismo, el fortalecimiento de la participaci\u00f3n  regional en los procesos de toma e implementaci\u00f3n de decisiones facilita  la vinculaci\u00f3n de los ciudadanos y legitimidad de los actos del Estado y  la Uni\u00f3n. <\/p><p>Por \u00faltimo, de cara a la <strong>celebraci\u00f3n del XXX aniversario de la ca\u00edda del Muro de Berl\u00edn<\/strong>,  cabe plantear la importancia de cualquier esfuerzo para encontrar  medios de protecci\u00f3n de las particularidades regionales y nacionales sin  construir muros. La <strong>heterogeneidad de la Uni\u00f3n y sus Estados es  a menudo un reto, pero es tambi\u00e9n un factor de enriquecimiento de  nuestras comunidades<\/strong>.<\/p><\/div><\/div><\/div><\/div> Sara Soto<\/p>\n","protected":false},"excerpt":{"rendered":"<p>La cuesti\u00f3n sobre la forma del Estado en los Estados de Derecho y democr\u00e1ticos no es simple. Tampoco podemos decir que el modelo federalista alem\u00e1n sea el ideal, sino que [&hellip;]<\/p>\n","protected":false},"author":3,"featured_media":18762,"comment_status":"open","ping_status":"closed","sticky":false,"template":"","format":"standard","meta":{"_acf_changed":false,"footnotes":""},"categories":[8],"tags":[],"class_list":["post-18761","post","type-post","status-publish","format-standard","has-post-thumbnail","hentry","category-conferencias-y-seminarios"],"acf":[],"_links":{"self":[{"href":"https:\/\/fundacionincipe.com\/index.php\/wp-json\/wp\/v2\/posts\/18761","targetHints":{"allow":["GET"]}}],"collection":[{"href":"https:\/\/fundacionincipe.com\/index.php\/wp-json\/wp\/v2\/posts"}],"about":[{"href":"https:\/\/fundacionincipe.com\/index.php\/wp-json\/wp\/v2\/types\/post"}],"author":[{"embeddable":true,"href":"https:\/\/fundacionincipe.com\/index.php\/wp-json\/wp\/v2\/users\/3"}],"replies":[{"embeddable":true,"href":"https:\/\/fundacionincipe.com\/index.php\/wp-json\/wp\/v2\/comments?post=18761"}],"version-history":[{"count":1,"href":"https:\/\/fundacionincipe.com\/index.php\/wp-json\/wp\/v2\/posts\/18761\/revisions"}],"predecessor-version":[{"id":18763,"href":"https:\/\/fundacionincipe.com\/index.php\/wp-json\/wp\/v2\/posts\/18761\/revisions\/18763"}],"wp:featuredmedia":[{"embeddable":true,"href":"https:\/\/fundacionincipe.com\/index.php\/wp-json\/wp\/v2\/media\/18762"}],"wp:attachment":[{"href":"https:\/\/fundacionincipe.com\/index.php\/wp-json\/wp\/v2\/media?parent=18761"}],"wp:term":[{"taxonomy":"category","embeddable":true,"href":"https:\/\/fundacionincipe.com\/index.php\/wp-json\/wp\/v2\/categories?post=18761"},{"taxonomy":"post_tag","embeddable":true,"href":"https:\/\/fundacionincipe.com\/index.php\/wp-json\/wp\/v2\/tags?post=18761"}],"curies":[{"name":"wp","href":"https:\/\/api.w.org\/{rel}","templated":true}]}}