{"id":18727,"date":"2019-06-20T12:38:00","date_gmt":"2019-06-20T12:38:00","guid":{"rendered":"https:\/\/fundacionincipe.com\/?p=18727"},"modified":"2024-11-18T12:39:54","modified_gmt":"2024-11-18T12:39:54","slug":"retos-y-amenazas-a-la-seguridad-del-estado","status":"publish","type":"post","link":"https:\/\/fundacionincipe.com\/index.php\/2019\/06\/20\/retos-y-amenazas-a-la-seguridad-del-estado\/","title":{"rendered":"Retos y Amenazas a la Seguridad del Estado"},"content":{"rendered":"\n<p>La seguridad nacional abarca tres grandes aspectos: el primero de ellos es proteger la libertad, los derechos y el bienestar de los ciudadanos; el segundo punto es garantizar la defensa de Espa\u00f1a y garantizar la defensa de los valores y principios democr\u00e1ticos; finalmente el tercero es contribuir con nuestros aliados a la seguridad internacional en el marco de los compromisos previamente adquiridos.<br>Estos tres grandes apartados representan una doble dimensi\u00f3n: la dimensi\u00f3n nacional y la internacional. Estas dos dimensiones est\u00e1n \u00edntimamente conectados, ya no es posible separar la esfera nacional de la internacional. Los tres grandes componentes de la seguridad nacional son la defensa nacional, la seguridad p\u00fablica y la acci\u00f3n exterior.<\/p>\n\n\n\n<p><strong>Las amenazas y los retos son esencialmente globales<\/strong> pero son los Estados los que est\u00e1n legitimados para neutralizar estas amenazas. El aumento de la incertidumbre est\u00e1 totalmente relacionada con las acciones h\u00edbridas, entendi\u00e9ndolas como las acciones combinadas que pueden incluir el uso de m\u00e9todos militares tradicionales, ciberataques o incluso elementos de presi\u00f3n econ\u00f3mica con la finalidad de desestabilizar al Estado, fomentar movimientos subversivos y la polarizaci\u00f3n de la opini\u00f3n p\u00fablica.<br>Las amenazas del Estado son las que <strong>comprometen y socaban la seguridad nacional<\/strong> (conflictos armados, terrorismo, crimen organizado, proliferaci\u00f3n de armas de destrucci\u00f3n masiva, espionaje). Por otro lado, los retos y desaf\u00edos no tienen la consideraci\u00f3n de las amenazas pero suscitan vulnerabilidad, provocan situaciones de inestabilidad e incluso pueden propiciar el surgimiento de nuevas amenazas (inestabilidad econ\u00f3mica, vulnerabilidad energ\u00e9tica, movimientos migratorios, cambio clim\u00e1tico, epidemias y pandemias).<\/p>\n\n\n\n<p>La misi\u00f3n principal de la Comisar\u00eda General de Informaci\u00f3n de la Polic\u00eda Nacional es la <strong>neutralizaci\u00f3n de la amenaza terrorista y la neutralizaci\u00f3n de otro tipo de amenazas<\/strong> que puedan atentar al orden constituyente as\u00ed como a los valores y principios democr\u00e1ticos desde una doble estructura central y territorial. Los cuatro grandes retos que enfrenta la seguridad nacional de Espa\u00f1a son: en primer lugar, los extremismos ideol\u00f3gicos que atentan a los valores constitucionales y por extensi\u00f3n la seguridad nacional. En segundo lugar, anticipar el impacto de las tendencias globales tales como los nuevos movimientos sociales o las nuevas tecnolog\u00edas. La consolidaci\u00f3n del sistema de seguridad nacional a trav\u00e9s de instituciones, an\u00e1lisis, propuestas y neutralizaci\u00f3n de amenazas constituir\u00eda el tercer gran pilar. Por \u00faltimo, la prospectiva estrat\u00e9gica, consider\u00e1ndola como una herramienta de trabajo a trav\u00e9s de unas metodolog\u00edas objetivas.<\/p>\n\n\n\n<p>En un mundo tan interconectado ser\u00e1 imprescindible compartir conocimiento y experiencia tanto positiva y negativa. Es necesario conocer, combatir y compartir informaci\u00f3n entre los sectores p\u00fablico y privado. Hay que generar representaciones compartidas de la realidad para poder afrontar los retos y amenazas a la seguridad del Estado.<\/p>\n\n\n\n<p>Fernando Ar\u00e9valo<\/p>\n\n\n\n<figure class=\"wp-block-gallery has-nested-images columns-default is-cropped wp-block-gallery-1 is-layout-flex wp-block-gallery-is-layout-flex\">\n<figure data-wp-context=\"{&quot;imageId&quot;:&quot;69f28faa913b8&quot;}\" data-wp-interactive=\"core\/image\" class=\"wp-block-image size-large wp-lightbox-container\"><img fetchpriority=\"high\" decoding=\"async\" width=\"1024\" height=\"768\" data-wp-class--hide=\"state.isContentHidden\" data-wp-class--show=\"state.isContentVisible\" data-wp-init=\"callbacks.setButtonStyles\" data-wp-on-async--click=\"actions.showLightbox\" data-wp-on-async--load=\"callbacks.setButtonStyles\" data-wp-on-async-window--resize=\"callbacks.setButtonStyles\" data-id=\"18728\" src=\"https:\/\/fundacionincipe.com\/wp-content\/uploads\/2024\/11\/6905-006-1024x768.jpg\" alt=\"\" class=\"wp-image-18728\" srcset=\"https:\/\/fundacionincipe.com\/wp-content\/uploads\/2024\/11\/6905-006-1024x768.jpg 1024w, https:\/\/fundacionincipe.com\/wp-content\/uploads\/2024\/11\/6905-006-300x225.jpg 300w, https:\/\/fundacionincipe.com\/wp-content\/uploads\/2024\/11\/6905-006-768x576.jpg 768w, https:\/\/fundacionincipe.com\/wp-content\/uploads\/2024\/11\/6905-006-1536x1152.jpg 1536w, https:\/\/fundacionincipe.com\/wp-content\/uploads\/2024\/11\/6905-006.jpg 2008w\" sizes=\"(max-width: 1024px) 100vw, 1024px\" \/><button\n\t\t\tclass=\"lightbox-trigger\"\n\t\t\ttype=\"button\"\n\t\t\taria-haspopup=\"dialog\"\n\t\t\taria-label=\"Ampliar la imagen\"\n\t\t\tdata-wp-init=\"callbacks.initTriggerButton\"\n\t\t\tdata-wp-on-async--click=\"actions.showLightbox\"\n\t\t\tdata-wp-style--right=\"state.imageButtonRight\"\n\t\t\tdata-wp-style--top=\"state.imageButtonTop\"\n\t\t>\n\t\t\t<svg xmlns=\"http:\/\/www.w3.org\/2000\/svg\" width=\"12\" height=\"12\" fill=\"none\" viewBox=\"0 0 12 12\">\n\t\t\t\t<path fill=\"#fff\" d=\"M2 0a2 2 0 0 0-2 2v2h1.5V2a.5.5 0 0 1 .5-.5h2V0H2Zm2 10.5H2a.5.5 0 0 1-.5-.5V8H0v2a2 2 0 0 0 2 2h2v-1.5ZM8 12v-1.5h2a.5.5 0 0 0 .5-.5V8H12v2a2 2 0 0 1-2 2H8Zm2-12a2 2 0 0 1 2 2v2h-1.5V2a.5.5 0 0 0-.5-.5H8V0h2Z\" \/>\n\t\t\t<\/svg>\n\t\t<\/button><\/figure>\n\n\n\n<figure data-wp-context=\"{&quot;imageId&quot;:&quot;69f28faa917ff&quot;}\" data-wp-interactive=\"core\/image\" class=\"wp-block-image size-large wp-lightbox-container\"><img decoding=\"async\" width=\"1024\" height=\"768\" data-wp-class--hide=\"state.isContentHidden\" data-wp-class--show=\"state.isContentVisible\" data-wp-init=\"callbacks.setButtonStyles\" data-wp-on-async--click=\"actions.showLightbox\" data-wp-on-async--load=\"callbacks.setButtonStyles\" data-wp-on-async-window--resize=\"callbacks.setButtonStyles\" data-id=\"18729\" src=\"https:\/\/fundacionincipe.com\/wp-content\/uploads\/2024\/11\/6905-015-1024x768.jpg\" alt=\"\" class=\"wp-image-18729\" srcset=\"https:\/\/fundacionincipe.com\/wp-content\/uploads\/2024\/11\/6905-015-1024x768.jpg 1024w, https:\/\/fundacionincipe.com\/wp-content\/uploads\/2024\/11\/6905-015-300x225.jpg 300w, https:\/\/fundacionincipe.com\/wp-content\/uploads\/2024\/11\/6905-015-768x576.jpg 768w, https:\/\/fundacionincipe.com\/wp-content\/uploads\/2024\/11\/6905-015-1536x1152.jpg 1536w, https:\/\/fundacionincipe.com\/wp-content\/uploads\/2024\/11\/6905-015.jpg 2008w\" sizes=\"(max-width: 1024px) 100vw, 1024px\" \/><button\n\t\t\tclass=\"lightbox-trigger\"\n\t\t\ttype=\"button\"\n\t\t\taria-haspopup=\"dialog\"\n\t\t\taria-label=\"Ampliar la imagen\"\n\t\t\tdata-wp-init=\"callbacks.initTriggerButton\"\n\t\t\tdata-wp-on-async--click=\"actions.showLightbox\"\n\t\t\tdata-wp-style--right=\"state.imageButtonRight\"\n\t\t\tdata-wp-style--top=\"state.imageButtonTop\"\n\t\t>\n\t\t\t<svg xmlns=\"http:\/\/www.w3.org\/2000\/svg\" width=\"12\" height=\"12\" fill=\"none\" viewBox=\"0 0 12 12\">\n\t\t\t\t<path fill=\"#fff\" d=\"M2 0a2 2 0 0 0-2 2v2h1.5V2a.5.5 0 0 1 .5-.5h2V0H2Zm2 10.5H2a.5.5 0 0 1-.5-.5V8H0v2a2 2 0 0 0 2 2h2v-1.5ZM8 12v-1.5h2a.5.5 0 0 0 .5-.5V8H12v2a2 2 0 0 1-2 2H8Zm2-12a2 2 0 0 1 2 2v2h-1.5V2a.5.5 0 0 0-.5-.5H8V0h2Z\" \/>\n\t\t\t<\/svg>\n\t\t<\/button><\/figure>\n\n\n\n<figure data-wp-context=\"{&quot;imageId&quot;:&quot;69f28faa91bec&quot;}\" data-wp-interactive=\"core\/image\" class=\"wp-block-image size-large wp-lightbox-container\"><img decoding=\"async\" width=\"1024\" height=\"768\" data-wp-class--hide=\"state.isContentHidden\" data-wp-class--show=\"state.isContentVisible\" data-wp-init=\"callbacks.setButtonStyles\" data-wp-on-async--click=\"actions.showLightbox\" data-wp-on-async--load=\"callbacks.setButtonStyles\" data-wp-on-async-window--resize=\"callbacks.setButtonStyles\" data-id=\"18730\" src=\"https:\/\/fundacionincipe.com\/wp-content\/uploads\/2024\/11\/6905-041-1024x768.jpg\" alt=\"\" class=\"wp-image-18730\" srcset=\"https:\/\/fundacionincipe.com\/wp-content\/uploads\/2024\/11\/6905-041-1024x768.jpg 1024w, https:\/\/fundacionincipe.com\/wp-content\/uploads\/2024\/11\/6905-041-300x225.jpg 300w, https:\/\/fundacionincipe.com\/wp-content\/uploads\/2024\/11\/6905-041-768x576.jpg 768w, https:\/\/fundacionincipe.com\/wp-content\/uploads\/2024\/11\/6905-041-1536x1152.jpg 1536w, https:\/\/fundacionincipe.com\/wp-content\/uploads\/2024\/11\/6905-041.jpg 2008w\" sizes=\"(max-width: 1024px) 100vw, 1024px\" \/><button\n\t\t\tclass=\"lightbox-trigger\"\n\t\t\ttype=\"button\"\n\t\t\taria-haspopup=\"dialog\"\n\t\t\taria-label=\"Ampliar la imagen\"\n\t\t\tdata-wp-init=\"callbacks.initTriggerButton\"\n\t\t\tdata-wp-on-async--click=\"actions.showLightbox\"\n\t\t\tdata-wp-style--right=\"state.imageButtonRight\"\n\t\t\tdata-wp-style--top=\"state.imageButtonTop\"\n\t\t>\n\t\t\t<svg xmlns=\"http:\/\/www.w3.org\/2000\/svg\" width=\"12\" height=\"12\" fill=\"none\" viewBox=\"0 0 12 12\">\n\t\t\t\t<path fill=\"#fff\" d=\"M2 0a2 2 0 0 0-2 2v2h1.5V2a.5.5 0 0 1 .5-.5h2V0H2Zm2 10.5H2a.5.5 0 0 1-.5-.5V8H0v2a2 2 0 0 0 2 2h2v-1.5ZM8 12v-1.5h2a.5.5 0 0 0 .5-.5V8H12v2a2 2 0 0 1-2 2H8Zm2-12a2 2 0 0 1 2 2v2h-1.5V2a.5.5 0 0 0-.5-.5H8V0h2Z\" \/>\n\t\t\t<\/svg>\n\t\t<\/button><\/figure>\n<\/figure>\n","protected":false},"excerpt":{"rendered":"<p>La seguridad nacional abarca tres grandes aspectos: el primero de ellos es proteger la libertad, los derechos y el bienestar de los ciudadanos; el segundo punto es garantizar la defensa [&hellip;]<\/p>\n","protected":false},"author":3,"featured_media":18728,"comment_status":"open","ping_status":"closed","sticky":false,"template":"","format":"standard","meta":{"_acf_changed":false,"footnotes":""},"categories":[8],"tags":[],"class_list":["post-18727","post","type-post","status-publish","format-standard","has-post-thumbnail","hentry","category-conferencias-y-seminarios"],"acf":[],"_links":{"self":[{"href":"https:\/\/fundacionincipe.com\/index.php\/wp-json\/wp\/v2\/posts\/18727","targetHints":{"allow":["GET"]}}],"collection":[{"href":"https:\/\/fundacionincipe.com\/index.php\/wp-json\/wp\/v2\/posts"}],"about":[{"href":"https:\/\/fundacionincipe.com\/index.php\/wp-json\/wp\/v2\/types\/post"}],"author":[{"embeddable":true,"href":"https:\/\/fundacionincipe.com\/index.php\/wp-json\/wp\/v2\/users\/3"}],"replies":[{"embeddable":true,"href":"https:\/\/fundacionincipe.com\/index.php\/wp-json\/wp\/v2\/comments?post=18727"}],"version-history":[{"count":1,"href":"https:\/\/fundacionincipe.com\/index.php\/wp-json\/wp\/v2\/posts\/18727\/revisions"}],"predecessor-version":[{"id":18731,"href":"https:\/\/fundacionincipe.com\/index.php\/wp-json\/wp\/v2\/posts\/18727\/revisions\/18731"}],"wp:featuredmedia":[{"embeddable":true,"href":"https:\/\/fundacionincipe.com\/index.php\/wp-json\/wp\/v2\/media\/18728"}],"wp:attachment":[{"href":"https:\/\/fundacionincipe.com\/index.php\/wp-json\/wp\/v2\/media?parent=18727"}],"wp:term":[{"taxonomy":"category","embeddable":true,"href":"https:\/\/fundacionincipe.com\/index.php\/wp-json\/wp\/v2\/categories?post=18727"},{"taxonomy":"post_tag","embeddable":true,"href":"https:\/\/fundacionincipe.com\/index.php\/wp-json\/wp\/v2\/tags?post=18727"}],"curies":[{"name":"wp","href":"https:\/\/api.w.org\/{rel}","templated":true}]}}