{"id":18535,"date":"2024-11-07T10:45:56","date_gmt":"2024-11-07T10:45:56","guid":{"rendered":"https:\/\/fundacionincipe.com\/?p=18535"},"modified":"2025-03-17T11:53:10","modified_gmt":"2025-03-17T11:53:10","slug":"el-conflicto-asimetrico-en-oriente-medio","status":"publish","type":"post","link":"https:\/\/fundacionincipe.com\/index.php\/2024\/11\/07\/el-conflicto-asimetrico-en-oriente-medio\/","title":{"rendered":"XIX Seminario Fuerzas Armadas y Medios de Comunicaci\u00f3n: El conflicto asim\u00e9trico en Oriente Medio"},"content":{"rendered":"\n<p>En esta conferencia tuvimos la oportunidad de organizar dos mesas redondas. La primera, titulada <strong><em>Situaci\u00f3n actual en los territorios palestinos e Israel<\/em><\/strong>, estuvo moderada por <strong>Vicente Garrido<\/strong>, director general de INCIPE. En ella participaron <strong>\u00d3scar Millajo<\/strong>, periodista de informaci\u00f3n internacional de TVE y corresponsal en oriente pr\u00f3ximo; <strong>Miguel de la Fuente<\/strong>, reportero gr\u00e1fico internacional y premio \u2018Cirilo Rodr\u00edguez\u2019 para enviados especiales al extranjero (2023); y el coronel <strong>Jos\u00e9 Ignacio Castro<\/strong>, analista asociado del Instituto Espa\u00f1ol de Estudios Estrat\u00e9gicos (IEEE) del Ministerio de Defensa.&nbsp;<\/p>\n\n\n\n<p>La segunda mesa redonda, titulada <strong><em>Consecuencias geoestrat\u00e9gicas del conflicto<\/em><\/strong>, estuvo moderada por <strong>Elo\u00edsa Moreiro<\/strong>, diplom\u00e1tica y analista en el \u00e1rea de Geopol\u00edtica de la Divisi\u00f3n de Coordinaci\u00f3n y Estudios de Seguridad y Defensa en el Ministerio de Defensa. En ella participaron el general de brigada <strong>V\u00edctor Bados<\/strong>, director del Instituto Espa\u00f1ol de Estudios Estrat\u00e9gicos del Ministerio de Defensa; <strong>Carlos Echeverr\u00eda<\/strong>, profesor de Relaciones Internacionales en la UNED y director del Observatorio de Ceuta y Melilla; y <strong>Alberto Priego<\/strong>, profesor agregado de Relaciones Internacionales en la Universidad Pontificia Comillas (ICADE) y colaborador del diario <em>El mundo<\/em>.&nbsp;<\/p>\n\n\n\n<p><strong>Ricardo D\u00edez-Hochleitner, secretario general de INCIPE<\/strong>, destaca la necesidad de fortalecer la cultura de defensa en un contexto de aumento de la conflictividad global que demanda un refuerzo de los mecanismos de seguridad a nivel nacional y colectivo. Con conflictos de gran escala y proximidad como los de Ucrania y Oriente Medio, se hace imprescindible consolidar la relaci\u00f3n entre la seguridad, el papel de las fuerzas armadas y la cobertura informativa. En Espa\u00f1a, la colaboraci\u00f3n entre fuerzas armadas y medios de comunicaci\u00f3n ha crecido, impulsada tanto por la creciente participaci\u00f3n en misiones de paz internacionales como por la respuesta a emergencias nacionales. Dados los crecientes v\u00ednculos entre la sociedad civil y las fuerzas armadas, los medios tienen la responsabilidad de informar sobre las acciones de estas \u00faltimas. La cobertura informativa en zonas de conflicto plantea desaf\u00edos complejos, exigiendo respeto y protecci\u00f3n internacional para los periodistas. Asimismo, las redes sociales introducen una nueva dimensi\u00f3n al permitir la r\u00e1pida propagaci\u00f3n de desinformaci\u00f3n. D\u00edez Hochleitner finaliza se\u00f1alando que, en suma, informaci\u00f3n, defensa y seguridad se entrelazan cada vez m\u00e1s, especialmente en el contexto de conflictos asim\u00e9tricos como el de Oriente Medio.<\/p>\n\n\n\n<p><strong><mark style=\"background-color:rgba(0, 0, 0, 0)\" class=\"has-inline-color has-luminous-vivid-orange-color\">Situaci\u00f3n actual en los territorios palestinos e Israel<\/mark><\/strong><\/p>\n\n\n\n<p>Durante la primera mesa redonda, titulada<strong><em>,<\/em><\/strong><em> <strong>Situaci\u00f3n actual en los territorios palestinos e Israel<\/strong><\/em>, <strong>Miguel de la Fuente, reportero gr\u00e1fico internacional y premio \u2018Cirilo Rodr\u00edguez\u2019 para enviados especiales al extranjero (2023)<\/strong>, comienza su intervenci\u00f3n se\u00f1alando la relaci\u00f3n entre medios de comunicaci\u00f3n y fuerzas armadas, que se ha vuelto cada vez m\u00e1s estrecha en las \u00faltimas d\u00e9cadas. Posteriormente le ponente repasa la historia del plan de partici\u00f3n de Palestina de 1947, aprobado por la ONU con la Resoluci\u00f3n 181, recordando que el conflicto entre Israel y Palestina tiene su origen mucho antes del reciente ataque del 7 de octubre de 2023.&nbsp;<\/p>\n\n\n\n<p>Miguel de la Fuente expone la situaci\u00f3n actual en Israel a trav\u00e9s de cuatro reportajes: el primero describe la devastaci\u00f3n de un kibutz tras el atentado; el segundo muestra el uso del sistema de defensa Iron Dome frente a cohetes lanzados desde Gaza; el tercero repasa la capacidad militar de Israel, con especial \u00e9nfasis en sus tanques; y el \u00faltimo presenta el incremento de la violencia de los colonos israel\u00edes en Cisjordania contra asentamientos palestinos desde el inicio de la confrontaci\u00f3n con Hamas.<\/p>\n\n\n\n<p>En su intervenci\u00f3n, <strong>\u00d3scar Mijallo, periodista de informaci\u00f3n internacional de TVE y corresponsal en oriente pr\u00f3ximo<\/strong>, ofrece una evaluaci\u00f3n del conflicto entre Israel y Hamas un a\u00f1o despu\u00e9s de su inicio, subrayando el impacto emocional y estrat\u00e9gico de los ataques iniciales, que evidenciaron fallos en las fuerzas de inteligencia de Israel. Destaca que Hamas cuenta con un brazo pol\u00edtico y social en Gaza que le da influencia significativa entre la poblaci\u00f3n, adem\u00e1s de su ala militar.&nbsp;<\/p>\n\n\n\n<p>Oscar Mijallo se\u00f1ala que Hamas no anticip\u00f3 la contundencia de la respuesta israel\u00ed, que muchos organismos internacionales consideran desproporcionada aun reconociendo el derecho de Israel a defenderse. La falta de informaci\u00f3n sobre Gaza, agravada por el bloqueo informativo israel\u00ed, dificulta la cobertura medi\u00e1tica en el plano gazat\u00ed. Israel ha aprendido de experiencias pasadas, donde, pese a victorias militares, perdi\u00f3 en el \u00e1mbito medi\u00e1tico, por lo que ha desarrollado una estrategia propagand\u00edstica muy firme. En Cisjordania, la situaci\u00f3n era ya cr\u00edtica para los palestinos, pero tras los atentados la violencia de los colonos jud\u00edos ha aumentado. Adem\u00e1s, las autoridades israel\u00edes han intensificado la presi\u00f3n sobre los \u00e1rabes israel\u00edes. Finalmente, el ponente menciona brevemente la reciente invasi\u00f3n de Israel en el sur del L\u00edbano y ofrece una proyecci\u00f3n de la posible evoluci\u00f3n del conflicto.&nbsp;<\/p>\n\n\n\n<p>Para concluir el turno de intervenciones de la primera mesa redonda, <strong>el analista asociado del Instituto Espa\u00f1ol de Estudios Estrat\u00e9gicos (IEEE) del Ministerio de Defensa, Cor.<\/strong> <strong>Jos\u00e9 Ignacio Castro<\/strong>, expone los cinco objetivos clave que Israel se plante\u00f3 tras el atentado del 7 de octubre: tres de car\u00e1cter militar y dos pol\u00edticos. Estos incluyen recuperar la seguridad en las \u00e1reas cercanas a Gaza, llevar a cabo operaciones militares contra Hamas, asegurar otros frentes abiertos, obtener respaldo internacional y unificar las fuerzas pol\u00edticas internas.&nbsp;<\/p>\n\n\n\n<p>En el \u00e1mbito militar, estos objetivos se traducen en eliminar la capacidad militar y estructura pol\u00edtica de Hamas y la Yihad Isl\u00e1mica Palestina, crear condiciones para el retorno de desplazados, reforzar la seguridad en las fronteras y promover la resiliencia nacional. A largo plazo, se busca evitar una amenaza armada duradera contra Israel. El ponente analiza los desaf\u00edos estrat\u00e9gicos principales en Gaza y Cisjordania, destacando c\u00f3mo estos representan los frentes de mayor inter\u00e9s para Israel a nivel interno.<\/p>\n\n\n\n<p>Al concluir las intervenciones de los ponentes, se abri\u00f3 un turno de preguntas en el que pudieron participar tanto los asistentes presentes en la sala como aquellos que participaban de manera virtual, abordando diversos aspectos tratados durante la mesa redonda. Este intercambio de ideas y perspectivas permiti\u00f3 ampliar el conocimiento compartido y enriquecer la discusi\u00f3n en el marco del actual conflicto en Oriente Medio antes de dar por finalizada la sesi\u00f3n.<\/p>\n\n\n\n<p><strong><mark style=\"background-color:rgba(0, 0, 0, 0)\" class=\"has-inline-color has-luminous-vivid-orange-color\">Consecuencias geoestrat\u00e9gicas del conflicto<\/mark><\/strong><\/p>\n\n\n\n<p>La segunda mesa redonda, titulada <strong><em>Consecuencias geoestrat\u00e9gicas del conflicto<\/em><\/strong><em>, <\/em>estuvo enfocada en analizar las tendencias futuras hacia las que avanza la regi\u00f3n desde el punto de vista estrat\u00e9gico. El primero en tomar la palabra fue <strong>Carlos Echeverr\u00eda, profesor de Relaciones Internacionales en la UNED y director del Observatorio de Ceuta y Melilla<\/strong>, quien comienza su intervenci\u00f3n comparando las intervenciones del primer ministro israel\u00ed en la ONU en 2023 y 2024, se\u00f1alando un cambio de tono trascendental: en 2023, antes de los ataques de Hamas, su postura era optimista en el marco de los Acuerdos de Abraham; en 2024, en cambio, el discurso se da en un contexto de guerra.&nbsp;<\/p>\n\n\n\n<p>El ponente dedic\u00f3 su intervenci\u00f3n a se\u00f1alar que, dada la escalada del conflicto, especialmente con la implicaci\u00f3n de proxies de Ir\u00e1n, el escenario actual podr\u00eda desencadenar una reconfiguraci\u00f3n geopol\u00edtica en la regi\u00f3n. Se\u00f1ala, adem\u00e1s, que Israel enfrenta un tipo de conflicto que ya no puede ganar con estrategias convencionales, ya que las guerras asim\u00e9tricas desaf\u00edan las t\u00e1cticas militares tradicionales. Esta realidad explica la intervenci\u00f3n terrestre en Gaza, motivada por la insuficiencia de los medios a\u00e9reos, que habr\u00edan permitido evitar una guerra terrestre. Carlos Echeverr\u00eda cierra su intervenci\u00f3n se\u00f1alando que el contexto actual, mucho m\u00e1s complejo que escaladas de tensi\u00f3n anteriores, parece alejar la posibilidad de una soluci\u00f3n duradera en la regi\u00f3n, sugiriendo que el conflicto podr\u00eda prolongarse indefinidamente.<\/p>\n\n\n\n<p>En su intervenci\u00f3n, el <strong>GB V\u00edctor Bados, director del Instituto Espa\u00f1ol de Estudios Estrat\u00e9gicos del Ministerio de Defensa<\/strong>, aborda el conflicto en Oriente Medio desde cuatro dimensiones clave que resaltan la complejidad de los actores implicados y sus objetivos.&nbsp;<\/p>\n\n\n\n<p>En la dimensi\u00f3n pol\u00edtica y existencial, destaca la falta de un fin pol\u00edtico en los objetivos militares de Israel. Adem\u00e1s, la violaci\u00f3n de l\u00edmites humanitarios afecta su respaldo en Occidente. Regionalmente, aunque Hamas ha sido debilitado, su resurgimiento es probable por su peso ideol\u00f3gico, respaldado por Ir\u00e1n, que tambi\u00e9n enfrenta el dilema de sus ambiciones nucleares y limitaciones estrat\u00e9gicas. Turqu\u00eda, por su parte, se muestra cada vez m\u00e1s asertiva. En el plano global, Rusia y China fortalecen su influencia, en el plano militar y comercial respectivamente. Mientras, EE.UU. mantiene su apoyo incondicional a Israel, algo que continuar\u00e1 sin cambios a pesar del resultado de las elecciones del 5 de noviembre. El ponente finaliza se\u00f1alando el papel observador de Europa.&nbsp;<\/p>\n\n\n\n<p><strong>Alberto Priego, profesor agregado de Relaciones Internacionales en la Universidad Pontificia Comillas (ICADE) y colaborador del diario <em>El mundo<\/em><\/strong>, cerr\u00f3 la segunda mesa redonda recordando los atentados del 7 de octubre como el punto de partida del conflicto actual en Oriente Medio.&nbsp;<\/p>\n\n\n\n<p>El ponente sit\u00faa el conflicto como la segunda parte de la guerra del Yom Kippur y dentro de un contexto m\u00e1s amplio que podr\u00eda llevar a una posible Tercera Guerra Mundial. Al igual que en el Yom Kippur, el conflicto de hoy tiene m\u00faltiples frentes. Adem\u00e1s, Priego se\u00f1ala una coordinaci\u00f3n significativa entre Hamas y Hezbollah, que habr\u00eda facilitado la planificaci\u00f3n conjunta del ataque contra Israel. Esta ofensiva tom\u00f3 a Israel por sorpresa, evidenciando numerosos fallos en su gesti\u00f3n de un conflicto latente, as\u00ed como una profunda divisi\u00f3n interna en el pa\u00eds. A pesar de la gran capacidad de reacci\u00f3n de Israel, el ataque ha dejado una sensaci\u00f3n de vulnerabilidad sin precedentes. El ponente repasa las fases de la respuesta israel\u00ed a los atentados, se\u00f1alando la complejidad de la situaci\u00f3n. Finalmente, plantea la pregunta de si el creciente ambiente internacional de tensi\u00f3n podr\u00eda desembocar en una Tercera Guerra Mundial.&nbsp;<\/p>\n\n\n\n<p>Al concluir las intervenciones de los ponentes, se dio paso al segundo debate de la sesi\u00f3n, en el que los participantes presenciales y aquellos que nos acompa\u00f1aban de forma virtual formularon sus preguntas a los ponentes de esta segunda mesa redonda.<\/p>\n\n\n\n<p><strong><mark style=\"background-color:rgba(0, 0, 0, 0)\" class=\"has-inline-color has-luminous-vivid-orange-color\">Clausura del seminario<\/mark><\/strong><\/p>\n\n\n\n<p>Para la clausura de este seminario, contamos con una breve intervenci\u00f3n del <strong>jefe del \u00e1rea de cultura de defensa de la secretar\u00eda de pol\u00edtica de defensa (SEGENPOL) del Ministerio de Defensa, Juan Bill\u00f3n Laa<\/strong>, quien dedic\u00f3 su intervenci\u00f3n a destacar la importancia de la cultura de defensa en inspirar la voluntad popular para apoyar el mantenimiento una pol\u00edtica de defensa efectiva. Juan Bill\u00f3n Laa destaca las dos herramientas principales empleadas por el Ministerio de Defensa para crear una conciencia de defensa: difundir cultura a trav\u00e9s de datos y una pol\u00edtica transparente, y la reflexi\u00f3n a trav\u00e9s de ejercicios como el presente seminario.<\/p>\n\n\n\n<p>Luc\u00eda Rodr\u00edguez<\/p>\n\n\n\n<figure class=\"wp-block-gallery has-nested-images columns-default is-cropped wp-block-gallery-1 is-layout-flex wp-block-gallery-is-layout-flex\">\n<figure data-wp-context=\"{&quot;imageId&quot;:&quot;69f282bcbf7b6&quot;}\" data-wp-interactive=\"core\/image\" class=\"wp-block-image size-large wp-lightbox-container\"><img fetchpriority=\"high\" decoding=\"async\" width=\"1024\" height=\"683\" data-wp-class--hide=\"state.isContentHidden\" data-wp-class--show=\"state.isContentVisible\" data-wp-init=\"callbacks.setButtonStyles\" data-wp-on-async--click=\"actions.showLightbox\" data-wp-on-async--load=\"callbacks.setButtonStyles\" data-wp-on-async-window--resize=\"callbacks.setButtonStyles\" data-id=\"18544\" src=\"https:\/\/fundacionincipe.com\/wp-content\/uploads\/2024\/11\/garridofotografos.com__JCG1297-1024x683.jpg\" alt=\"\" class=\"wp-image-18544\" srcset=\"https:\/\/fundacionincipe.com\/wp-content\/uploads\/2024\/11\/garridofotografos.com__JCG1297-1024x683.jpg 1024w, https:\/\/fundacionincipe.com\/wp-content\/uploads\/2024\/11\/garridofotografos.com__JCG1297-300x200.jpg 300w, https:\/\/fundacionincipe.com\/wp-content\/uploads\/2024\/11\/garridofotografos.com__JCG1297-768x512.jpg 768w, https:\/\/fundacionincipe.com\/wp-content\/uploads\/2024\/11\/garridofotografos.com__JCG1297-1536x1024.jpg 1536w, https:\/\/fundacionincipe.com\/wp-content\/uploads\/2024\/11\/garridofotografos.com__JCG1297-2048x1365.jpg 2048w\" sizes=\"(max-width: 1024px) 100vw, 1024px\" \/><button\n\t\t\tclass=\"lightbox-trigger\"\n\t\t\ttype=\"button\"\n\t\t\taria-haspopup=\"dialog\"\n\t\t\taria-label=\"Ampliar la imagen\"\n\t\t\tdata-wp-init=\"callbacks.initTriggerButton\"\n\t\t\tdata-wp-on-async--click=\"actions.showLightbox\"\n\t\t\tdata-wp-style--right=\"state.imageButtonRight\"\n\t\t\tdata-wp-style--top=\"state.imageButtonTop\"\n\t\t>\n\t\t\t<svg xmlns=\"http:\/\/www.w3.org\/2000\/svg\" width=\"12\" height=\"12\" fill=\"none\" viewBox=\"0 0 12 12\">\n\t\t\t\t<path fill=\"#fff\" d=\"M2 0a2 2 0 0 0-2 2v2h1.5V2a.5.5 0 0 1 .5-.5h2V0H2Zm2 10.5H2a.5.5 0 0 1-.5-.5V8H0v2a2 2 0 0 0 2 2h2v-1.5ZM8 12v-1.5h2a.5.5 0 0 0 .5-.5V8H12v2a2 2 0 0 1-2 2H8Zm2-12a2 2 0 0 1 2 2v2h-1.5V2a.5.5 0 0 0-.5-.5H8V0h2Z\" \/>\n\t\t\t<\/svg>\n\t\t<\/button><\/figure>\n\n\n\n<figure data-wp-context=\"{&quot;imageId&quot;:&quot;69f282bcbfc56&quot;}\" data-wp-interactive=\"core\/image\" class=\"wp-block-image size-large wp-lightbox-container\"><img decoding=\"async\" width=\"1024\" height=\"683\" data-wp-class--hide=\"state.isContentHidden\" data-wp-class--show=\"state.isContentVisible\" data-wp-init=\"callbacks.setButtonStyles\" data-wp-on-async--click=\"actions.showLightbox\" data-wp-on-async--load=\"callbacks.setButtonStyles\" data-wp-on-async-window--resize=\"callbacks.setButtonStyles\" data-id=\"18545\" src=\"https:\/\/fundacionincipe.com\/wp-content\/uploads\/2024\/11\/garridofotografos.com__JCG1274-1024x683.jpg\" alt=\"\" class=\"wp-image-18545\" srcset=\"https:\/\/fundacionincipe.com\/wp-content\/uploads\/2024\/11\/garridofotografos.com__JCG1274-1024x683.jpg 1024w, https:\/\/fundacionincipe.com\/wp-content\/uploads\/2024\/11\/garridofotografos.com__JCG1274-300x200.jpg 300w, https:\/\/fundacionincipe.com\/wp-content\/uploads\/2024\/11\/garridofotografos.com__JCG1274-768x512.jpg 768w, https:\/\/fundacionincipe.com\/wp-content\/uploads\/2024\/11\/garridofotografos.com__JCG1274-1536x1024.jpg 1536w, https:\/\/fundacionincipe.com\/wp-content\/uploads\/2024\/11\/garridofotografos.com__JCG1274-2048x1366.jpg 2048w\" sizes=\"(max-width: 1024px) 100vw, 1024px\" \/><button\n\t\t\tclass=\"lightbox-trigger\"\n\t\t\ttype=\"button\"\n\t\t\taria-haspopup=\"dialog\"\n\t\t\taria-label=\"Ampliar la imagen\"\n\t\t\tdata-wp-init=\"callbacks.initTriggerButton\"\n\t\t\tdata-wp-on-async--click=\"actions.showLightbox\"\n\t\t\tdata-wp-style--right=\"state.imageButtonRight\"\n\t\t\tdata-wp-style--top=\"state.imageButtonTop\"\n\t\t>\n\t\t\t<svg xmlns=\"http:\/\/www.w3.org\/2000\/svg\" width=\"12\" height=\"12\" fill=\"none\" viewBox=\"0 0 12 12\">\n\t\t\t\t<path fill=\"#fff\" d=\"M2 0a2 2 0 0 0-2 2v2h1.5V2a.5.5 0 0 1 .5-.5h2V0H2Zm2 10.5H2a.5.5 0 0 1-.5-.5V8H0v2a2 2 0 0 0 2 2h2v-1.5ZM8 12v-1.5h2a.5.5 0 0 0 .5-.5V8H12v2a2 2 0 0 1-2 2H8Zm2-12a2 2 0 0 1 2 2v2h-1.5V2a.5.5 0 0 0-.5-.5H8V0h2Z\" \/>\n\t\t\t<\/svg>\n\t\t<\/button><\/figure>\n\n\n\n<figure data-wp-context=\"{&quot;imageId&quot;:&quot;69f282bcc004c&quot;}\" data-wp-interactive=\"core\/image\" class=\"wp-block-image size-large wp-lightbox-container\"><img decoding=\"async\" width=\"1024\" height=\"683\" data-wp-class--hide=\"state.isContentHidden\" data-wp-class--show=\"state.isContentVisible\" data-wp-init=\"callbacks.setButtonStyles\" data-wp-on-async--click=\"actions.showLightbox\" data-wp-on-async--load=\"callbacks.setButtonStyles\" data-wp-on-async-window--resize=\"callbacks.setButtonStyles\" data-id=\"18547\" src=\"https:\/\/fundacionincipe.com\/wp-content\/uploads\/2024\/11\/garridofotografos.com__JCG1359-1024x683.jpg\" alt=\"\" class=\"wp-image-18547\" srcset=\"https:\/\/fundacionincipe.com\/wp-content\/uploads\/2024\/11\/garridofotografos.com__JCG1359-1024x683.jpg 1024w, https:\/\/fundacionincipe.com\/wp-content\/uploads\/2024\/11\/garridofotografos.com__JCG1359-300x200.jpg 300w, https:\/\/fundacionincipe.com\/wp-content\/uploads\/2024\/11\/garridofotografos.com__JCG1359-768x512.jpg 768w, https:\/\/fundacionincipe.com\/wp-content\/uploads\/2024\/11\/garridofotografos.com__JCG1359-1536x1024.jpg 1536w, https:\/\/fundacionincipe.com\/wp-content\/uploads\/2024\/11\/garridofotografos.com__JCG1359-2048x1365.jpg 2048w\" sizes=\"(max-width: 1024px) 100vw, 1024px\" \/><button\n\t\t\tclass=\"lightbox-trigger\"\n\t\t\ttype=\"button\"\n\t\t\taria-haspopup=\"dialog\"\n\t\t\taria-label=\"Ampliar la imagen\"\n\t\t\tdata-wp-init=\"callbacks.initTriggerButton\"\n\t\t\tdata-wp-on-async--click=\"actions.showLightbox\"\n\t\t\tdata-wp-style--right=\"state.imageButtonRight\"\n\t\t\tdata-wp-style--top=\"state.imageButtonTop\"\n\t\t>\n\t\t\t<svg xmlns=\"http:\/\/www.w3.org\/2000\/svg\" width=\"12\" height=\"12\" fill=\"none\" viewBox=\"0 0 12 12\">\n\t\t\t\t<path fill=\"#fff\" d=\"M2 0a2 2 0 0 0-2 2v2h1.5V2a.5.5 0 0 1 .5-.5h2V0H2Zm2 10.5H2a.5.5 0 0 1-.5-.5V8H0v2a2 2 0 0 0 2 2h2v-1.5ZM8 12v-1.5h2a.5.5 0 0 0 .5-.5V8H12v2a2 2 0 0 1-2 2H8Zm2-12a2 2 0 0 1 2 2v2h-1.5V2a.5.5 0 0 0-.5-.5H8V0h2Z\" \/>\n\t\t\t<\/svg>\n\t\t<\/button><\/figure>\n\n\n\n<figure data-wp-context=\"{&quot;imageId&quot;:&quot;69f282bcc044d&quot;}\" data-wp-interactive=\"core\/image\" class=\"wp-block-image size-large wp-lightbox-container\"><img loading=\"lazy\" decoding=\"async\" width=\"1024\" height=\"683\" data-wp-class--hide=\"state.isContentHidden\" data-wp-class--show=\"state.isContentVisible\" data-wp-init=\"callbacks.setButtonStyles\" data-wp-on-async--click=\"actions.showLightbox\" data-wp-on-async--load=\"callbacks.setButtonStyles\" data-wp-on-async-window--resize=\"callbacks.setButtonStyles\" data-id=\"18548\" src=\"https:\/\/fundacionincipe.com\/wp-content\/uploads\/2024\/11\/garridofotografos.com__JCG1365-1024x683.jpg\" alt=\"\" class=\"wp-image-18548\" srcset=\"https:\/\/fundacionincipe.com\/wp-content\/uploads\/2024\/11\/garridofotografos.com__JCG1365-1024x683.jpg 1024w, https:\/\/fundacionincipe.com\/wp-content\/uploads\/2024\/11\/garridofotografos.com__JCG1365-300x200.jpg 300w, https:\/\/fundacionincipe.com\/wp-content\/uploads\/2024\/11\/garridofotografos.com__JCG1365-768x512.jpg 768w, https:\/\/fundacionincipe.com\/wp-content\/uploads\/2024\/11\/garridofotografos.com__JCG1365-1536x1024.jpg 1536w, https:\/\/fundacionincipe.com\/wp-content\/uploads\/2024\/11\/garridofotografos.com__JCG1365-2048x1365.jpg 2048w\" sizes=\"(max-width: 1024px) 100vw, 1024px\" \/><button\n\t\t\tclass=\"lightbox-trigger\"\n\t\t\ttype=\"button\"\n\t\t\taria-haspopup=\"dialog\"\n\t\t\taria-label=\"Ampliar la imagen\"\n\t\t\tdata-wp-init=\"callbacks.initTriggerButton\"\n\t\t\tdata-wp-on-async--click=\"actions.showLightbox\"\n\t\t\tdata-wp-style--right=\"state.imageButtonRight\"\n\t\t\tdata-wp-style--top=\"state.imageButtonTop\"\n\t\t>\n\t\t\t<svg xmlns=\"http:\/\/www.w3.org\/2000\/svg\" width=\"12\" height=\"12\" fill=\"none\" viewBox=\"0 0 12 12\">\n\t\t\t\t<path fill=\"#fff\" d=\"M2 0a2 2 0 0 0-2 2v2h1.5V2a.5.5 0 0 1 .5-.5h2V0H2Zm2 10.5H2a.5.5 0 0 1-.5-.5V8H0v2a2 2 0 0 0 2 2h2v-1.5ZM8 12v-1.5h2a.5.5 0 0 0 .5-.5V8H12v2a2 2 0 0 1-2 2H8Zm2-12a2 2 0 0 1 2 2v2h-1.5V2a.5.5 0 0 0-.5-.5H8V0h2Z\" \/>\n\t\t\t<\/svg>\n\t\t<\/button><\/figure>\n\n\n\n<figure data-wp-context=\"{&quot;imageId&quot;:&quot;69f282bcc085a&quot;}\" data-wp-interactive=\"core\/image\" class=\"wp-block-image size-large wp-lightbox-container\"><img loading=\"lazy\" decoding=\"async\" width=\"1024\" height=\"683\" data-wp-class--hide=\"state.isContentHidden\" data-wp-class--show=\"state.isContentVisible\" data-wp-init=\"callbacks.setButtonStyles\" data-wp-on-async--click=\"actions.showLightbox\" data-wp-on-async--load=\"callbacks.setButtonStyles\" data-wp-on-async-window--resize=\"callbacks.setButtonStyles\" data-id=\"18551\" src=\"https:\/\/fundacionincipe.com\/wp-content\/uploads\/2024\/11\/garridofotografos.com__JCG1437-1024x683.jpg\" alt=\"\" class=\"wp-image-18551\" srcset=\"https:\/\/fundacionincipe.com\/wp-content\/uploads\/2024\/11\/garridofotografos.com__JCG1437-1024x683.jpg 1024w, https:\/\/fundacionincipe.com\/wp-content\/uploads\/2024\/11\/garridofotografos.com__JCG1437-300x200.jpg 300w, https:\/\/fundacionincipe.com\/wp-content\/uploads\/2024\/11\/garridofotografos.com__JCG1437-768x512.jpg 768w, https:\/\/fundacionincipe.com\/wp-content\/uploads\/2024\/11\/garridofotografos.com__JCG1437-1536x1024.jpg 1536w, https:\/\/fundacionincipe.com\/wp-content\/uploads\/2024\/11\/garridofotografos.com__JCG1437-2048x1365.jpg 2048w\" sizes=\"(max-width: 1024px) 100vw, 1024px\" \/><button\n\t\t\tclass=\"lightbox-trigger\"\n\t\t\ttype=\"button\"\n\t\t\taria-haspopup=\"dialog\"\n\t\t\taria-label=\"Ampliar la imagen\"\n\t\t\tdata-wp-init=\"callbacks.initTriggerButton\"\n\t\t\tdata-wp-on-async--click=\"actions.showLightbox\"\n\t\t\tdata-wp-style--right=\"state.imageButtonRight\"\n\t\t\tdata-wp-style--top=\"state.imageButtonTop\"\n\t\t>\n\t\t\t<svg xmlns=\"http:\/\/www.w3.org\/2000\/svg\" width=\"12\" height=\"12\" fill=\"none\" viewBox=\"0 0 12 12\">\n\t\t\t\t<path fill=\"#fff\" d=\"M2 0a2 2 0 0 0-2 2v2h1.5V2a.5.5 0 0 1 .5-.5h2V0H2Zm2 10.5H2a.5.5 0 0 1-.5-.5V8H0v2a2 2 0 0 0 2 2h2v-1.5ZM8 12v-1.5h2a.5.5 0 0 0 .5-.5V8H12v2a2 2 0 0 1-2 2H8Zm2-12a2 2 0 0 1 2 2v2h-1.5V2a.5.5 0 0 0-.5-.5H8V0h2Z\" \/>\n\t\t\t<\/svg>\n\t\t<\/button><\/figure>\n\n\n\n<figure data-wp-context=\"{&quot;imageId&quot;:&quot;69f282bcc0c23&quot;}\" data-wp-interactive=\"core\/image\" class=\"wp-block-image size-large wp-lightbox-container\"><img loading=\"lazy\" decoding=\"async\" width=\"1024\" height=\"683\" data-wp-class--hide=\"state.isContentHidden\" data-wp-class--show=\"state.isContentVisible\" data-wp-init=\"callbacks.setButtonStyles\" data-wp-on-async--click=\"actions.showLightbox\" data-wp-on-async--load=\"callbacks.setButtonStyles\" data-wp-on-async-window--resize=\"callbacks.setButtonStyles\" data-id=\"18553\" src=\"https:\/\/fundacionincipe.com\/wp-content\/uploads\/2024\/11\/garridofotografos.com__JCG1468-1024x683.jpg\" alt=\"\" class=\"wp-image-18553\" srcset=\"https:\/\/fundacionincipe.com\/wp-content\/uploads\/2024\/11\/garridofotografos.com__JCG1468-1024x683.jpg 1024w, https:\/\/fundacionincipe.com\/wp-content\/uploads\/2024\/11\/garridofotografos.com__JCG1468-300x200.jpg 300w, https:\/\/fundacionincipe.com\/wp-content\/uploads\/2024\/11\/garridofotografos.com__JCG1468-768x512.jpg 768w, https:\/\/fundacionincipe.com\/wp-content\/uploads\/2024\/11\/garridofotografos.com__JCG1468-1536x1024.jpg 1536w, https:\/\/fundacionincipe.com\/wp-content\/uploads\/2024\/11\/garridofotografos.com__JCG1468-2048x1365.jpg 2048w\" sizes=\"(max-width: 1024px) 100vw, 1024px\" \/><button\n\t\t\tclass=\"lightbox-trigger\"\n\t\t\ttype=\"button\"\n\t\t\taria-haspopup=\"dialog\"\n\t\t\taria-label=\"Ampliar la imagen\"\n\t\t\tdata-wp-init=\"callbacks.initTriggerButton\"\n\t\t\tdata-wp-on-async--click=\"actions.showLightbox\"\n\t\t\tdata-wp-style--right=\"state.imageButtonRight\"\n\t\t\tdata-wp-style--top=\"state.imageButtonTop\"\n\t\t>\n\t\t\t<svg xmlns=\"http:\/\/www.w3.org\/2000\/svg\" width=\"12\" height=\"12\" fill=\"none\" viewBox=\"0 0 12 12\">\n\t\t\t\t<path fill=\"#fff\" d=\"M2 0a2 2 0 0 0-2 2v2h1.5V2a.5.5 0 0 1 .5-.5h2V0H2Zm2 10.5H2a.5.5 0 0 1-.5-.5V8H0v2a2 2 0 0 0 2 2h2v-1.5ZM8 12v-1.5h2a.5.5 0 0 0 .5-.5V8H12v2a2 2 0 0 1-2 2H8Zm2-12a2 2 0 0 1 2 2v2h-1.5V2a.5.5 0 0 0-.5-.5H8V0h2Z\" \/>\n\t\t\t<\/svg>\n\t\t<\/button><\/figure>\n\n\n\n<figure data-wp-context=\"{&quot;imageId&quot;:&quot;69f282bcc0fe9&quot;}\" data-wp-interactive=\"core\/image\" class=\"wp-block-image size-large wp-lightbox-container\"><img loading=\"lazy\" decoding=\"async\" width=\"1024\" height=\"683\" data-wp-class--hide=\"state.isContentHidden\" data-wp-class--show=\"state.isContentVisible\" data-wp-init=\"callbacks.setButtonStyles\" data-wp-on-async--click=\"actions.showLightbox\" data-wp-on-async--load=\"callbacks.setButtonStyles\" data-wp-on-async-window--resize=\"callbacks.setButtonStyles\" data-id=\"18556\" src=\"https:\/\/fundacionincipe.com\/wp-content\/uploads\/2024\/11\/garridofotografos.com__JCG1568-1024x683.jpg\" alt=\"\" class=\"wp-image-18556\" srcset=\"https:\/\/fundacionincipe.com\/wp-content\/uploads\/2024\/11\/garridofotografos.com__JCG1568-1024x683.jpg 1024w, https:\/\/fundacionincipe.com\/wp-content\/uploads\/2024\/11\/garridofotografos.com__JCG1568-300x200.jpg 300w, https:\/\/fundacionincipe.com\/wp-content\/uploads\/2024\/11\/garridofotografos.com__JCG1568-768x512.jpg 768w, https:\/\/fundacionincipe.com\/wp-content\/uploads\/2024\/11\/garridofotografos.com__JCG1568-1536x1024.jpg 1536w, https:\/\/fundacionincipe.com\/wp-content\/uploads\/2024\/11\/garridofotografos.com__JCG1568-2048x1365.jpg 2048w\" sizes=\"(max-width: 1024px) 100vw, 1024px\" \/><button\n\t\t\tclass=\"lightbox-trigger\"\n\t\t\ttype=\"button\"\n\t\t\taria-haspopup=\"dialog\"\n\t\t\taria-label=\"Ampliar la imagen\"\n\t\t\tdata-wp-init=\"callbacks.initTriggerButton\"\n\t\t\tdata-wp-on-async--click=\"actions.showLightbox\"\n\t\t\tdata-wp-style--right=\"state.imageButtonRight\"\n\t\t\tdata-wp-style--top=\"state.imageButtonTop\"\n\t\t>\n\t\t\t<svg xmlns=\"http:\/\/www.w3.org\/2000\/svg\" width=\"12\" height=\"12\" fill=\"none\" viewBox=\"0 0 12 12\">\n\t\t\t\t<path fill=\"#fff\" d=\"M2 0a2 2 0 0 0-2 2v2h1.5V2a.5.5 0 0 1 .5-.5h2V0H2Zm2 10.5H2a.5.5 0 0 1-.5-.5V8H0v2a2 2 0 0 0 2 2h2v-1.5ZM8 12v-1.5h2a.5.5 0 0 0 .5-.5V8H12v2a2 2 0 0 1-2 2H8Zm2-12a2 2 0 0 1 2 2v2h-1.5V2a.5.5 0 0 0-.5-.5H8V0h2Z\" \/>\n\t\t\t<\/svg>\n\t\t<\/button><\/figure>\n\n\n\n<figure data-wp-context=\"{&quot;imageId&quot;:&quot;69f282bcc13b6&quot;}\" data-wp-interactive=\"core\/image\" class=\"wp-block-image size-large wp-lightbox-container\"><img loading=\"lazy\" decoding=\"async\" width=\"1024\" height=\"683\" data-wp-class--hide=\"state.isContentHidden\" data-wp-class--show=\"state.isContentVisible\" data-wp-init=\"callbacks.setButtonStyles\" data-wp-on-async--click=\"actions.showLightbox\" data-wp-on-async--load=\"callbacks.setButtonStyles\" data-wp-on-async-window--resize=\"callbacks.setButtonStyles\" data-id=\"18557\" src=\"https:\/\/fundacionincipe.com\/wp-content\/uploads\/2024\/11\/garridofotografos.com__JCG1640-1024x683.jpg\" alt=\"\" class=\"wp-image-18557\" srcset=\"https:\/\/fundacionincipe.com\/wp-content\/uploads\/2024\/11\/garridofotografos.com__JCG1640-1024x683.jpg 1024w, https:\/\/fundacionincipe.com\/wp-content\/uploads\/2024\/11\/garridofotografos.com__JCG1640-300x200.jpg 300w, https:\/\/fundacionincipe.com\/wp-content\/uploads\/2024\/11\/garridofotografos.com__JCG1640-768x512.jpg 768w, https:\/\/fundacionincipe.com\/wp-content\/uploads\/2024\/11\/garridofotografos.com__JCG1640-1536x1024.jpg 1536w, https:\/\/fundacionincipe.com\/wp-content\/uploads\/2024\/11\/garridofotografos.com__JCG1640-2048x1365.jpg 2048w\" sizes=\"(max-width: 1024px) 100vw, 1024px\" \/><button\n\t\t\tclass=\"lightbox-trigger\"\n\t\t\ttype=\"button\"\n\t\t\taria-haspopup=\"dialog\"\n\t\t\taria-label=\"Ampliar la imagen\"\n\t\t\tdata-wp-init=\"callbacks.initTriggerButton\"\n\t\t\tdata-wp-on-async--click=\"actions.showLightbox\"\n\t\t\tdata-wp-style--right=\"state.imageButtonRight\"\n\t\t\tdata-wp-style--top=\"state.imageButtonTop\"\n\t\t>\n\t\t\t<svg xmlns=\"http:\/\/www.w3.org\/2000\/svg\" width=\"12\" height=\"12\" fill=\"none\" viewBox=\"0 0 12 12\">\n\t\t\t\t<path fill=\"#fff\" d=\"M2 0a2 2 0 0 0-2 2v2h1.5V2a.5.5 0 0 1 .5-.5h2V0H2Zm2 10.5H2a.5.5 0 0 1-.5-.5V8H0v2a2 2 0 0 0 2 2h2v-1.5ZM8 12v-1.5h2a.5.5 0 0 0 .5-.5V8H12v2a2 2 0 0 1-2 2H8Zm2-12a2 2 0 0 1 2 2v2h-1.5V2a.5.5 0 0 0-.5-.5H8V0h2Z\" \/>\n\t\t\t<\/svg>\n\t\t<\/button><\/figure>\n\n\n\n<figure data-wp-context=\"{&quot;imageId&quot;:&quot;69f282bcc1774&quot;}\" data-wp-interactive=\"core\/image\" class=\"wp-block-image size-large wp-lightbox-container\"><img loading=\"lazy\" decoding=\"async\" width=\"1024\" height=\"683\" data-wp-class--hide=\"state.isContentHidden\" data-wp-class--show=\"state.isContentVisible\" data-wp-init=\"callbacks.setButtonStyles\" data-wp-on-async--click=\"actions.showLightbox\" data-wp-on-async--load=\"callbacks.setButtonStyles\" data-wp-on-async-window--resize=\"callbacks.setButtonStyles\" data-id=\"18559\" src=\"https:\/\/fundacionincipe.com\/wp-content\/uploads\/2024\/11\/garridofotografos.com__JCG1723-1024x683.jpg\" alt=\"\" class=\"wp-image-18559\" srcset=\"https:\/\/fundacionincipe.com\/wp-content\/uploads\/2024\/11\/garridofotografos.com__JCG1723-1024x683.jpg 1024w, https:\/\/fundacionincipe.com\/wp-content\/uploads\/2024\/11\/garridofotografos.com__JCG1723-300x200.jpg 300w, https:\/\/fundacionincipe.com\/wp-content\/uploads\/2024\/11\/garridofotografos.com__JCG1723-768x512.jpg 768w, https:\/\/fundacionincipe.com\/wp-content\/uploads\/2024\/11\/garridofotografos.com__JCG1723-1536x1024.jpg 1536w, https:\/\/fundacionincipe.com\/wp-content\/uploads\/2024\/11\/garridofotografos.com__JCG1723-2048x1365.jpg 2048w\" sizes=\"(max-width: 1024px) 100vw, 1024px\" \/><button\n\t\t\tclass=\"lightbox-trigger\"\n\t\t\ttype=\"button\"\n\t\t\taria-haspopup=\"dialog\"\n\t\t\taria-label=\"Ampliar la imagen\"\n\t\t\tdata-wp-init=\"callbacks.initTriggerButton\"\n\t\t\tdata-wp-on-async--click=\"actions.showLightbox\"\n\t\t\tdata-wp-style--right=\"state.imageButtonRight\"\n\t\t\tdata-wp-style--top=\"state.imageButtonTop\"\n\t\t>\n\t\t\t<svg xmlns=\"http:\/\/www.w3.org\/2000\/svg\" width=\"12\" height=\"12\" fill=\"none\" viewBox=\"0 0 12 12\">\n\t\t\t\t<path fill=\"#fff\" d=\"M2 0a2 2 0 0 0-2 2v2h1.5V2a.5.5 0 0 1 .5-.5h2V0H2Zm2 10.5H2a.5.5 0 0 1-.5-.5V8H0v2a2 2 0 0 0 2 2h2v-1.5ZM8 12v-1.5h2a.5.5 0 0 0 .5-.5V8H12v2a2 2 0 0 1-2 2H8Zm2-12a2 2 0 0 1 2 2v2h-1.5V2a.5.5 0 0 0-.5-.5H8V0h2Z\" \/>\n\t\t\t<\/svg>\n\t\t<\/button><\/figure>\n\n\n\n<figure data-wp-context=\"{&quot;imageId&quot;:&quot;69f282bcc1d0b&quot;}\" data-wp-interactive=\"core\/image\" class=\"wp-block-image size-large wp-lightbox-container\"><img loading=\"lazy\" decoding=\"async\" width=\"1024\" height=\"683\" data-wp-class--hide=\"state.isContentHidden\" data-wp-class--show=\"state.isContentVisible\" data-wp-init=\"callbacks.setButtonStyles\" data-wp-on-async--click=\"actions.showLightbox\" data-wp-on-async--load=\"callbacks.setButtonStyles\" data-wp-on-async-window--resize=\"callbacks.setButtonStyles\" data-id=\"18561\" src=\"https:\/\/fundacionincipe.com\/wp-content\/uploads\/2024\/11\/garridofotografos.com__JCG1735-1024x683.jpg\" alt=\"\" class=\"wp-image-18561\" srcset=\"https:\/\/fundacionincipe.com\/wp-content\/uploads\/2024\/11\/garridofotografos.com__JCG1735-1024x683.jpg 1024w, https:\/\/fundacionincipe.com\/wp-content\/uploads\/2024\/11\/garridofotografos.com__JCG1735-300x200.jpg 300w, https:\/\/fundacionincipe.com\/wp-content\/uploads\/2024\/11\/garridofotografos.com__JCG1735-768x512.jpg 768w, https:\/\/fundacionincipe.com\/wp-content\/uploads\/2024\/11\/garridofotografos.com__JCG1735-1536x1024.jpg 1536w, https:\/\/fundacionincipe.com\/wp-content\/uploads\/2024\/11\/garridofotografos.com__JCG1735-2048x1365.jpg 2048w\" sizes=\"(max-width: 1024px) 100vw, 1024px\" \/><button\n\t\t\tclass=\"lightbox-trigger\"\n\t\t\ttype=\"button\"\n\t\t\taria-haspopup=\"dialog\"\n\t\t\taria-label=\"Ampliar la imagen\"\n\t\t\tdata-wp-init=\"callbacks.initTriggerButton\"\n\t\t\tdata-wp-on-async--click=\"actions.showLightbox\"\n\t\t\tdata-wp-style--right=\"state.imageButtonRight\"\n\t\t\tdata-wp-style--top=\"state.imageButtonTop\"\n\t\t>\n\t\t\t<svg xmlns=\"http:\/\/www.w3.org\/2000\/svg\" width=\"12\" height=\"12\" fill=\"none\" viewBox=\"0 0 12 12\">\n\t\t\t\t<path fill=\"#fff\" d=\"M2 0a2 2 0 0 0-2 2v2h1.5V2a.5.5 0 0 1 .5-.5h2V0H2Zm2 10.5H2a.5.5 0 0 1-.5-.5V8H0v2a2 2 0 0 0 2 2h2v-1.5ZM8 12v-1.5h2a.5.5 0 0 0 .5-.5V8H12v2a2 2 0 0 1-2 2H8Zm2-12a2 2 0 0 1 2 2v2h-1.5V2a.5.5 0 0 0-.5-.5H8V0h2Z\" \/>\n\t\t\t<\/svg>\n\t\t<\/button><\/figure>\n\n\n\n<figure data-wp-context=\"{&quot;imageId&quot;:&quot;69f282bcc2438&quot;}\" data-wp-interactive=\"core\/image\" class=\"wp-block-image size-large wp-lightbox-container\"><img loading=\"lazy\" decoding=\"async\" width=\"1024\" height=\"683\" data-wp-class--hide=\"state.isContentHidden\" data-wp-class--show=\"state.isContentVisible\" data-wp-init=\"callbacks.setButtonStyles\" data-wp-on-async--click=\"actions.showLightbox\" data-wp-on-async--load=\"callbacks.setButtonStyles\" data-wp-on-async-window--resize=\"callbacks.setButtonStyles\" data-id=\"18563\" src=\"https:\/\/fundacionincipe.com\/wp-content\/uploads\/2024\/11\/garridofotografos.com__JCG1737-1024x683.jpg\" alt=\"\" class=\"wp-image-18563\" srcset=\"https:\/\/fundacionincipe.com\/wp-content\/uploads\/2024\/11\/garridofotografos.com__JCG1737-1024x683.jpg 1024w, https:\/\/fundacionincipe.com\/wp-content\/uploads\/2024\/11\/garridofotografos.com__JCG1737-300x200.jpg 300w, https:\/\/fundacionincipe.com\/wp-content\/uploads\/2024\/11\/garridofotografos.com__JCG1737-768x512.jpg 768w, https:\/\/fundacionincipe.com\/wp-content\/uploads\/2024\/11\/garridofotografos.com__JCG1737-1536x1024.jpg 1536w, https:\/\/fundacionincipe.com\/wp-content\/uploads\/2024\/11\/garridofotografos.com__JCG1737-2048x1365.jpg 2048w\" sizes=\"(max-width: 1024px) 100vw, 1024px\" \/><button\n\t\t\tclass=\"lightbox-trigger\"\n\t\t\ttype=\"button\"\n\t\t\taria-haspopup=\"dialog\"\n\t\t\taria-label=\"Ampliar la imagen\"\n\t\t\tdata-wp-init=\"callbacks.initTriggerButton\"\n\t\t\tdata-wp-on-async--click=\"actions.showLightbox\"\n\t\t\tdata-wp-style--right=\"state.imageButtonRight\"\n\t\t\tdata-wp-style--top=\"state.imageButtonTop\"\n\t\t>\n\t\t\t<svg xmlns=\"http:\/\/www.w3.org\/2000\/svg\" width=\"12\" height=\"12\" fill=\"none\" viewBox=\"0 0 12 12\">\n\t\t\t\t<path fill=\"#fff\" d=\"M2 0a2 2 0 0 0-2 2v2h1.5V2a.5.5 0 0 1 .5-.5h2V0H2Zm2 10.5H2a.5.5 0 0 1-.5-.5V8H0v2a2 2 0 0 0 2 2h2v-1.5ZM8 12v-1.5h2a.5.5 0 0 0 .5-.5V8H12v2a2 2 0 0 1-2 2H8Zm2-12a2 2 0 0 1 2 2v2h-1.5V2a.5.5 0 0 0-.5-.5H8V0h2Z\" \/>\n\t\t\t<\/svg>\n\t\t<\/button><\/figure>\n\n\n\n<figure data-wp-context=\"{&quot;imageId&quot;:&quot;69f282bcc2b10&quot;}\" data-wp-interactive=\"core\/image\" class=\"wp-block-image size-large wp-lightbox-container\"><img loading=\"lazy\" decoding=\"async\" width=\"1024\" height=\"683\" data-wp-class--hide=\"state.isContentHidden\" data-wp-class--show=\"state.isContentVisible\" data-wp-init=\"callbacks.setButtonStyles\" data-wp-on-async--click=\"actions.showLightbox\" data-wp-on-async--load=\"callbacks.setButtonStyles\" data-wp-on-async-window--resize=\"callbacks.setButtonStyles\" data-id=\"18555\" src=\"https:\/\/fundacionincipe.com\/wp-content\/uploads\/2024\/11\/garridofotografos.com__JCG1537-1024x683.jpg\" alt=\"\" class=\"wp-image-18555\" srcset=\"https:\/\/fundacionincipe.com\/wp-content\/uploads\/2024\/11\/garridofotografos.com__JCG1537-1024x683.jpg 1024w, https:\/\/fundacionincipe.com\/wp-content\/uploads\/2024\/11\/garridofotografos.com__JCG1537-300x200.jpg 300w, https:\/\/fundacionincipe.com\/wp-content\/uploads\/2024\/11\/garridofotografos.com__JCG1537-768x512.jpg 768w, https:\/\/fundacionincipe.com\/wp-content\/uploads\/2024\/11\/garridofotografos.com__JCG1537-1536x1024.jpg 1536w, https:\/\/fundacionincipe.com\/wp-content\/uploads\/2024\/11\/garridofotografos.com__JCG1537-2048x1366.jpg 2048w\" sizes=\"(max-width: 1024px) 100vw, 1024px\" \/><button\n\t\t\tclass=\"lightbox-trigger\"\n\t\t\ttype=\"button\"\n\t\t\taria-haspopup=\"dialog\"\n\t\t\taria-label=\"Ampliar la imagen\"\n\t\t\tdata-wp-init=\"callbacks.initTriggerButton\"\n\t\t\tdata-wp-on-async--click=\"actions.showLightbox\"\n\t\t\tdata-wp-style--right=\"state.imageButtonRight\"\n\t\t\tdata-wp-style--top=\"state.imageButtonTop\"\n\t\t>\n\t\t\t<svg xmlns=\"http:\/\/www.w3.org\/2000\/svg\" width=\"12\" height=\"12\" fill=\"none\" viewBox=\"0 0 12 12\">\n\t\t\t\t<path fill=\"#fff\" d=\"M2 0a2 2 0 0 0-2 2v2h1.5V2a.5.5 0 0 1 .5-.5h2V0H2Zm2 10.5H2a.5.5 0 0 1-.5-.5V8H0v2a2 2 0 0 0 2 2h2v-1.5ZM8 12v-1.5h2a.5.5 0 0 0 .5-.5V8H12v2a2 2 0 0 1-2 2H8Zm2-12a2 2 0 0 1 2 2v2h-1.5V2a.5.5 0 0 0-.5-.5H8V0h2Z\" \/>\n\t\t\t<\/svg>\n\t\t<\/button><\/figure>\n\n\n\n<figure data-wp-context=\"{&quot;imageId&quot;:&quot;69f282bcc2f00&quot;}\" data-wp-interactive=\"core\/image\" class=\"wp-block-image size-large wp-lightbox-container\"><img loading=\"lazy\" decoding=\"async\" width=\"1024\" height=\"683\" data-wp-class--hide=\"state.isContentHidden\" data-wp-class--show=\"state.isContentVisible\" data-wp-init=\"callbacks.setButtonStyles\" data-wp-on-async--click=\"actions.showLightbox\" data-wp-on-async--load=\"callbacks.setButtonStyles\" data-wp-on-async-window--resize=\"callbacks.setButtonStyles\" data-id=\"18562\" src=\"https:\/\/fundacionincipe.com\/wp-content\/uploads\/2024\/11\/garridofotografos.com__JCG1755-1024x683.jpg\" alt=\"\" class=\"wp-image-18562\" srcset=\"https:\/\/fundacionincipe.com\/wp-content\/uploads\/2024\/11\/garridofotografos.com__JCG1755-1024x683.jpg 1024w, https:\/\/fundacionincipe.com\/wp-content\/uploads\/2024\/11\/garridofotografos.com__JCG1755-300x200.jpg 300w, https:\/\/fundacionincipe.com\/wp-content\/uploads\/2024\/11\/garridofotografos.com__JCG1755-768x512.jpg 768w, https:\/\/fundacionincipe.com\/wp-content\/uploads\/2024\/11\/garridofotografos.com__JCG1755-1536x1024.jpg 1536w, https:\/\/fundacionincipe.com\/wp-content\/uploads\/2024\/11\/garridofotografos.com__JCG1755-2048x1365.jpg 2048w\" sizes=\"(max-width: 1024px) 100vw, 1024px\" \/><button\n\t\t\tclass=\"lightbox-trigger\"\n\t\t\ttype=\"button\"\n\t\t\taria-haspopup=\"dialog\"\n\t\t\taria-label=\"Ampliar la imagen\"\n\t\t\tdata-wp-init=\"callbacks.initTriggerButton\"\n\t\t\tdata-wp-on-async--click=\"actions.showLightbox\"\n\t\t\tdata-wp-style--right=\"state.imageButtonRight\"\n\t\t\tdata-wp-style--top=\"state.imageButtonTop\"\n\t\t>\n\t\t\t<svg xmlns=\"http:\/\/www.w3.org\/2000\/svg\" width=\"12\" height=\"12\" fill=\"none\" viewBox=\"0 0 12 12\">\n\t\t\t\t<path fill=\"#fff\" d=\"M2 0a2 2 0 0 0-2 2v2h1.5V2a.5.5 0 0 1 .5-.5h2V0H2Zm2 10.5H2a.5.5 0 0 1-.5-.5V8H0v2a2 2 0 0 0 2 2h2v-1.5ZM8 12v-1.5h2a.5.5 0 0 0 .5-.5V8H12v2a2 2 0 0 1-2 2H8Zm2-12a2 2 0 0 1 2 2v2h-1.5V2a.5.5 0 0 0-.5-.5H8V0h2Z\" \/>\n\t\t\t<\/svg>\n\t\t<\/button><\/figure>\n\n\n\n<figure data-wp-context=\"{&quot;imageId&quot;:&quot;69f282bcc32d0&quot;}\" data-wp-interactive=\"core\/image\" class=\"wp-block-image size-large wp-lightbox-container\"><img loading=\"lazy\" decoding=\"async\" width=\"1024\" height=\"683\" data-wp-class--hide=\"state.isContentHidden\" data-wp-class--show=\"state.isContentVisible\" data-wp-init=\"callbacks.setButtonStyles\" data-wp-on-async--click=\"actions.showLightbox\" data-wp-on-async--load=\"callbacks.setButtonStyles\" data-wp-on-async-window--resize=\"callbacks.setButtonStyles\" data-id=\"18554\" src=\"https:\/\/fundacionincipe.com\/wp-content\/uploads\/2024\/11\/garridofotografos.com__JCG1520-1024x683.jpg\" alt=\"\" class=\"wp-image-18554\" srcset=\"https:\/\/fundacionincipe.com\/wp-content\/uploads\/2024\/11\/garridofotografos.com__JCG1520-1024x683.jpg 1024w, https:\/\/fundacionincipe.com\/wp-content\/uploads\/2024\/11\/garridofotografos.com__JCG1520-300x200.jpg 300w, https:\/\/fundacionincipe.com\/wp-content\/uploads\/2024\/11\/garridofotografos.com__JCG1520-768x512.jpg 768w, https:\/\/fundacionincipe.com\/wp-content\/uploads\/2024\/11\/garridofotografos.com__JCG1520-1536x1024.jpg 1536w, https:\/\/fundacionincipe.com\/wp-content\/uploads\/2024\/11\/garridofotografos.com__JCG1520-2048x1365.jpg 2048w\" sizes=\"(max-width: 1024px) 100vw, 1024px\" \/><button\n\t\t\tclass=\"lightbox-trigger\"\n\t\t\ttype=\"button\"\n\t\t\taria-haspopup=\"dialog\"\n\t\t\taria-label=\"Ampliar la imagen\"\n\t\t\tdata-wp-init=\"callbacks.initTriggerButton\"\n\t\t\tdata-wp-on-async--click=\"actions.showLightbox\"\n\t\t\tdata-wp-style--right=\"state.imageButtonRight\"\n\t\t\tdata-wp-style--top=\"state.imageButtonTop\"\n\t\t>\n\t\t\t<svg xmlns=\"http:\/\/www.w3.org\/2000\/svg\" width=\"12\" height=\"12\" fill=\"none\" viewBox=\"0 0 12 12\">\n\t\t\t\t<path fill=\"#fff\" d=\"M2 0a2 2 0 0 0-2 2v2h1.5V2a.5.5 0 0 1 .5-.5h2V0H2Zm2 10.5H2a.5.5 0 0 1-.5-.5V8H0v2a2 2 0 0 0 2 2h2v-1.5ZM8 12v-1.5h2a.5.5 0 0 0 .5-.5V8H12v2a2 2 0 0 1-2 2H8Zm2-12a2 2 0 0 1 2 2v2h-1.5V2a.5.5 0 0 0-.5-.5H8V0h2Z\" \/>\n\t\t\t<\/svg>\n\t\t<\/button><\/figure>\n<\/figure>\n","protected":false},"excerpt":{"rendered":"<p>El 7 de noviembre de 2024, INCIPE celebr\u00f3 el XIX Seminario Fuerzas Armadas y Medios de Comunicaci\u00f3n &#8220;El conflicto asim\u00e9trico en Oriente Medio&#8221;. Esta jornada cont\u00f3 con dos mesas redondas, tituladas &#8220;Situaci\u00f3n actual en los territorios palestinos e Israel&#8221; y &#8220;Consecuencias geoestrat\u00e9gicas del conflicto&#8221;<\/p>\n","protected":false},"author":3,"featured_media":18534,"comment_status":"open","ping_status":"closed","sticky":false,"template":"","format":"standard","meta":{"_acf_changed":false,"footnotes":""},"categories":[8],"tags":[],"class_list":["post-18535","post","type-post","status-publish","format-standard","has-post-thumbnail","hentry","category-conferencias-y-seminarios"],"acf":[],"_links":{"self":[{"href":"https:\/\/fundacionincipe.com\/index.php\/wp-json\/wp\/v2\/posts\/18535","targetHints":{"allow":["GET"]}}],"collection":[{"href":"https:\/\/fundacionincipe.com\/index.php\/wp-json\/wp\/v2\/posts"}],"about":[{"href":"https:\/\/fundacionincipe.com\/index.php\/wp-json\/wp\/v2\/types\/post"}],"author":[{"embeddable":true,"href":"https:\/\/fundacionincipe.com\/index.php\/wp-json\/wp\/v2\/users\/3"}],"replies":[{"embeddable":true,"href":"https:\/\/fundacionincipe.com\/index.php\/wp-json\/wp\/v2\/comments?post=18535"}],"version-history":[{"count":6,"href":"https:\/\/fundacionincipe.com\/index.php\/wp-json\/wp\/v2\/posts\/18535\/revisions"}],"predecessor-version":[{"id":20814,"href":"https:\/\/fundacionincipe.com\/index.php\/wp-json\/wp\/v2\/posts\/18535\/revisions\/20814"}],"wp:featuredmedia":[{"embeddable":true,"href":"https:\/\/fundacionincipe.com\/index.php\/wp-json\/wp\/v2\/media\/18534"}],"wp:attachment":[{"href":"https:\/\/fundacionincipe.com\/index.php\/wp-json\/wp\/v2\/media?parent=18535"}],"wp:term":[{"taxonomy":"category","embeddable":true,"href":"https:\/\/fundacionincipe.com\/index.php\/wp-json\/wp\/v2\/categories?post=18535"},{"taxonomy":"post_tag","embeddable":true,"href":"https:\/\/fundacionincipe.com\/index.php\/wp-json\/wp\/v2\/tags?post=18535"}],"curies":[{"name":"wp","href":"https:\/\/api.w.org\/{rel}","templated":true}]}}