{"id":17579,"date":"2022-12-16T10:39:00","date_gmt":"2022-12-16T10:39:00","guid":{"rendered":"https:\/\/fundacionincipe.com\/?p=17579"},"modified":"2024-10-14T10:41:34","modified_gmt":"2024-10-14T10:41:34","slug":"afganistan-hoy-impresiones-de-un-viaje","status":"publish","type":"post","link":"https:\/\/fundacionincipe.com\/index.php\/2022\/12\/16\/afganistan-hoy-impresiones-de-un-viaje\/","title":{"rendered":"Afganist\u00e1n hoy: impresiones de un viaje"},"content":{"rendered":"\n<p>Pilar Requena comenz\u00f3 su ponencia con una breve reflexi\u00f3n sobre sus impresiones en el que ha sido su primer viaje al pa\u00eds desde la ca\u00edda de Kabul y la toma del poder por parte de los talibanes. Con el apoyo de fuentes audiovisuales nos dibuja la imagen de una capital llena de vida y actividad, que nada tiene que ver con el anterior gobierno talib\u00e1n (1996-2001). Ya no se respira en Kabul la sensaci\u00f3n de un atentado inminente. Con todo, nos advierte que tales impresiones son solo la superficie de una situaci\u00f3n bien distinta, quedando al descubierto cuando uno empieza a indagar. Las circunstancias en <strong>las provincias son mucho peores de las que se dan en la capital afgana<\/strong>. Nos encontramos ante una situaci\u00f3n humanitaria tr\u00e1gica que de no ser por la presencia de Naciones Unidas ser\u00eda, en palabras de Pilar, \u201cel mayor de los infiernos\u201d.<\/p>\n\n\n\n<p>Entre los grandes problemas de Afganist\u00e1n subraya que <strong>m\u00e1s del 60% de su poblaci\u00f3n se halla bajo el umbral de la pobreza<\/strong>, incrementando el n\u00famero de enfermedades como la tuberculosis en una situaci\u00f3n sanitaria precaria y con las perspectivas de un invierno que promete ser m\u00e1s duro si cabe que el anterior. La situaci\u00f3n de las mujeres en la capital es menos precaria de c\u00f3mo se la suele describir, si bien no deja de ser grave. Muchas de ellas no llevan burka (ni siquiera hijab, que s\u00ed es obligatorio), salvo quiz\u00e1 en la recogida de ayuda humanitaria (algo m\u00e1s motivado por la verg\u00fcenza que por la normativa isl\u00e1mica) y algunas caminan solas. Pilar nos relata que los talibanes no est\u00e1n aplicando a rajatabla la vestimenta femenina oficial, un margen que en la capital muchas mujeres utilizan para preservar su anterior libertad. Con todo, en torno al 80%-90% de ellas se encuentran deprimidas ante su cambio de vida, condenadas al ostracismo en los \u00e1mbitos laboral y educativo. No obstante, y pese al miedo, en Kabul muchas de ellas trabajan y estudian en la clandestinidad, not\u00e1ndose una gran sororidad, activismo y apoyo entre s\u00ed. En otras palabras, una gran inclinaci\u00f3n a recuperar su espacio de libertad.<\/p>\n\n\n\n<p>Respecto a la ideolog\u00eda talib\u00e1n, y apoy\u00e1ndose en la opini\u00f3n de numerosos analistas, Pilar nos asegura que esta no ha cambiado pese a la cara amable y de apertura por parte de aquellos que sirven de pantalla al exterior. O lo que es lo mismo:&nbsp; meramente han aprendido la pr\u00e1ctica pol\u00edtica y dial\u00f3gica con visitantes internacionales. Tampoco se puede pretender horadar su unidad. Si bien existen diferencias respecto a temas como la educaci\u00f3n de las mujeres, su trabajo en ciertos puestos o la implantaci\u00f3n de la Sharia, lo que impera es la <strong>fidelidad absoluta a la dirigencia talib\u00e1n de Kandahar<\/strong>. Esta l\u00ednea dura, que no ha cambiado un \u00e1pice respecto a los a\u00f1os 90, vive aislada de los desarrollos que se dan en la capital y en la sociedad afgana. Es cuando uno dialoga con expertos, activistas y personas perseguidas en la clandestinidad, que percibe la realidad de las persecuciones, secuestros y desapariciones. Cualquier concesi\u00f3n se enmarca en clave de su intento por abrir la negociaci\u00f3n. <strong>El r\u00e9gimen aspira al reconocimiento internacional y a la ayuda econ\u00f3mica extranjera<\/strong> que garantice la viabilidad de su situaci\u00f3n. No pueden hacer caso omiso a los posos de una sociedad que ha cambiado, y que ahora aspira a una viabilidad econ\u00f3mica y de futuro.<\/p>\n\n\n\n<p>Seg\u00fan Requena, nadie desea el retorno al conflicto ni la vuelta al poder de los se\u00f1ores de la guerra. Tampoco lo hacen los talibanes, que ahora disfrutan de un Kabul reconstruido como no lo hicieron la \u00faltima vez y donde el \u00fanico enemigo real y violento es el Daesh. La negociaci\u00f3n a la que aspiran podr\u00eda culminar con un gobierno autoritario pero no monol\u00edtico, donde los representantes de las diferentes etnias pudieran tener voz. Concluye que los talibanes han llegado para quedarse, sinti\u00e9ndose c\u00f3modos en el poder, aspirando a una descongelaci\u00f3n de los fondos del Estado afgano y a un reconocimiento si no de iure al menos de facto de la comunidad internacional. Por \u00faltimo, nos deja con una pregunta: \u00bfHasta qu\u00e9 punto ser\u00e1 esto posible sin un compromiso real de cambio?<\/p>\n\n\n\n<p>Sof\u00eda Provencio<\/p>\n","protected":false},"excerpt":{"rendered":"<p>Pilar Requena comenz\u00f3 su ponencia con una breve reflexi\u00f3n sobre sus impresiones en el que ha sido su primer viaje al pa\u00eds desde la ca\u00edda de Kabul y la toma [&hellip;]<\/p>\n","protected":false},"author":3,"featured_media":17580,"comment_status":"open","ping_status":"closed","sticky":false,"template":"","format":"standard","meta":{"_acf_changed":false,"footnotes":""},"categories":[8],"tags":[],"class_list":["post-17579","post","type-post","status-publish","format-standard","has-post-thumbnail","hentry","category-conferencias-y-seminarios"],"acf":[],"_links":{"self":[{"href":"https:\/\/fundacionincipe.com\/index.php\/wp-json\/wp\/v2\/posts\/17579","targetHints":{"allow":["GET"]}}],"collection":[{"href":"https:\/\/fundacionincipe.com\/index.php\/wp-json\/wp\/v2\/posts"}],"about":[{"href":"https:\/\/fundacionincipe.com\/index.php\/wp-json\/wp\/v2\/types\/post"}],"author":[{"embeddable":true,"href":"https:\/\/fundacionincipe.com\/index.php\/wp-json\/wp\/v2\/users\/3"}],"replies":[{"embeddable":true,"href":"https:\/\/fundacionincipe.com\/index.php\/wp-json\/wp\/v2\/comments?post=17579"}],"version-history":[{"count":1,"href":"https:\/\/fundacionincipe.com\/index.php\/wp-json\/wp\/v2\/posts\/17579\/revisions"}],"predecessor-version":[{"id":17581,"href":"https:\/\/fundacionincipe.com\/index.php\/wp-json\/wp\/v2\/posts\/17579\/revisions\/17581"}],"wp:featuredmedia":[{"embeddable":true,"href":"https:\/\/fundacionincipe.com\/index.php\/wp-json\/wp\/v2\/media\/17580"}],"wp:attachment":[{"href":"https:\/\/fundacionincipe.com\/index.php\/wp-json\/wp\/v2\/media?parent=17579"}],"wp:term":[{"taxonomy":"category","embeddable":true,"href":"https:\/\/fundacionincipe.com\/index.php\/wp-json\/wp\/v2\/categories?post=17579"},{"taxonomy":"post_tag","embeddable":true,"href":"https:\/\/fundacionincipe.com\/index.php\/wp-json\/wp\/v2\/tags?post=17579"}],"curies":[{"name":"wp","href":"https:\/\/api.w.org\/{rel}","templated":true}]}}