{"id":17576,"date":"2023-02-06T10:35:00","date_gmt":"2023-02-06T10:35:00","guid":{"rendered":"https:\/\/fundacionincipe.com\/?p=17576"},"modified":"2025-03-03T13:02:47","modified_gmt":"2025-03-03T13:02:47","slug":"prioridades-de-la-presidencia-sueca-del-consejo-de-la-union-europea","status":"publish","type":"post","link":"https:\/\/fundacionincipe.com\/index.php\/2023\/02\/06\/prioridades-de-la-presidencia-sueca-del-consejo-de-la-union-europea\/","title":{"rendered":"Prioridades de la Presidencia sueca del Consejo de la Uni\u00f3n Europea"},"content":{"rendered":"\n<p>Al inicio de la ponencia, el embajador Teppo Tauriainen advierte de que S<strong>uecia asume la Presidencia del Consejo de la Uni\u00f3n Europea en un momento de inseguridad econ\u00f3mica, turbulencia geopol\u00edtica y desaf\u00edos hist\u00f3ricos<\/strong>. Por supuesto, la guerra de Ucrania seguir\u00e1 siendo un aspecto fundamental en tanto que se constituye como una lucha por los valores de Europa. Sin necesidad de enmarcar un lema oficial, <strong>Suecia pretende cumplir tres grandes objetivos<\/strong> durante el semestre en que asume la Presidencia de la UE: <strong>una Europa m\u00e1s verde, m\u00e1s segura y m\u00e1s libre<\/strong>. Y para ello, han identificado las siguientes \u00e1reas de prioridad: seguridad externa e interna, competitividad, transici\u00f3n ecol\u00f3gica y energ\u00e9tica, y la defensa de los valores democr\u00e1ticos y el Estado de Derecho.<\/p>\n\n\n\n<p>Con respecto a la seguridad, dado que no se prev\u00e9 un fin inmediato de la guerra de Ucrania, el embajador&nbsp;Tauriainen insiste en mantener la unidad europea para apoyar a este pa\u00eds y condenar a Rusia, contra la que ya se estudia imponer un d\u00e9cimo paquete de sanciones. Siguiendo el ejemplo de la anterior Presidencia checa, <strong>se seguir\u00e1 apostando por aplicar la br\u00fajula estrat\u00e9gica de la Uni\u00f3n<\/strong>, sin dejar de lado la lucha contra la delincuencia organizada transfronteriza. En cuanto al \u00e1rea de la competencia, el embajador considera que una Uni\u00f3n Europea econ\u00f3micamente abierta, fuerte y competitiva es crucial para el bienestar europeo. El buen funcionamiento del mercado interior de la Uni\u00f3n depende de su integridad y del respeto de las cuatro libertades fundamentales, y se debe dar mayor relevancia a medidas que refuercen la competitividad sin caer en el camino de subsidios excesivos ni una dependencia exclusiva de la energ\u00eda rusa o los minerales chinos.<\/p>\n\n\n\n<p>El \u00e1rea referida a la transici\u00f3n ecol\u00f3gica y energ\u00e9tica ocupa buena parte de la ponencia. Para el embajador, l<strong>a invasi\u00f3n de Rusia ha revelado las deficiencias del mercado energ\u00e9tico europeo<\/strong>, en el que se debe acelerar la electrificaci\u00f3n de los transportes y la industria. La Uni\u00f3n Europea tiene que seguir siendo l\u00edder mundial en la lucha contra el cambio clim\u00e1tico, y para ello, la Presidencia sueca est\u00e1 desarrollando una nueva regulaci\u00f3n de bater\u00edas y medidas para facilitar la producci\u00f3n de energ\u00eda sin combustibles f\u00f3siles.&nbsp;Tauriainen considera que la diversidad de los Estados miembros es una fortaleza con la que poder superar la crisis actual. No solo eso, sino que tambi\u00e9n <strong>es preciso promover la integridad institucional y los intereses estrat\u00e9gicos de la Uni\u00f3n Europea<\/strong>; salvaguardando valores como la libertad, la democracia y el Estado de Derecho.<\/p>\n\n\n\n<p>A ra\u00edz de las preguntas planteadas durante el debate, el embajador trata otros aspectos relevantes como la necesidad de seguir trabajando en un pacto de inmigraci\u00f3n, prestar atenci\u00f3n a lo que ocurre en el norte de \u00c1frica y Am\u00e9rica Latina y la importancia de que la UE y la OTAN trabajen conjuntamente para responder a los ciberataques. Asimismo, insta a que se colabore para que Ucrania cumpla los requisitos necesarios para ser miembro de la Uni\u00f3n Europea, sin obviar las solicitudes de otros candidatos.<\/p>\n\n\n\n<p>Para finalizar, el embajador confirma que <strong>Suecia mantendr\u00e1 su pol\u00edtica de desarme incluso cuando ingrese en la OTAN<\/strong>, un acontecimiento que espera que se d\u00e9 pronto y al mismo tiempo que su pa\u00eds vecino, Finlandia. Por su parte, el secretario general de INCIPE Manuel Alabart concluye afirmando que el testigo que recibir\u00e1 Espa\u00f1a en la Presidencia del Consejo ser\u00e1 ordenado y con perspectivas de \u00e9xito concretas.<\/p>\n\n\n\n<p class=\"has-small-font-size\">Jaime Osorio<\/p>\n\n\n\n<p class=\"has-small-font-size\">Asistente de Comunicaci\u00f3n, INCIPE<\/p>\n","protected":false},"excerpt":{"rendered":"<p>Al inicio de la ponencia, el embajador Teppo Tauriainen advierte de que Suecia asume la Presidencia del Consejo de la Uni\u00f3n Europea en un momento de inseguridad econ\u00f3mica, turbulencia geopol\u00edtica [&hellip;]<\/p>\n","protected":false},"author":3,"featured_media":17578,"comment_status":"open","ping_status":"closed","sticky":false,"template":"","format":"standard","meta":{"_acf_changed":false,"footnotes":""},"categories":[8],"tags":[],"class_list":["post-17576","post","type-post","status-publish","format-standard","has-post-thumbnail","hentry","category-conferencias-y-seminarios"],"acf":[],"_links":{"self":[{"href":"https:\/\/fundacionincipe.com\/index.php\/wp-json\/wp\/v2\/posts\/17576","targetHints":{"allow":["GET"]}}],"collection":[{"href":"https:\/\/fundacionincipe.com\/index.php\/wp-json\/wp\/v2\/posts"}],"about":[{"href":"https:\/\/fundacionincipe.com\/index.php\/wp-json\/wp\/v2\/types\/post"}],"author":[{"embeddable":true,"href":"https:\/\/fundacionincipe.com\/index.php\/wp-json\/wp\/v2\/users\/3"}],"replies":[{"embeddable":true,"href":"https:\/\/fundacionincipe.com\/index.php\/wp-json\/wp\/v2\/comments?post=17576"}],"version-history":[{"count":3,"href":"https:\/\/fundacionincipe.com\/index.php\/wp-json\/wp\/v2\/posts\/17576\/revisions"}],"predecessor-version":[{"id":21155,"href":"https:\/\/fundacionincipe.com\/index.php\/wp-json\/wp\/v2\/posts\/17576\/revisions\/21155"}],"wp:featuredmedia":[{"embeddable":true,"href":"https:\/\/fundacionincipe.com\/index.php\/wp-json\/wp\/v2\/media\/17578"}],"wp:attachment":[{"href":"https:\/\/fundacionincipe.com\/index.php\/wp-json\/wp\/v2\/media?parent=17576"}],"wp:term":[{"taxonomy":"category","embeddable":true,"href":"https:\/\/fundacionincipe.com\/index.php\/wp-json\/wp\/v2\/categories?post=17576"},{"taxonomy":"post_tag","embeddable":true,"href":"https:\/\/fundacionincipe.com\/index.php\/wp-json\/wp\/v2\/tags?post=17576"}],"curies":[{"name":"wp","href":"https:\/\/api.w.org\/{rel}","templated":true}]}}