{"id":17499,"date":"2023-06-08T12:49:00","date_gmt":"2023-06-08T12:49:00","guid":{"rendered":"https:\/\/fundacionincipe.com\/?p=17499"},"modified":"2024-10-10T12:53:49","modified_gmt":"2024-10-10T12:53:49","slug":"la-presidencia-de-espana-del-consejo-de-la-ue-ante-la-politica-de-seguridad-y-defensa-europea-2","status":"publish","type":"post","link":"https:\/\/fundacionincipe.com\/index.php\/2023\/06\/08\/la-presidencia-de-espana-del-consejo-de-la-ue-ante-la-politica-de-seguridad-y-defensa-europea-2\/","title":{"rendered":"La Presidencia de Espa\u00f1a del Consejo de la UE ante la Pol\u00edtica de Seguridad y Defensa Europea"},"content":{"rendered":"\n<p>El DIGENPOL ha iniciado su participaci\u00f3n destacando que la <a href=\"https:\/\/www.defensa.gob.es\/defensa\/politicadefensa\/directivadefensa\/\" target=\"_blank\" rel=\"noreferrer noopener\">Directiva de Defensa Nacional<\/a> tiene como objetivo aplicar un multilateralismo eficaz en las acciones exteriores. Es importante destacarlo, ya que el multilateralismo puede estar siendo reemplazado paulatinamente por el bilateralismo, lo cual ha causado problemas en diversos aspectos. Del mismo modo, se\u00f1ala que <strong>Espa\u00f1a cree firmemente en el multilateralismo y lo promueve<\/strong>. En este aspecto, se mantiene a las Naciones Unidas como la principal referencia en asuntos de legitimidad. Adem\u00e1s, se impulsa el liderazgo de Espa\u00f1a en el avance de la Pol\u00edtica Com\u00fan de Seguridad y Defensa de la Uni\u00f3n Europea, al mismo tiempo que se tiene un claro compromiso con la OTAN como garante de la defensa colectiva. Esta triada es clave y siempre est\u00e1 presente.<\/p>\n\n\n\n<p>Es un hecho que la Guerra en Ucrania ha influido y seguir\u00e1 influyendo en la pol\u00edtica de defensa de todos los pa\u00edses europeos, en particular de Espa\u00f1a y de toda la UE. El inicio de la invasi\u00f3n coincidi\u00f3 con la publicaci\u00f3n de la <strong>Br\u00fajula Estrat\u00e9gica<\/strong>, cuyo objetivo es construir una cultura estrat\u00e9gica com\u00fan entre los 27 miembros, fortaleciendo la unidad y la solidaridad. Adem\u00e1s, se busca potenciar la capacidad y la voluntad de trabajar juntos para proteger nuestros intereses y valores. Todo conduce a invertir m\u00e1s y mejor en seguridad y defensa, con el objetivo de desarrollar una UE m\u00e1s fuerte y que act\u00fae como \u00abun proveedor global de seguridad\u00bb.<\/p>\n\n\n\n<p>El DIGENPOL detalla que muchos de los objetivos planteados por la B<strong>r\u00fajula Estrat\u00e9gica se engloban en cuatro pilares fundamentales: actuar, proteger, invertir y asociarse<\/strong>. Se\u00f1ala que es necesario alcanzar muchos de estos objetivos durante el segundo semestre de 2023, periodo que coincide con la Presidencia espa\u00f1ola del Consejo de la UE. Por esta raz\u00f3n, el Ministerio de Defensa ha adoptado la Br\u00fajula&nbsp;Estrat\u00e9gica como referencia principal para elaborar el programa del Ministerio de Defensa durante la Presidencia del Consejo. Adem\u00e1s, se ha incluido el proceso de Versalles.<\/p>\n\n\n\n<p>El Ministerio de Defensa ha establecido una serie de prioridades, objetivos y eventos para este segundo semestre de 2023, planteados bajo el prisma de los principios que Espa\u00f1a ha venido defendiendo. Destaca la visi\u00f3n de Espa\u00f1a sobre la capacidad de actuar con autonom\u00eda dentro de la UE, lo cual debe lograrse con los siguientes par\u00e1metros: una <strong>fuerza militar cre\u00edble, recursos suficientes y una voluntad de actuar en conjunto<\/strong>. La idea de autonom\u00eda o responsabilidad estrat\u00e9gica debe ser la base de todos los esfuerzos.<\/p>\n\n\n\n<p>Adem\u00e1s, el DIGENPOL desglosa las prioridades de la Presidencia espa\u00f1ola en el Consejo de la UE en materia de defensa, las cuales se dividen en cuatro categor\u00edas con implicaciones adicionales. Estas categor\u00edas son: mejorar la capacidad de actuaci\u00f3n de la UE, garantizar el acceso a los espacios comunes globales, impulsar la agenda futura de la UE y fortalecer los v\u00ednculos con Iberoam\u00e9rica. En relaci\u00f3n a este \u00faltimo punto, se busca que Espa\u00f1a act\u00fae como un puente entre Iberoam\u00e9rica y Europa, fomentando la relaci\u00f3n entre la OTAN y la UE y coordinando acciones entre ambas organizaciones para lograr coherencia.<\/p>\n\n\n\n<p>Al final de la sesi\u00f3n tuvo lugar un debate, en el que los participantes formularon algunas preguntas sobre temas como las amenazas en el sur de Espa\u00f1a y su relevancia en la agenda actual, especialmente a ra\u00edz de la emergencia que representa la situaci\u00f3n en Ucrania. Tambi\u00e9n se debati\u00f3 sobre la seguridad mar\u00edtima tanto en Europa como en Espa\u00f1a, entre otros asuntos.<\/p>\n\n\n\n<p>Danela Bordones<\/p>\n","protected":false},"excerpt":{"rendered":"<p>El DIGENPOL ha iniciado su participaci\u00f3n destacando que la Directiva de Defensa Nacional tiene como objetivo aplicar un multilateralismo eficaz en las acciones exteriores. Es importante destacarlo, ya que el [&hellip;]<\/p>\n","protected":false},"author":3,"featured_media":17500,"comment_status":"open","ping_status":"closed","sticky":false,"template":"","format":"standard","meta":{"_acf_changed":false,"footnotes":""},"categories":[8],"tags":[],"class_list":["post-17499","post","type-post","status-publish","format-standard","has-post-thumbnail","hentry","category-conferencias-y-seminarios"],"acf":[],"_links":{"self":[{"href":"https:\/\/fundacionincipe.com\/index.php\/wp-json\/wp\/v2\/posts\/17499","targetHints":{"allow":["GET"]}}],"collection":[{"href":"https:\/\/fundacionincipe.com\/index.php\/wp-json\/wp\/v2\/posts"}],"about":[{"href":"https:\/\/fundacionincipe.com\/index.php\/wp-json\/wp\/v2\/types\/post"}],"author":[{"embeddable":true,"href":"https:\/\/fundacionincipe.com\/index.php\/wp-json\/wp\/v2\/users\/3"}],"replies":[{"embeddable":true,"href":"https:\/\/fundacionincipe.com\/index.php\/wp-json\/wp\/v2\/comments?post=17499"}],"version-history":[{"count":2,"href":"https:\/\/fundacionincipe.com\/index.php\/wp-json\/wp\/v2\/posts\/17499\/revisions"}],"predecessor-version":[{"id":17502,"href":"https:\/\/fundacionincipe.com\/index.php\/wp-json\/wp\/v2\/posts\/17499\/revisions\/17502"}],"wp:featuredmedia":[{"embeddable":true,"href":"https:\/\/fundacionincipe.com\/index.php\/wp-json\/wp\/v2\/media\/17500"}],"wp:attachment":[{"href":"https:\/\/fundacionincipe.com\/index.php\/wp-json\/wp\/v2\/media?parent=17499"}],"wp:term":[{"taxonomy":"category","embeddable":true,"href":"https:\/\/fundacionincipe.com\/index.php\/wp-json\/wp\/v2\/categories?post=17499"},{"taxonomy":"post_tag","embeddable":true,"href":"https:\/\/fundacionincipe.com\/index.php\/wp-json\/wp\/v2\/tags?post=17499"}],"curies":[{"name":"wp","href":"https:\/\/api.w.org\/{rel}","templated":true}]}}