{"id":17492,"date":"2023-07-20T12:41:00","date_gmt":"2023-07-20T12:41:00","guid":{"rendered":"https:\/\/fundacionincipe.com\/?p=17492"},"modified":"2024-10-10T12:42:32","modified_gmt":"2024-10-10T12:42:32","slug":"la-otan-tras-la-cumbre-de-vilna","status":"publish","type":"post","link":"https:\/\/fundacionincipe.com\/index.php\/2023\/07\/20\/la-otan-tras-la-cumbre-de-vilna\/","title":{"rendered":"La OTAN tras la Cumbre de Vilna"},"content":{"rendered":"\n<p>Federico Torres Muro comenz\u00f3 su intervenci\u00f3n se\u00f1alando el \u00e9xito, en l\u00edneas generales, de esta Cumbre en la cual han participado los jefes de Estado y de Gobierno de los 31 miembros de la Alianza m\u00e1s Suecia, como estado invitado. Torres Muro explica, esta era una Cumbre que presentaba algunos retos coyunturales y ten\u00eda que responder a otros <strong>retos <\/strong>de car\u00e1cter m\u00e1s estructural, con la mirada puesta en las dos grandes amenazas: la <strong>Guerra de Ucrania<\/strong> y el <strong>terrorismo<\/strong>.<\/p>\n\n\n\n<p>A continuaci\u00f3n, el embajador pas\u00f3 a desgranar las<strong> tres sesiones <\/strong>que tuvieron lugar a lo largo de la Cumbre. La <strong>primera<\/strong> de ellas, de car\u00e1cter interno, sirvi\u00f3 para aprobar los <strong>planes regionales<\/strong> que rigen las actividades de la OTAN. Adem\u00e1s, se renov\u00f3 el compromiso de inversi\u00f3n y defensa firmado en 2014, conocido como <strong>Compromiso de Gales<\/strong>, en el que se fijaba asignar el <strong>2% del PIB a inversi\u00f3n en defensa<\/strong>. Se aprob\u00f3 tambi\u00e9n el plan de acci\u00f3n para la promoci\u00f3n de la producci\u00f3n de la industria de defensa y un plan multianual de apoyo al sector de la defensa de Ucrania.<\/p>\n\n\n\n<p>La <strong>segunda<\/strong> sesi\u00f3n se centr\u00f3 en los <strong>socios del Asia-Pac\u00edfico-4 (Australia, Corea del Sur, Jap\u00f3n y Nueva Zelanda)<\/strong> junto con los representantes de la Uni\u00f3n Europea. En ella se realiz\u00f3 un an\u00e1lisis de los retos y las amenazas al orden internacional. Se habl\u00f3 de<strong> China<\/strong> y de c\u00f3mo la OTAN afirma seguir abierta a una relaci\u00f3n constructiva, pero sin olvidar que hay elementos que preocupan a los aliados, como la carrera armament\u00edstica china o su relaci\u00f3n con Rusia. Se habl\u00f3 tambi\u00e9n del hecho de que <strong>el concepto de seguridad y defensa est\u00e1 evolucionando<\/strong> en estos momentos; ya no puede tratarse de forma estrictamente geogr\u00e1fica, y hay que tratar nuevos dominios, como el ciberespacio o el espacio exterior.<\/p>\n\n\n\n<p>En la <strong>tercera<\/strong> sesi\u00f3n, que cont\u00f3 con la presencia del presidente ucraniano <strong>Volod\u00edmir Zelenski<\/strong>, se constituy\u00f3 el Consejo OTAN-Ucrania. Adem\u00e1s, de forma paralela, se formaliz\u00f3 el acuerdo del G7, los conocidos como <strong>arreglos de seguridad<\/strong>, al que se adhirieron algunos aliados, Espa\u00f1a entre ellos. Los tres elementos fundamentales de estos arreglos consisten en: <strong>apoyo en el \u00e1mbito de la defensa<\/strong>, apoyo a la estabilidad econ\u00f3mica de Ucrania y a la <strong>reconstrucci\u00f3n del pa\u00eds<\/strong>, y apoyo financiero y t\u00e9cnico para hacer posible el <strong>refuerzo de la agenda de buen gobierno<\/strong> de las autoridades ucranianas. Asimismo, Ucrania asume dos compromisos: fortalecer la <strong>transparencia<\/strong> e implementar <strong>reformas en su arquitectura institucional<\/strong>, fortaleciendo el estado de derecho, la democracia y el respeto a los derechos humanos.<\/p>\n\n\n\n<p>Otro aspecto tratado en la Cumbre, en el que Espa\u00f1a tiene gran inter\u00e9s y que se ve reflejado en el p\u00e1rrafo 22 del comunicado, es la necesidad de <strong>reforzar la pol\u00edtica de la OTAN hacia el \u2018flanco sur\u2019<\/strong>. Para ello se establecieron dos pilares fundamentales: fortalecer el di\u00e1logo pol\u00edtico y reforzar las capacidades en materia de defensa.<\/p>\n\n\n\n<p>Respecto al papel de Espa\u00f1a en esta Cumbre, Torres destaca el anuncio del compromiso de desplegar nuevas fuerzas en Eslovaquia y Ruman\u00eda, reforzando su contribuci\u00f3n a la <strong>defensa colectiva<\/strong>, y su apoyo a Ucrania con el mencionado acuerdo del G7.<\/p>\n\n\n\n<p>Al final de la sesi\u00f3n tuvo lugar un debate, en el que los participantes formularon algunas preguntas relativas a temas como el <strong>ingreso de Ucrania en la OTAN<\/strong>, y c\u00f3mo no es previsible que este ocurra mientras dure la guerra. Tambi\u00e9n se habl\u00f3 sobre el <strong>levantamiento del veto de Turqu\u00eda a Suecia<\/strong> y la relaci\u00f3n que este tiene con la lucha contra el terrorismo. Se debati\u00f3 adem\u00e1s sobre la <strong>ampliaci\u00f3n de la OTAN hacia el este<\/strong>, sobre el gasto en defensa de Espa\u00f1a y la <strong>opini\u00f3n p\u00fablica<\/strong>, y finalmente sobre las perspectivas de <strong>cooperaci\u00f3n industrial<\/strong> en la OTAN y la necesidad de coordinar y complementar estos esfuerzos con la Uni\u00f3n Europea.<\/p>\n","protected":false},"excerpt":{"rendered":"<p>Federico Torres Muro comenz\u00f3 su intervenci\u00f3n se\u00f1alando el \u00e9xito, en l\u00edneas generales, de esta Cumbre en la cual han participado los jefes de Estado y de Gobierno de los 31 [&hellip;]<\/p>\n","protected":false},"author":3,"featured_media":17491,"comment_status":"open","ping_status":"closed","sticky":false,"template":"","format":"standard","meta":{"_acf_changed":false,"footnotes":""},"categories":[8],"tags":[],"class_list":["post-17492","post","type-post","status-publish","format-standard","has-post-thumbnail","hentry","category-conferencias-y-seminarios"],"acf":[],"_links":{"self":[{"href":"https:\/\/fundacionincipe.com\/index.php\/wp-json\/wp\/v2\/posts\/17492","targetHints":{"allow":["GET"]}}],"collection":[{"href":"https:\/\/fundacionincipe.com\/index.php\/wp-json\/wp\/v2\/posts"}],"about":[{"href":"https:\/\/fundacionincipe.com\/index.php\/wp-json\/wp\/v2\/types\/post"}],"author":[{"embeddable":true,"href":"https:\/\/fundacionincipe.com\/index.php\/wp-json\/wp\/v2\/users\/3"}],"replies":[{"embeddable":true,"href":"https:\/\/fundacionincipe.com\/index.php\/wp-json\/wp\/v2\/comments?post=17492"}],"version-history":[{"count":1,"href":"https:\/\/fundacionincipe.com\/index.php\/wp-json\/wp\/v2\/posts\/17492\/revisions"}],"predecessor-version":[{"id":17493,"href":"https:\/\/fundacionincipe.com\/index.php\/wp-json\/wp\/v2\/posts\/17492\/revisions\/17493"}],"wp:featuredmedia":[{"embeddable":true,"href":"https:\/\/fundacionincipe.com\/index.php\/wp-json\/wp\/v2\/media\/17491"}],"wp:attachment":[{"href":"https:\/\/fundacionincipe.com\/index.php\/wp-json\/wp\/v2\/media?parent=17492"}],"wp:term":[{"taxonomy":"category","embeddable":true,"href":"https:\/\/fundacionincipe.com\/index.php\/wp-json\/wp\/v2\/categories?post=17492"},{"taxonomy":"post_tag","embeddable":true,"href":"https:\/\/fundacionincipe.com\/index.php\/wp-json\/wp\/v2\/tags?post=17492"}],"curies":[{"name":"wp","href":"https:\/\/api.w.org\/{rel}","templated":true}]}}